{"id":521654,"date":"2025-11-09T00:34:18","date_gmt":"2025-11-09T00:34:18","guid":{"rendered":"https:\/\/www.europesays.com\/fr\/521654\/"},"modified":"2025-11-09T00:34:18","modified_gmt":"2025-11-09T00:34:18","slug":"guerre-en-ukraine-des-frappes-massives-russes-font-quatre-morts-et-plusieurs-blesses","status":"publish","type":"post","link":"https:\/\/www.europesays.com\/fr\/521654\/","title":{"rendered":"Guerre en Ukraine\u00a0: des frappes massives russes font quatre morts et plusieurs bless\u00e9s"},"content":{"rendered":"<p>\n                                                                    l&rsquo;essentiel<br \/>\n                                                                Ce samedi 8\u00a0novembre, l\u2019Ukraine a \u00e9t\u00e9 vis\u00e9e par une nouvelle s\u00e9rie de frappes de drones et de missiles russes qui ont endommag\u00e9 les infrastructures \u00e9nerg\u00e9tiques. Quatre personnes y ont perdu la vie.\n                            <\/p>\n<p>Depuis plusieurs semaines, les frappes russes s\u2019intensifient sur les centrales \u00e9lectriques et installations gazi\u00e8res ukrainiennes. Dans la nuit du vendredi\u00a07 au samedi 8\u00a0novembre, la Russie a tir\u00e9 458 drones et 45 missiles sur le pays, selon l\u2019arm\u00e9e de l\u2019air ukrainienne. Elle a assur\u00e9 avoir abattu respectivement 409 drones et neuf missiles. Ces frappes ont engendr\u00e9 des coupures de courant, y compris dans la capitale, Kiev.<\/p>\n<p class=\"std-elt__inline\">\n        <strong>\u00c0 lire aussi :<\/strong><br \/>\n        <a href=\"https:\/\/www.ladepeche.fr\/2025\/11\/08\/direct-guerre-en-ukraine-la-russie-cible-de-nouveau-les-infrastructures-energetiques-dans-la-nuit-13039718.php\" rel=\"nofollow noopener\" target=\"_blank\">REPLAY. Guerre en Ukraine\u00a0: un policier tu\u00e9 par un drone russe pr\u00e8s de Kramatorsk<\/a>\n    <\/p>\n<p>De son c\u00f4t\u00e9, le chef de la diplomatie ukrainienne a rapport\u00e9 que ces frappes avaient \u00ab\u00a0d\u00e9truit des infrastructures essentielles et endommag\u00e9 les r\u00e9seaux ferroviaires\u00a0\u00bb. Elles ont priv\u00e9 \u00ab\u00a0les gens d\u2019\u00e9lectricit\u00e9, d\u2019eau et de chauffage\u00a0\u00bb.<\/p>\n<p>Un bilan humain lourd<\/p>\n<p>\u00c0 Dnipro, grande ville du centre-est de l\u2019Ukraine, un immeuble r\u00e9sidentiel a \u00e9t\u00e9 touch\u00e9 par un drone, tuant trois personnes et faisant plusieurs bless\u00e9s, selon son maire, Boris Filatov. Une personne a aussi \u00e9t\u00e9 tu\u00e9e \u00e0 Kharkiv (nord-est), selon Volodymyr Zelensky, le pr\u00e9sident ukrainien.<\/p>\n<p class=\"std-elt__inline\">\n        <strong>\u00c0 lire aussi :<\/strong><br \/>\n        <a href=\"https:\/\/www.ladepeche.fr\/2025\/11\/07\/ton-sourire-ne-te-quittait-jamais-anton-bondarenko-fixeur-en-ukraine-pour-tf1-et-lci-est-mort-sur-le-front-13038891.php\" rel=\"nofollow noopener\" target=\"_blank\">\u00ab\u00a0Ton sourire ne te quittait jamais\u00a0\u00bb\u00a0: Anton Bondarenko, fixeur en Ukraine pour TF1 et LCI, est mort sur le front<\/a>\n    <\/p>\n<p>Alors que les n\u00e9gociations engag\u00e9es par Donald Trump avec Vladimir Poutine et Volodymyr Zelensky sont au point mort, l\u2019arm\u00e9e russe progresse sur le front. Elle contr\u00f4le totalement ou partiellement 20\u00a0% du territoire ukrainien, selon l\u2019analyse par l\u2019AFP des donn\u00e9es fournies par l\u2019Institut am\u00e9ricain pour l\u2019\u00e9tude de la guerre (ISW).<\/p>\n","protected":false},"excerpt":{"rendered":"l&rsquo;essentiel Ce samedi 8\u00a0novembre, l\u2019Ukraine a \u00e9t\u00e9 vis\u00e9e par une nouvelle s\u00e9rie de frappes de drones et de&hellip;\n","protected":false},"author":2,"featured_media":521655,"comment_status":"","ping_status":"","sticky":false,"template":"","format":"standard","meta":{"footnotes":""},"categories":[1591],"tags":[11,1887,12,1885,1886,132],"class_list":{"0":"post-521654","1":"post","2":"type-post","3":"status-publish","4":"format-standard","5":"has-post-thumbnail","7":"category-russie","8":"tag-actualites","9":"tag-federation-de-russie","10":"tag-news","11":"tag-russia","12":"tag-russian-federation","13":"tag-russie"},"share_on_mastodon":{"url":"https:\/\/pubeurope.com\/@fr\/115516936310916186","error":""},"_links":{"self":[{"href":"https:\/\/www.europesays.com\/fr\/wp-json\/wp\/v2\/posts\/521654","targetHints":{"allow":["GET"]}}],"collection":[{"href":"https:\/\/www.europesays.com\/fr\/wp-json\/wp\/v2\/posts"}],"about":[{"href":"https:\/\/www.europesays.com\/fr\/wp-json\/wp\/v2\/types\/post"}],"author":[{"embeddable":true,"href":"https:\/\/www.europesays.com\/fr\/wp-json\/wp\/v2\/users\/2"}],"replies":[{"embeddable":true,"href":"https:\/\/www.europesays.com\/fr\/wp-json\/wp\/v2\/comments?post=521654"}],"version-history":[{"count":0,"href":"https:\/\/www.europesays.com\/fr\/wp-json\/wp\/v2\/posts\/521654\/revisions"}],"wp:featuredmedia":[{"embeddable":true,"href":"https:\/\/www.europesays.com\/fr\/wp-json\/wp\/v2\/media\/521655"}],"wp:attachment":[{"href":"https:\/\/www.europesays.com\/fr\/wp-json\/wp\/v2\/media?parent=521654"}],"wp:term":[{"taxonomy":"category","embeddable":true,"href":"https:\/\/www.europesays.com\/fr\/wp-json\/wp\/v2\/categories?post=521654"},{"taxonomy":"post_tag","embeddable":true,"href":"https:\/\/www.europesays.com\/fr\/wp-json\/wp\/v2\/tags?post=521654"}],"curies":[{"name":"wp","href":"https:\/\/api.w.org\/{rel}","templated":true}]}}