{"id":521656,"date":"2025-11-09T00:35:24","date_gmt":"2025-11-09T00:35:24","guid":{"rendered":"https:\/\/www.europesays.com\/fr\/521656\/"},"modified":"2025-11-09T00:35:24","modified_gmt":"2025-11-09T00:35:24","slug":"quatre-morts-et-dimportantes-coupures-de-courant-apres-des-frappes-russes-massives","status":"publish","type":"post","link":"https:\/\/www.europesays.com\/fr\/521656\/","title":{"rendered":"quatre morts et d\u2019importantes coupures de courant apr\u00e8s des frappes russes massives"},"content":{"rendered":"<p>L\u2019Ukraine a \u00e9t\u00e9 vis\u00e9e, dans la nuit de vendredi \u00e0 samedi, par une nouvelle s\u00e9rie de frappes de drones et de missiles russes, qui ont\u00a0fait au moins quatre morts, endommag\u00e9 les infrastructures \u00e9nerg\u00e9tiques du pays et provoqu\u00e9 des coupures de courant, y compris \u00e0 Kiev, la capitale.\u00a0Dans la nuit, l\u2019arm\u00e9e russe a tir\u00e9 un total de 458 drones et 45 missiles, selon l\u2019arm\u00e9e de l\u2019air ukrainienne, qui assure avoir abattu respectivement 409 drones et neuf missiles.<\/p>\n<p>\u00c0 Dnipro, une grande ville du centre-est du pays, un immeuble r\u00e9sidentiel a \u00e9t\u00e9 touch\u00e9 par un drone, qui, selon le maire, a fait trois morts et plusieurs bless\u00e9s. Une personne a aussi \u00e9t\u00e9 tu\u00e9e \u00e0 Kharkiv, dans le nord-est, selon Volodymyr Zelensky.<\/p>\n<p>Des \u00ab\u00a0infrastructures essentielles\u00a0\u00bb d\u00e9truites<\/p>\n<p>\u00ab\u00a0Les travaux de restauration se poursuivent apr\u00e8s l\u2019attaque nocturne. Il s\u2019agissait d\u2019une attaque massive, avec de nombreux missiles balistiques\u00a0\u00bb, a soulign\u00e9 sur Telegram le pr\u00e9sident ukrainien. Il a estim\u00e9 que la \u00ab\u00a0pression exerc\u00e9e sur la Russie est insuffisante\u00a0\u00bb, regrettant les \u00ab\u00a0r\u00e9ponses timides \u00e0 l\u2019audace\u00a0\u00bb du Kremlin.<\/p>\n<p>Le chef de la diplomatie ukrainienne a, de son c\u00f4t\u00e9, rapport\u00e9 que ces frappes ont \u00ab\u00a0d\u00e9truit des infrastructures essentielles et endommag\u00e9 les r\u00e9seaux ferroviaires\u00a0\u00bb, privant \u00ab\u00a0les gens d\u2019\u00e9lectricit\u00e9, d\u2019eau et de chauffage\u00a0\u00bb.<\/p>\n<p>Plusieurs r\u00e9gions ont annonc\u00e9 des coupures d\u2019\u00e9lectricit\u00e9 d\u2019urgence et des interruptions de l\u2019approvisionnement en eau. Ces coupures touchent aussi Kiev et sa r\u00e9gion, selon l\u2019op\u00e9rateur DTEK. La compagnie gazi\u00e8re Naftogaz a \u00e9galement fait \u00e9tat de d\u00e9g\u00e2ts sur ses installations fournissant du chauffage aux habitants.<\/p>\n<p>D\u2019importants retards sont \u00e0 d\u00e9plorer sur les r\u00e9seaux ferr\u00e9s, a pr\u00e9venu le ministre de la Restauration Oleksi\u00ef Kouleba, accusant la Russie d\u2019avoir intensifi\u00e9 ses attaques contre les d\u00e9p\u00f4ts de locomotives.<\/p>\n<p>Comme lors de chaque vague de frappes, le minist\u00e8re russe de la D\u00e9fense a affirm\u00e9 avoir vis\u00e9 \u00ab\u00a0des entreprises du complexe militaro-industriel ukrainien et des installations gazi\u00e8res et \u00e9nerg\u00e9tiques qui soutiennent leurs op\u00e9rations\u00a0\u00bb.<\/p>\n<p>Un hiver qui s\u2019annonce encore difficile<\/p>\n<p>Les frappes russes, qui rappellent les campagnes des ann\u00e9es pr\u00e9c\u00e9dentes qui avaient par moments plong\u00e9 des millions de personnes dans le noir en Ukraine, font craindre un hiver rude pour les civils.\u00a0Le directeur du Centre ukrainien de recherche sur l\u2019\u00e9nergie Oleksandre Khartchenko avait averti, mercredi, que le pays court un \u00ab\u00a0risque significatif\u00a0\u00bb de coupures de chauffage, cet hiver.<\/p>\n<p>Selon un rapport, publi\u00e9 fin octobre, par l\u2019\u00c9cole d\u2019\u00e9conomie de Kiev, \u00ab\u00a027\u00a0% de la demande en \u00e9lectricit\u00e9 ne pourra \u00eatre satisfaite\u00a0\u00bb cet hiver, en raison des dommages caus\u00e9s aux installations \u00e9nerg\u00e9tiques.<\/p>\n<p>L\u2019Ukraine vise de son c\u00f4t\u00e9 quasiment chaque semaine des d\u00e9p\u00f4ts et raffineries de p\u00e9trole en Russie, avec l\u2019objectif de perturber les exportations de p\u00e9trole et de r\u00e9duire le financement de l\u2019effort de guerre de la Russie. Elle a aussi d\u00e9j\u00e0 cibl\u00e9 des centrales \u00e9lectriques et des conduites d\u2019hydrocarbures, y compris certaines approvisionnant l\u2019Europe.<\/p>\n<p>Les combats se poursuivent autour de la ville\u00a0Pokrovsk, dans la r\u00e9gion de Donetsk, dans l\u2019est du pays, <a target=\"_self\" href=\"https:\/\/www.lanouvellerepublique.fr\/a-la-une\/pokrovsk-une-ville-cruciale-pour-l-avenir-de-l-ukraine-et-de-l-europe-1762286129\" rel=\"nofollow noopener\">qui pourrait tomber prochainement<\/a>. L\u2019\u00c9tat-major ukrainien a d\u00e9menti tout encerclement la ville, qui constitue un important n\u0153ud logistique pour l\u2019arm\u00e9e ukrainienne. Mais la situation y reste critique, selon de nombreux t\u00e9moignages.<\/p>\n","protected":false},"excerpt":{"rendered":"L\u2019Ukraine a \u00e9t\u00e9 vis\u00e9e, dans la nuit de vendredi \u00e0 samedi, par une nouvelle s\u00e9rie de frappes de&hellip;\n","protected":false},"author":2,"featured_media":521657,"comment_status":"","ping_status":"","sticky":false,"template":"","format":"standard","meta":{"footnotes":""},"categories":[1590],"tags":[328,11,1777,674,329,74,12,132,220],"class_list":{"0":"post-521656","1":"post","2":"type-post","3":"status-publish","4":"format-standard","5":"has-post-thumbnail","7":"category-ukraine","8":"tag-a-la-une","9":"tag-actualites","10":"tag-eu","11":"tag-europe","12":"tag-france-monde","13":"tag-monde","14":"tag-news","15":"tag-russie","16":"tag-ukraine"},"share_on_mastodon":{"url":"https:\/\/pubeurope.com\/@fr\/115516940199053286","error":""},"_links":{"self":[{"href":"https:\/\/www.europesays.com\/fr\/wp-json\/wp\/v2\/posts\/521656","targetHints":{"allow":["GET"]}}],"collection":[{"href":"https:\/\/www.europesays.com\/fr\/wp-json\/wp\/v2\/posts"}],"about":[{"href":"https:\/\/www.europesays.com\/fr\/wp-json\/wp\/v2\/types\/post"}],"author":[{"embeddable":true,"href":"https:\/\/www.europesays.com\/fr\/wp-json\/wp\/v2\/users\/2"}],"replies":[{"embeddable":true,"href":"https:\/\/www.europesays.com\/fr\/wp-json\/wp\/v2\/comments?post=521656"}],"version-history":[{"count":0,"href":"https:\/\/www.europesays.com\/fr\/wp-json\/wp\/v2\/posts\/521656\/revisions"}],"wp:featuredmedia":[{"embeddable":true,"href":"https:\/\/www.europesays.com\/fr\/wp-json\/wp\/v2\/media\/521657"}],"wp:attachment":[{"href":"https:\/\/www.europesays.com\/fr\/wp-json\/wp\/v2\/media?parent=521656"}],"wp:term":[{"taxonomy":"category","embeddable":true,"href":"https:\/\/www.europesays.com\/fr\/wp-json\/wp\/v2\/categories?post=521656"},{"taxonomy":"post_tag","embeddable":true,"href":"https:\/\/www.europesays.com\/fr\/wp-json\/wp\/v2\/tags?post=521656"}],"curies":[{"name":"wp","href":"https:\/\/api.w.org\/{rel}","templated":true}]}}