{"id":521658,"date":"2025-11-09T00:36:18","date_gmt":"2025-11-09T00:36:18","guid":{"rendered":"https:\/\/www.europesays.com\/fr\/521658\/"},"modified":"2025-11-09T00:36:18","modified_gmt":"2025-11-09T00:36:18","slug":"le-president-syrien-ahmad-al-charaa-arrive-aux-etats-unis","status":"publish","type":"post","link":"https:\/\/www.europesays.com\/fr\/521658\/","title":{"rendered":"Le pr\u00e9sident syrien Ahmad Al-Charaa arrive aux \u00c9tats-Unis"},"content":{"rendered":"<p>\n    Lors de cette visite historique, Damas devrait signer un accord pour rejoindre la coalition internationale antijihadiste emmen\u00e9e par les \u00c9tats-Unis.<\/p>\n<p class=\"fig-paragraph\">Le pr\u00e9sident syrien,\u00a0<a href=\"http:\/\/www.lefigaro.fr\/international\/le-president-syrien-ahmad-al-charaa-repete-qu-un-accord-avec-israel-est-indispensable-pour-la-region-20250924\" data-fig-type=\"NewsFlash\" data-gtm-custom-categorie=\"navigation\" data-gtm-custom-action=\"crossclick\" data-gtm-custom-label=\"Contextuel\" data-gtm-event=\"customEventSPE\" data-fig-domain=\"LEFIGARO\" rel=\"nofollow noopener\" target=\"_blank\">Ahmad al-Charaa<\/a>, est arriv\u00e9 aux \u00c9tats-Unis samedi pour une visite officielle, a rapport\u00e9 l&rsquo;agence de presse officielle de son pays, au lendemain du retrait d\u2019Al-Charaa de la liste noire am\u00e9ricaine du terrorisme. Le pr\u00e9sident syrien int\u00e9rimaire, dont les forces rebelles ont renvers\u00e9 le dirigeant de longue date\u00a0<a href=\"http:\/\/www.lefigaro.fr\/international\/la-syrie-demande-a-moscou-de-lui-livrer-bachar-al-assad-20251015\" data-fig-type=\"Article\" data-gtm-custom-categorie=\"navigation\" data-gtm-custom-action=\"crossclick\" data-gtm-custom-label=\"Contextuel\" data-gtm-event=\"customEventSPE\" data-fig-domain=\"LEFIGARO\" rel=\"nofollow noopener\" target=\"_blank\">Bachar al-Assad<\/a>\u00a0en fin d&rsquo;ann\u00e9e derni\u00e8re, doit rencontrer au cours de sa visite le pr\u00e9sident am\u00e9ricain, Donald Trump.<\/p>\n<p class=\"fig-paragraph\">Lors de cette visite historique, Damas devrait signer un accord pour rejoindre la coalition internationale antijihadiste emmen\u00e9e par les \u00c9tats-Unis, selon l&rsquo;\u00e9missaire am\u00e9ricain pour la Syrie, Tom Barrack. Le groupe jihadiste \u00c9tat Islamique (EI) a \u00e9t\u00e9 d\u00e9fait en 2019 en Syrie par la coalition et les Forces d\u00e9mocratiques syriennes (FDS), conduites par les Kurdes, qui n\u00e9gocient actuellement leur int\u00e9gration dans l&rsquo;arm\u00e9e syrienne.<\/p>\n<p class=\"fig-body-link\">\n            \u00c0 lire aussi<br \/>\n        <a class=\"fig-body-link__link fig-premium-mark\" href=\"http:\/\/www.lefigaro.fr\/international\/apres-la-rencontre-entre-ministres-israelien-et-syrien-peut-on-croire-a-une-paix-entre-damas-et-tel-aviv-20250726\" target=\"_blank\" data-fig-type=\"Article\" rel=\"noopener nofollow\" data-gtm-custom-categorie=\"navigation\" data-gtm-custom-action=\"crossclick\" data-gtm-custom-label=\"Contextuel\" data-gtm-event=\"customEventSPE\" data-fig-domain=\"LEFIGARO\"><\/p>\n<p>        Quels sont les enjeux d\u2019un accord entre la Syrie et Isra\u00ebl\u00a0?<br \/>\n    <\/a>\n<\/p>\n<p>                                    <a class=\"fig-a11y-skip a11y-hidden\" href=\"#fig-a11y-skip-main-inarticle\"><br \/>\n        Passer la publicit\u00e9<br \/>\n    <\/a><\/p>\n<p class=\"fig-paragraph\">Les \u00c9tats-Unis pour leur part pr\u00e9voient d&rsquo;\u00e9tablir une base militaire pr\u00e8s de Damas, a indiqu\u00e9 \u00e0 l&rsquo;AFP une source diplomatique en Syrie. Le pays, sorti de plus de 13 ans de guerre civile, cherche aussi \u00e0 garantir des fonds pour sa reconstruction, un chantier dont le co\u00fbt pourrait d\u00e9passer les 216 milliards de dollars (187 milliards d&rsquo;euros), selon la Banque mondiale. Jeudi, le Conseil de s\u00e9curit\u00e9 de l&rsquo;ONU a lev\u00e9 les sanctions contre Al-Charaa, qui jusqu&rsquo;\u00e0 pr\u00e9sent avait besoin d&rsquo;une exemption des Nations unies pour chaque d\u00e9placement international.<\/p>\n<p class=\"fig-paragraph\">Donald Trump avait d\u00e9j\u00e0 rencontr\u00e9 le dirigeant syrien pendant un voyage dans le Golfe en mai et avait annonc\u00e9 la lev\u00e9e des sanctions am\u00e9ricaines contre la Syrie. Les deux hommes vont \u00e9galement \u00e9voquer les n\u00e9gociations directes entam\u00e9es par les autorit\u00e9s syriennes avec Isra\u00ebl. Donald Trump avait press\u00e9 en mai le dirigeant syrien de rejoindre les accords d&rsquo;Abraham, qui avaient vu plusieurs pays arabes reconna\u00eetre Isra\u00ebl en 2020.<\/p>\n","protected":false},"excerpt":{"rendered":"Lors de cette visite historique, Damas devrait signer un accord pour rejoindre la coalition internationale antijihadiste emmen\u00e9e par&hellip;\n","protected":false},"author":2,"featured_media":521659,"comment_status":"","ping_status":"","sticky":false,"template":"","format":"standard","meta":{"footnotes":""},"categories":[1589],"tags":[11,73,1866,12,1864,1865,1863,308],"class_list":{"0":"post-521658","1":"post","2":"type-post","3":"status-publish","4":"format-standard","5":"has-post-thumbnail","7":"category-etats-unis","8":"tag-actualites","9":"tag-etats-unis","10":"tag-etats-unis-damerique","11":"tag-news","12":"tag-united-states","13":"tag-united-states-of-america","14":"tag-us","15":"tag-usa"},"share_on_mastodon":{"url":"https:\/\/pubeurope.com\/@fr\/115516944143616809","error":""},"_links":{"self":[{"href":"https:\/\/www.europesays.com\/fr\/wp-json\/wp\/v2\/posts\/521658","targetHints":{"allow":["GET"]}}],"collection":[{"href":"https:\/\/www.europesays.com\/fr\/wp-json\/wp\/v2\/posts"}],"about":[{"href":"https:\/\/www.europesays.com\/fr\/wp-json\/wp\/v2\/types\/post"}],"author":[{"embeddable":true,"href":"https:\/\/www.europesays.com\/fr\/wp-json\/wp\/v2\/users\/2"}],"replies":[{"embeddable":true,"href":"https:\/\/www.europesays.com\/fr\/wp-json\/wp\/v2\/comments?post=521658"}],"version-history":[{"count":0,"href":"https:\/\/www.europesays.com\/fr\/wp-json\/wp\/v2\/posts\/521658\/revisions"}],"wp:featuredmedia":[{"embeddable":true,"href":"https:\/\/www.europesays.com\/fr\/wp-json\/wp\/v2\/media\/521659"}],"wp:attachment":[{"href":"https:\/\/www.europesays.com\/fr\/wp-json\/wp\/v2\/media?parent=521658"}],"wp:term":[{"taxonomy":"category","embeddable":true,"href":"https:\/\/www.europesays.com\/fr\/wp-json\/wp\/v2\/categories?post=521658"},{"taxonomy":"post_tag","embeddable":true,"href":"https:\/\/www.europesays.com\/fr\/wp-json\/wp\/v2\/tags?post=521658"}],"curies":[{"name":"wp","href":"https:\/\/api.w.org\/{rel}","templated":true}]}}