{"id":521662,"date":"2025-11-09T00:38:12","date_gmt":"2025-11-09T00:38:12","guid":{"rendered":"https:\/\/www.europesays.com\/fr\/521662\/"},"modified":"2025-11-09T00:38:12","modified_gmt":"2025-11-09T00:38:12","slug":"demantelement-dun-reseau-de-trafic-de-drogue-operant-dans-les-prisons-du-bade-wurtemberg","status":"publish","type":"post","link":"https:\/\/www.europesays.com\/fr\/521662\/","title":{"rendered":"D\u00e9mant\u00e8lement d\u2019un r\u00e9seau de trafic de drogue op\u00e9rant dans les prisons du Bade-Wurtemberg"},"content":{"rendered":"<p><strong>Les autorit\u00e9s du Bade-Wurtemberg, dans le sud-ouest de l\u2019Allemagne, ont annonc\u00e9 le d\u00e9mant\u00e8lement d\u2019un r\u00e9seau pr\u00e9sum\u00e9 de trafic de drogue op\u00e9rant dans plusieurs \u00e9tablissements p\u00e9nitentiaires du Land, ont rapport\u00e9 les m\u00e9dias allemands.<\/strong><\/p>\n<p>Au total, 19 personnes font l\u2019objet d\u2019une enqu\u00eate, dont trois agents p\u00e9nitentiaires soup\u00e7onn\u00e9s d\u2019avoir particip\u00e9 de diff\u00e9rentes mani\u00e8res au commerce de stup\u00e9fiants. Lors de perquisitions men\u00e9es dans plusieurs \u00e9tablissements p\u00e9nitentiaires et douze logements, la police a saisi de la drogue, des m\u00e9dicaments, des armes et de l\u2019argent liquide.<\/p>\n<p>Des mandats de d\u00e9tention provisoire ont \u00e9t\u00e9 d\u00e9livr\u00e9s \u00e0 l\u2019encontre de quatre principaux suspects, dont trois hommes d\u00e9j\u00e0 incarc\u00e9r\u00e9s et une femme de 29 ans arr\u00eat\u00e9e pour trafic de drogue en bande organis\u00e9e.<\/p>\n<p>Selon la police, les suspects, \u00e2g\u00e9s de 18 \u00e0 30 ans, auraient agi de mani\u00e8re coordonn\u00e9e. Les quatre principaux auraient dirig\u00e9 les op\u00e9rations depuis l\u2019int\u00e9rieur des prisons, tandis que la femme leur aurait apport\u00e9 un soutien logistique depuis l\u2019ext\u00e9rieur.<\/p>\n<p>L\u2019enqu\u00eate, men\u00e9e par la police criminelle, se poursuit afin de d\u00e9terminer les ramifications du r\u00e9seau et d\u2019identifier ses circuits d\u2019approvisionnement, pr\u00e9cise la m\u00eame source.<\/p>\n","protected":false},"excerpt":{"rendered":"Les autorit\u00e9s du Bade-Wurtemberg, dans le sud-ouest de l\u2019Allemagne, ont annonc\u00e9 le d\u00e9mant\u00e8lement d\u2019un r\u00e9seau pr\u00e9sum\u00e9 de trafic&hellip;\n","protected":false},"author":2,"featured_media":521663,"comment_status":"","ping_status":"","sticky":false,"template":"","format":"standard","meta":{"footnotes":""},"categories":[1587],"tags":[11,672,1804,1805,1803,1777,674,1801,12,1802],"class_list":{"0":"post-521662","1":"post","2":"type-post","3":"status-publish","4":"format-standard","5":"has-post-thumbnail","7":"category-allemagne","8":"tag-actualites","9":"tag-allemagne","10":"tag-bundesrepublik-deutschland","11":"tag-de","12":"tag-deutschland","13":"tag-eu","14":"tag-europe","15":"tag-germany","16":"tag-news","17":"tag-republique-federale-dallemagne"},"share_on_mastodon":{"url":"https:\/\/pubeurope.com\/@fr\/115516952030430593","error":""},"_links":{"self":[{"href":"https:\/\/www.europesays.com\/fr\/wp-json\/wp\/v2\/posts\/521662","targetHints":{"allow":["GET"]}}],"collection":[{"href":"https:\/\/www.europesays.com\/fr\/wp-json\/wp\/v2\/posts"}],"about":[{"href":"https:\/\/www.europesays.com\/fr\/wp-json\/wp\/v2\/types\/post"}],"author":[{"embeddable":true,"href":"https:\/\/www.europesays.com\/fr\/wp-json\/wp\/v2\/users\/2"}],"replies":[{"embeddable":true,"href":"https:\/\/www.europesays.com\/fr\/wp-json\/wp\/v2\/comments?post=521662"}],"version-history":[{"count":0,"href":"https:\/\/www.europesays.com\/fr\/wp-json\/wp\/v2\/posts\/521662\/revisions"}],"wp:featuredmedia":[{"embeddable":true,"href":"https:\/\/www.europesays.com\/fr\/wp-json\/wp\/v2\/media\/521663"}],"wp:attachment":[{"href":"https:\/\/www.europesays.com\/fr\/wp-json\/wp\/v2\/media?parent=521662"}],"wp:term":[{"taxonomy":"category","embeddable":true,"href":"https:\/\/www.europesays.com\/fr\/wp-json\/wp\/v2\/categories?post=521662"},{"taxonomy":"post_tag","embeddable":true,"href":"https:\/\/www.europesays.com\/fr\/wp-json\/wp\/v2\/tags?post=521662"}],"curies":[{"name":"wp","href":"https:\/\/api.w.org\/{rel}","templated":true}]}}