{"id":521664,"date":"2025-11-09T00:39:17","date_gmt":"2025-11-09T00:39:17","guid":{"rendered":"https:\/\/www.europesays.com\/fr\/521664\/"},"modified":"2025-11-09T00:39:17","modified_gmt":"2025-11-09T00:39:17","slug":"coupe-deurope-dinan-quevert-remporte-le-match-aller-face-a-calafell","status":"publish","type":"post","link":"https:\/\/www.europesays.com\/fr\/521664\/","title":{"rendered":"Coupe d\u2019Europe\u00a0: Dinan Qu\u00e9vert remporte le match aller face \u00e0 Calafell"},"content":{"rendered":"<p>Coupe d\u2019Europe WSE (8e de finale aller). HC Dinan Qu\u00e9vert &#8211; Calafell\u00a0: 2-1<\/p>\n<p>Qu\u00e9vert a fait un excellemment match, ce samedi soir, face \u00e0 une \u00e9quipe professionnelle espagnole qui n\u2019a pas r\u00e9ussi \u00e0 faire plier ses h\u00f4tes d\u2019un soir. D\u00e8s la premi\u00e8re seconde, une v\u00e9ritable tornade catalane s\u2019abattait sur les Qu\u00e9vertois. Les locaux redressaient la barre et se cr\u00e9aient de s\u00e9rieuses occasions sign\u00e9es Guido Pelizzari puis Tomas Cardoso ou Rafael Louren\u00e7a, sans trouver la faille.<\/p>\n<p>Les visiteurs tourbillonnaient devant la cage. Sergi Folguera tentait en solo et son tir, ultra rapide, trompait le gardien Bautista Acevedo (16&prime;) et ouvrait le score. Qu\u00e9vert repartait au cr\u00e9neau sans rien l\u00e2cher. Arthur Landrin concr\u00e9tisait un penalty \u00e0 la 22&prime; et \u00e9galisait sous les olas d\u2019un public en folie.<\/p>\n<p>\u00ab\u00a0Un match parfait\u00a0\u00bb<\/p>\n<p>D\u00e8s la reprise, Calafell donnait de grosses sueurs froides \u00e0 Bautista Acevedo. Qu\u00e9vert continuait sur sa belle lanc\u00e9e avec Tomas Cardoso, servi sur un plateau par Facundo Ortiz, qui s\u2019offrait une superbe \u00ab\u00a0pirouette\u00a0\u00bb devant le portier catalan et donnait l\u2019ascendant \u00e0 son \u00e9quipe (2-1). Rafael Louren\u00e7a et Corentin Turluer flirtaient avec le poteau gauche. Les Catalans butaient, sans arr\u00eat, sur l\u2019imperturbable d\u00e9fense locale en y croyant toujours et encore mais Qu\u00e9vert, finalement, s\u2019imposait devant des tribunes en d\u00e9lire.<\/p>\n<p>\u00ab\u00a0On a fait un match parfait. On a vraiment \u00e9t\u00e9 bons dans les contres et Bautista Acevedo, dans les buts, a fait un \u00e9norme boulot. Il faut pourtant garder les pieds sur terre car il va falloir jouer le match retour \u00e0 Calafell dans quinze jours\u00a0\u00bb, se f\u00e9licitait Cirilo Garcia.<\/p>\n<p>\u00ab\u00a0On s\u2019y attendait\u00a0\u00bb<\/p>\n<p>L\u2019entra\u00eeneur catalan, Guillem Cabestany, restait tr\u00e8s d\u00e9\u00e7u du r\u00e9sultat m\u00eame s\u2019il s\u2019y attendait un peu\u00a0: \u00ab\u00a0On se pr\u00e9parait \u00e0 un tel jeu fran\u00e7ais, physiquement et tactiquement. On va r\u00e9agir au match retour chez nous. \u00c7a peut \u00eatre compliqu\u00e9 mais on pourra compter sur notre public\u00a0\u00bb.<\/p>\n<p>La fiche technique<\/p>\n<p class=\"tech\"><strong class=\"tech\">Arbitres\u00a0: <\/strong>Manuel Oliveira et Porfirio Fernandes.<\/p>\n<p class=\"tech\"><strong class=\"tech\">BUTS.<\/strong> Dinan Qu\u00e9vert\u00a0: Arthur Landrin (22&prime;), Tomas Cardoso (32&prime;). Calafell\u00a0: Sergi Folguera (16&prime;).<\/p>\n","protected":false},"excerpt":{"rendered":"Coupe d\u2019Europe WSE (8e de finale aller). HC Dinan Qu\u00e9vert &#8211; Calafell\u00a0: 2-1 Qu\u00e9vert a fait un excellemment&hellip;\n","protected":false},"author":2,"featured_media":521665,"comment_status":"","ping_status":"","sticky":false,"template":"","format":"standard","meta":{"footnotes":""},"categories":[1586],"tags":[11,3472,3166,1777,674,1011,27,12,13024,25,15049,60],"class_list":{"0":"post-521664","1":"post","2":"type-post","3":"status-publish","4":"format-standard","5":"has-post-thumbnail","7":"category-europe","8":"tag-actualites","9":"tag-dinan","10":"tag-en-continu-sports","11":"tag-eu","12":"tag-europe","13":"tag-fr","14":"tag-france","15":"tag-news","16":"tag-quevert","17":"tag-republique-francaise","18":"tag-rink-hockey","19":"tag-sports"},"share_on_mastodon":{"url":"https:\/\/pubeurope.com\/@fr\/115516956071116493","error":""},"_links":{"self":[{"href":"https:\/\/www.europesays.com\/fr\/wp-json\/wp\/v2\/posts\/521664","targetHints":{"allow":["GET"]}}],"collection":[{"href":"https:\/\/www.europesays.com\/fr\/wp-json\/wp\/v2\/posts"}],"about":[{"href":"https:\/\/www.europesays.com\/fr\/wp-json\/wp\/v2\/types\/post"}],"author":[{"embeddable":true,"href":"https:\/\/www.europesays.com\/fr\/wp-json\/wp\/v2\/users\/2"}],"replies":[{"embeddable":true,"href":"https:\/\/www.europesays.com\/fr\/wp-json\/wp\/v2\/comments?post=521664"}],"version-history":[{"count":0,"href":"https:\/\/www.europesays.com\/fr\/wp-json\/wp\/v2\/posts\/521664\/revisions"}],"wp:featuredmedia":[{"embeddable":true,"href":"https:\/\/www.europesays.com\/fr\/wp-json\/wp\/v2\/media\/521665"}],"wp:attachment":[{"href":"https:\/\/www.europesays.com\/fr\/wp-json\/wp\/v2\/media?parent=521664"}],"wp:term":[{"taxonomy":"category","embeddable":true,"href":"https:\/\/www.europesays.com\/fr\/wp-json\/wp\/v2\/categories?post=521664"},{"taxonomy":"post_tag","embeddable":true,"href":"https:\/\/www.europesays.com\/fr\/wp-json\/wp\/v2\/tags?post=521664"}],"curies":[{"name":"wp","href":"https:\/\/api.w.org\/{rel}","templated":true}]}}