{"id":521678,"date":"2025-11-09T00:51:16","date_gmt":"2025-11-09T00:51:16","guid":{"rendered":"https:\/\/www.europesays.com\/fr\/521678\/"},"modified":"2025-11-09T00:51:16","modified_gmt":"2025-11-09T00:51:16","slug":"mathieu-pellegrin-change-de-club-actualite","status":"publish","type":"post","link":"https:\/\/www.europesays.com\/fr\/521678\/","title":{"rendered":"Mathieu Pellegrin change de club &#8211; Actualit\u00e9"},"content":{"rendered":"<p>                                                                    <img decoding=\"async\" src=\"https:\/\/www.europesays.com\/fr\/wp-content\/uploads\/2025\/11\/690f86c410d8d.jpg\" height=\"auto\" loading=\"lazy\"\/><br \/>\n                                                                    Cr\u00e9dit photo K\u00e9k\u00e9 J&rsquo;N-Photographie<\/p>\n<p class=\"images-caption\">Cr\u00e9dit photo K\u00e9k\u00e9 J&rsquo;N-Photographie<\/p>\n<p class=\"metadata\">\n            Par<br \/>\n        <strong class=\"text-black\">DOMINIQUE TURGIS<\/strong><br \/>\n                    <br \/>Le<br \/>\n    8 novembre 2025, 19:08<\/p>\n<p>Apr\u00e8s trois saisons au CSCA Propret\u00e9 2000, Mathieu Pellegrin quitte le club des Abymes pour rejoindre le Team Madras Capesterre Belle-Eau. Le coureur de 30 ans a vu sa saison 2025 largement perturb\u00e9e <a href=\"https:\/\/www.directvelo.com\/actualite\/121742\/saison-terminee-pour-mathieu-pellegrin\" target=\"_blank\" rel=\"noopener\"><strong>par une fracture du plateau tibial<\/strong><\/a>.<\/p>\n<p>L&rsquo;ancien soci\u00e9taire du SCO Dijon avait bien d\u00e9but\u00e9 la saison avec la 3e place de la 4e \u00e9tape du Tour de la R\u00e9publique Dominicaine, la 4e du Championnat des \u00celes de la Guadeloupe CLM ou encore deux 2e places d&rsquo;\u00e9tapes du GP Shilo&rsquo;H. Apr\u00e8s son retour \u00e0 la comp\u00e9tition en fin de saison, Mathieu Pellegrin a gagn\u00e9 une \u00e9tape du Tour de Saint-Martin (3e du g\u00e9n\u00e9ral) et a termin\u00e9 sa saison avec la 2e place du Grand Prix Moli\u00e8re G\u00e8ne.<\/p>\n<p>Suivez toutes les mutations de l&rsquo;hiver <a href=\"https:\/\/www.directvelo.com\/mutations\/2026#amateur-not_dn\" target=\"_blank\" rel=\"noopener\"><strong>en cliquant ici<\/strong><\/a>.\u00a0<\/p>\n<p>            En savoir plus : coureurs et \u00e9quipes associ\u00e9s<\/p>\n<p>                Coureurs<\/p>\n<p>                    <img decoding=\"async\" src=\"https:\/\/www.europesays.com\/fr\/wp-content\/uploads\/2025\/11\/604aa6921d0fa.JPG\" height=\"auto\" loading=\"lazy\"\/><\/p>\n<p>                            Portrait de Mathieu PELLEGRIN<\/p>\n<p>                \u00c9quipes<\/p>\n","protected":false},"excerpt":{"rendered":"Cr\u00e9dit photo K\u00e9k\u00e9 J&rsquo;N-Photographie Cr\u00e9dit photo K\u00e9k\u00e9 J&rsquo;N-Photographie Par DOMINIQUE TURGIS Le 8 novembre 2025, 19:08 Apr\u00e8s trois&hellip;\n","protected":false},"author":2,"featured_media":521679,"comment_status":"","ping_status":"","sticky":false,"template":"","format":"standard","meta":{"footnotes":""},"categories":[1411],"tags":[834,828,836,829,837,827,83,826,824,823,1154,207,814,817,815,816,822,821,832,211,839,1011,27,820,818,819,835,831,830,833,838,60,212,208,825],"class_list":{"0":"post-521678","1":"post","2":"type-post","3":"status-publish","4":"format-standard","5":"has-post-thumbnail","7":"category-cyclisme","8":"tag-attaque","9":"tag-belgique","10":"tag-braquet","11":"tag-bretagne","12":"tag-chute","13":"tag-competition","14":"tag-coupe-de-france","15":"tag-coureur","16":"tag-course-cyclisme","17":"tag-course-cycliste","18":"tag-cycling","19":"tag-cyclisme","20":"tag-direct","21":"tag-direct-velo","22":"tag-directvelo","23":"tag-directvelo-com","24":"tag-epreuve","25":"tag-epreuve-cycliste","26":"tag-federation-francaise-de-cyclisme","27":"tag-ffc","28":"tag-flandres","29":"tag-fr","30":"tag-france","31":"tag-live","32":"tag-live-course","33":"tag-live-epreuve","34":"tag-peloton","35":"tag-radio-peloton","36":"tag-radio-tour","37":"tag-ravitaillement","38":"tag-relance","39":"tag-sports","40":"tag-uci","41":"tag-velo","42":"tag-velos"},"share_on_mastodon":{"url":"https:\/\/pubeurope.com\/@fr\/115517003815651692","error":""},"_links":{"self":[{"href":"https:\/\/www.europesays.com\/fr\/wp-json\/wp\/v2\/posts\/521678","targetHints":{"allow":["GET"]}}],"collection":[{"href":"https:\/\/www.europesays.com\/fr\/wp-json\/wp\/v2\/posts"}],"about":[{"href":"https:\/\/www.europesays.com\/fr\/wp-json\/wp\/v2\/types\/post"}],"author":[{"embeddable":true,"href":"https:\/\/www.europesays.com\/fr\/wp-json\/wp\/v2\/users\/2"}],"replies":[{"embeddable":true,"href":"https:\/\/www.europesays.com\/fr\/wp-json\/wp\/v2\/comments?post=521678"}],"version-history":[{"count":0,"href":"https:\/\/www.europesays.com\/fr\/wp-json\/wp\/v2\/posts\/521678\/revisions"}],"wp:featuredmedia":[{"embeddable":true,"href":"https:\/\/www.europesays.com\/fr\/wp-json\/wp\/v2\/media\/521679"}],"wp:attachment":[{"href":"https:\/\/www.europesays.com\/fr\/wp-json\/wp\/v2\/media?parent=521678"}],"wp:term":[{"taxonomy":"category","embeddable":true,"href":"https:\/\/www.europesays.com\/fr\/wp-json\/wp\/v2\/categories?post=521678"},{"taxonomy":"post_tag","embeddable":true,"href":"https:\/\/www.europesays.com\/fr\/wp-json\/wp\/v2\/tags?post=521678"}],"curies":[{"name":"wp","href":"https:\/\/api.w.org\/{rel}","templated":true}]}}