{"id":521690,"date":"2025-11-09T00:58:28","date_gmt":"2025-11-09T00:58:28","guid":{"rendered":"https:\/\/www.europesays.com\/fr\/521690\/"},"modified":"2025-11-09T00:58:28","modified_gmt":"2025-11-09T00:58:28","slug":"bande-annonce-de-la-serie-apple-tv","status":"publish","type":"post","link":"https:\/\/www.europesays.com\/fr\/521690\/","title":{"rendered":"bande-annonce de la s\u00e9rie Apple TV"},"content":{"rendered":"<p><strong><a href=\"https:\/\/www.ecranlarge.com\/series\/traques\" data-type=\"series\" data-id=\"1350493\" rel=\"nofollow noopener\" target=\"_blank\">Traqu\u00e9s<\/a>, la s\u00e9rie fran\u00e7aise Apple TV avec Beno\u00eet Magimel et M\u00e9lanie Laurent, se d\u00e9voile dans une bande-annonce qui tire partout.<\/strong><\/p>\n<p><strong>Apr\u00e8s Liaison, La Maison, Car\u00eame, Les Gouttes de Dieu, et avant La D\u00e9cision, <a href=\"https:\/\/www.ecranlarge.com\/personnalite\/1120526-apple-tv\" data-type=\"people\" data-id=\"804729\" rel=\"nofollow noopener\" target=\"_blank\">Apple TV<\/a> continue de produire des s\u00e9ries bien de chez nous<\/strong> (pour r\u00e9pondre \u00e0 ses obligations de quotas, notamment). Et, comme depuis ses d\u00e9buts, la branche fran\u00e7aise de la firme a mis\u00e9 sur des com\u00e9diens rentrant dans la cat\u00e9gorie (vague) \u00ab populaire et classe \u00bb de notre cin\u00e9ma national, un peu comme ce qu\u2019a longtemps pratiqu\u00e9 Canal+. Seule exception <strong>Les Gouttes de Dieu<\/strong> qui se reposait sur une autre marque, celle du manga d\u2019origine.<\/p>\n<p>                    <img decoding=\"async\" alt=\"\" class=\"wp-image-518375\" style=\"object-fit:cover;width:25px;height:25px\" src=\"https:\/\/www.ecranlarge.com\/content\/uploads\/2023\/09\/arrow-right-circle.svg\"\/><\/p>\n<p>Apr\u00e8s Vincent Cassel, Eva Green, Benjamin Voisin, Lyna Khoudri ou encore Lambert Wilson, c\u2019est donc au tour de <a href=\"https:\/\/www.ecranlarge.com\/personnalite\/651582-benoit-magimel\" data-type=\"people\" data-id=\"303821\" rel=\"nofollow noopener\" target=\"_blank\">Beno\u00eet Magimel<\/a> et <a href=\"https:\/\/www.ecranlarge.com\/personnalite\/656982-melanie-laurent\" data-type=\"people\" data-id=\"292832\" rel=\"nofollow noopener\" target=\"_blank\">M\u00e9lanie Laurent<\/a> de rejoindre l\u2019\u00e9curie \u00e0 la pomme dans <strong>Traqu\u00e9s<\/strong>. <strong>La s\u00e9rie, cr\u00e9\u00e9e et r\u00e9alis\u00e9e par <a href=\"https:\/\/www.ecranlarge.com\/personnalite\/689820-cedric-anger\" data-type=\"people\" data-id=\"338525\" rel=\"nofollow noopener\" target=\"_blank\">C\u00e9dric Anger<\/a> (La prochaine fois je viserai le c\u0153ur, L\u2019amour est une f\u00eate), s\u2019est d\u00e9voil\u00e9e dans une premi\u00e8re bande-annonce<\/strong>.<\/p>\n<p><a href=\"https:\/\/www.ecranlarge.com\/content\/uploads\/2025\/11\/the_hunt_photo_010110.jpg\" rel=\"nofollow noopener\" target=\"_blank\"><\/p>\n<p><img loading=\"lazy\" decoding=\"async\" alt=\"\" src=\"https:\/\/www.europesays.com\/fr\/wp-content\/uploads\/2025\/11\/the_hunt_photo_010110-1260x838.jpg\" width=\"1260\" height=\"838\"  \/><\/p>\n<p><\/a>\u00c7a doit \u00eatre un nouveau Boys BandCHASSEUR CONTRE CHASSEUR<\/p>\n<p>Le pitch de <strong>Traqu\u00e9s <\/strong>avait d\u00e9j\u00e0 \u00e9t\u00e9 communiqu\u00e9 en septembre : <\/p>\n<blockquote class=\"wp-block-quote is-layout-flow wp-block-quote-is-layout-flow\">\n<p><strong>\u00a0\u00ab Franck (Beno\u00eet Magimel) passe ses week-ends \u00e0 chasser avec ses amis. Jusqu\u2019au jour o\u00f9 leur partie tourne au cauchemar : un groupe de chasseurs les prend pour cible sans raison apparente, et l\u2019un d\u2019eux est gri\u00e8vement bless\u00e9. Franck et ses compagnons r\u00e9pliquent et parviennent \u00e0 s\u2019\u00e9chapper, d\u00e9cidant de garder l\u2019incident secret. Mais alors qu\u2019il tente de retrouver une vie normale aupr\u00e8s de sa femme Krystel (M\u00e9lanie Laurent), Franck r\u00e9alise que leur groupe est d\u00e9sormais observ\u00e9, puis traqu\u00e9 par ces hommes pr\u00eats \u00e0 tout pour assouvir leur vengeance\u2026 \u00bb<\/strong><\/p>\n<\/blockquote>\n<p>\u00c0 l\u2019image du reste de sa filmographie, <strong>C\u00e9dric Anger a fait appel au genre du thriller, mais pour filmer (et on esp\u00e8re probl\u00e9matiser) une r\u00e9alit\u00e9 g\u00e9ographique nouvelle<\/strong> pour lui, la ruralit\u00e9 en montagne.<\/p>\n<p>Derri\u00e8re l\u2019argument viril de cette guerre de chasseurs, semble-t-il men\u00e9e tambours battants, on esp\u00e8re une r\u00e9flexion tout aussi pleine de suspense qu\u2019int\u00e9ressante sur ces territoires isol\u00e9s, parfois laiss\u00e9s \u00e0 eux-m\u00eames, que le cin\u00e9ma hexagonal traite trop rarement. Nuan\u00e7ons tout de m\u00eame, le projet sort \u00e0 une \u00e9poque o\u00f9, justement, la cr\u00e9ation fran\u00e7aise, tr\u00e8s longtemps \u00e0 majorit\u00e9 citadine, cherche \u00e0 s\u2019\u00e9carter de ses espaces urbains (<strong>Mis\u00e9ricorde, Quand vient l\u2019Automne, Un Ours dans le Jura<\/strong>).<\/p>\n<p>Aux c\u00f4t\u00e9s de Magimel et Laurent, on retrouvera \u00e9galement <a href=\"https:\/\/www.ecranlarge.com\/personnalite\/802978-damien-bonnard\" data-type=\"people\" data-id=\"438373\" rel=\"nofollow noopener\" target=\"_blank\">Damien Bonnard<\/a>, <strong><a href=\"https:\/\/www.ecranlarge.com\/personnalite\/1049088-manuel-guillot\" data-type=\"people\" data-id=\"488102\" rel=\"nofollow noopener\" target=\"_blank\">Manuel Guillot<\/a><\/strong>, la r\u00e9v\u00e9lation du <strong>Deuxi\u00e8me Acte<\/strong> ou encore C\u00e9dric Appietto (<strong>Une vie violente<\/strong>), Angelyna Danabe-Mignot (<strong>L\u2019Amour \u00e0 l\u2019\u00e9preuve<\/strong>), Paul Beaurepaire (<strong>Plan\u00e8te B<\/strong>), Yann Goven (<strong>Les Derniers Hommes<\/strong>), Sarah Pachoud (<strong>Les enfants sont rois<\/strong>) et Patrick De Vallette (<strong>F\u00eal\u00e9s<\/strong>). <strong>On pourra donc suivre tout ce beau monde se tirer dessus en montagne dans Traqu\u00e9s, \u00e0 partir du 3 d\u00e9cembre 2025 sur Apple TV<\/strong>.<\/p>\n","protected":false},"excerpt":{"rendered":"Traqu\u00e9s, la s\u00e9rie fran\u00e7aise Apple TV avec Beno\u00eet Magimel et M\u00e9lanie Laurent, se d\u00e9voile dans une bande-annonce qui&hellip;\n","protected":false},"author":2,"featured_media":521691,"comment_status":"","ping_status":"","sticky":false,"template":"","format":"standard","meta":{"footnotes":""},"categories":[1354],"tags":[58,59,1346,1011,27,1360],"class_list":{"0":"post-521690","1":"post","2":"type-post","3":"status-publish","4":"format-standard","5":"has-post-thumbnail","7":"category-films","8":"tag-divertissement","9":"tag-entertainment","10":"tag-films","11":"tag-fr","12":"tag-france","13":"tag-movies"},"share_on_mastodon":{"url":"https:\/\/pubeurope.com\/@fr\/115517031688665300","error":""},"_links":{"self":[{"href":"https:\/\/www.europesays.com\/fr\/wp-json\/wp\/v2\/posts\/521690","targetHints":{"allow":["GET"]}}],"collection":[{"href":"https:\/\/www.europesays.com\/fr\/wp-json\/wp\/v2\/posts"}],"about":[{"href":"https:\/\/www.europesays.com\/fr\/wp-json\/wp\/v2\/types\/post"}],"author":[{"embeddable":true,"href":"https:\/\/www.europesays.com\/fr\/wp-json\/wp\/v2\/users\/2"}],"replies":[{"embeddable":true,"href":"https:\/\/www.europesays.com\/fr\/wp-json\/wp\/v2\/comments?post=521690"}],"version-history":[{"count":0,"href":"https:\/\/www.europesays.com\/fr\/wp-json\/wp\/v2\/posts\/521690\/revisions"}],"wp:featuredmedia":[{"embeddable":true,"href":"https:\/\/www.europesays.com\/fr\/wp-json\/wp\/v2\/media\/521691"}],"wp:attachment":[{"href":"https:\/\/www.europesays.com\/fr\/wp-json\/wp\/v2\/media?parent=521690"}],"wp:term":[{"taxonomy":"category","embeddable":true,"href":"https:\/\/www.europesays.com\/fr\/wp-json\/wp\/v2\/categories?post=521690"},{"taxonomy":"post_tag","embeddable":true,"href":"https:\/\/www.europesays.com\/fr\/wp-json\/wp\/v2\/tags?post=521690"}],"curies":[{"name":"wp","href":"https:\/\/api.w.org\/{rel}","templated":true}]}}