{"id":521692,"date":"2025-11-09T00:59:13","date_gmt":"2025-11-09T00:59:13","guid":{"rendered":"https:\/\/www.europesays.com\/fr\/521692\/"},"modified":"2025-11-09T00:59:13","modified_gmt":"2025-11-09T00:59:13","slug":"cette-molecule-naturelle-pourrait-devenir-une-nouvelle-arme-contre-alzheimer","status":"publish","type":"post","link":"https:\/\/www.europesays.com\/fr\/521692\/","title":{"rendered":"Cette mol\u00e9cule naturelle pourrait devenir une nouvelle arme contre Alzheimer"},"content":{"rendered":"<p>De plus en plus d&rsquo;\u00e9tudes confirment qu&rsquo;il existe un lien fort entre le microbiote intestinal &#8211; cette communaut\u00e9 de micro-organismes b\u00e9n\u00e9fiques vivant dans notre intestin &#8211; et la <a href=\"https:\/\/www.futura-sciences.com\/sante\/actualites\/maladie-alzheimer-confirmation-role-microbiote-intestinal-apparition-maladie-alzheimer-105864\/\" title=\"Confirmation du r\u00f4le du microbiote intestinal dans l&#039;apparition de la maladie d\u2019Alzheimer\" target=\"_blank\" rel=\"noopener\">maladie d\u2019Alzheimer<\/a>.<\/p>\n<p>Des <a href=\"https:\/\/pubmed.ncbi.nlm.nih.gov\/37849234\/\" title=\"Microbiota from Alzheimer&#039;s patients induce deficits in cognition and hippocampal neurogenesis\" target=\"_blank\" rel=\"noopener\">chercheurs europ\u00e9ens<\/a> avaient par exemple montr\u00e9 qu&rsquo;en transf\u00e9rant des selles de personnes souffrant de la maladie vers l&rsquo;intestin des rats en bonne sant\u00e9, il est possible de d\u00e9clencher l&rsquo;apparition de sympt\u00f4mes, notamment des perturbations de la m\u00e9moire spatiale. Une autre \u00e9tude que la modification du microbiote de souris mod\u00e8les de la maladie d&rsquo;Alzheimer entra\u00eene la <a href=\"https:\/\/www.futura-sciences.com\/tech\/definitions\/tech-modulation-1254\/\" target=\"_blank\" rel=\"noopener\">modulation<\/a>, au niveau des neurones, des <a href=\"https:\/\/www.futura-sciences.com\/sante\/definitions\/biologie-plaque-amyloide-11751\/\" target=\"_blank\" rel=\"noopener\">plaques amylo\u00efdes<\/a> et de l&rsquo;accumulation de <a href=\"https:\/\/www.futura-sciences.com\/sante\/definitions\/medecine-proteine-tau-15858\/\" target=\"_blank\" rel=\"noopener\">prot\u00e9ines tau<\/a>, des signes caract\u00e9ristiques de la maladie. Une autre encore que certains d\u00e9s\u00e9quilibres du microbiote intestinal sont des <a href=\"https:\/\/pubmed.ncbi.nlm.nih.gov\/37315112\/\" title=\"Gut microbiome composition may be an indicator of preclinical Alzheimer&#039;s disease\" target=\"_blank\" rel=\"noopener\">marqueurs tr\u00e8s pr\u00e9coces<\/a> de la maladie.<\/p>\n<p>Le saviez-vous ?null<\/p>\n<p>Aujourd&rsquo;hui, une \u00e9quipe de chercheurs de Chicago apporte une nouvelle pierre \u00e0 l&rsquo;\u00e9difice. Dans une pr\u00e9c\u00e9dente \u00e9tude, ceux-ci \u00e9taient parvenus \u00e0 d\u00e9montrer que le microbiote intestinal pouvait att\u00e9nuer la d\u00e9g\u00e9n\u00e9rescence des <a href=\"https:\/\/www.futura-sciences.com\/sante\/actualites\/medecine-apres-neurones-astrocytes-obtenus-partir-cellules-souches-30365\/\" title=\"Apr\u00e8s les neurones, des astrocytes obtenus \u00e0 partir de cellules souches\" target=\"_blank\" rel=\"noopener\">astrocytes<\/a> &#8211; des cellules impliqu\u00e9es dans de nombreux troubles neurologiques, notamment la maladie d&rsquo;Alzheimer &#8211; et diminuer le d\u00e9p\u00f4t de plaques amylo\u00efdes. Dans cette nouvelle \u00e9tude, ils ont cherch\u00e9 \u00e0 savoir par quelles voies le microbiote pouvait exercer cet effet.<\/p>\n<p>Dans leur article, publi\u00e9 dans le <a href=\"https:\/\/www.jci.org\/articles\/view\/180826\" title=\"The gut microbiome controls reactive astrocytosis during A\u03b2 amyloidosis via propionate-mediated regulation of IL-17\" target=\"_blank\" rel=\"noopener\">Journal of Clinical Investigation<\/a>, ils expliquent comment ils sont parvenus \u00e0 identifier un compos\u00e9 s\u00e9cr\u00e9t\u00e9 sp\u00e9cifiquement par les <a href=\"https:\/\/www.futura-sciences.com\/sante\/definitions\/medecine-bacterie-101\/\" target=\"_blank\" rel=\"noopener\">bact\u00e9ries<\/a> du microbiote et qui contribuerait \u00e0 diminuer certaines manifestations de la maladie d&rsquo;Alzheimer.<\/p>\n<p>Un compos\u00e9 issu de la fermentation des fibres alimentaires<\/p>\n<p>Les scientifiques ont travaill\u00e9 avec des souris atteintes de la maladie d&rsquo;Alzheimer auxquelles ils ont administr\u00e9 des <a href=\"https:\/\/www.futura-sciences.com\/sante\/definitions\/medecine-antibiotique-2992\/\" target=\"_blank\" rel=\"noopener\">antibiotiques<\/a>, un traitement connu pour modifier le <a href=\"https:\/\/www.futura-sciences.com\/sante\/definitions\/genetique-microbiome-5151\/\" target=\"_blank\" rel=\"noopener\">microbiome<\/a> intestinal. Ils ont constat\u00e9 que les <a href=\"https:\/\/www.futura-sciences.com\/planete\/definitions\/zoologie-rongeur-2402\/\" target=\"_blank\" rel=\"noopener\">rongeurs<\/a> trait\u00e9s pr\u00e9sentaient, dans leur sang, une augmentation du taux de \u00ab\u00a0propionate\u00a0\u00bb, un <a href=\"https:\/\/www.futura-sciences.com\/sante\/definitions\/biologie-metabolite-5441\/\" target=\"_blank\" rel=\"noopener\">m\u00e9tabolite<\/a> issu de la <a href=\"https:\/\/www.futura-sciences.com\/sante\/definitions\/biologie-fermentation-6817\/\" target=\"_blank\" rel=\"noopener\">fermentation<\/a> des fibres alimentaires par les bact\u00e9ries du <a href=\"https:\/\/www.futura-sciences.com\/sante\/definitions\/biologie-colon-6869\/\" target=\"_blank\" rel=\"noopener\">c\u00f4lon<\/a>. Ce compos\u00e9 de la famille des <a href=\"https:\/\/www.futura-sciences.com\/sante\/actualites\/medecine-ces-acides-gras-produits-votre-microbiote-sont-arme-secrete-cancer-colorectal-119007\/\" title=\"Ces acides gras produits par votre microbiote sont une arme secr\u00e8te contre le cancer colorectal\" target=\"_blank\" rel=\"noopener\">acides gras<\/a> \u00e0 cha\u00eene courte (<a href=\"https:\/\/www.futura-sciences.com\/sante\/definitions\/medecine-acide-gras-chaine-courte-16285\/\" target=\"_blank\" rel=\"noopener\">AGCC<\/a>) est connu pour jouer un r\u00f4le crucial en diminuant l&rsquo;<a href=\"https:\/\/www.futura-sciences.com\/sante\/definitions\/biologie-inflammation-15288\/\" target=\"_blank\" rel=\"noopener\">inflammation<\/a> c\u00e9r\u00e9brale et l&rsquo;accumulation de plaques amylo\u00efdes, deux caract\u00e9ristiques cl\u00e9s de la maladie d&rsquo;Alzheimer.<\/p>\n<p>Pour prouver que le propionate peut avoir des effets b\u00e9n\u00e9fiques sur le <a href=\"https:\/\/www.futura-sciences.com\/sante\/definitions\/biologie-cerveau-3125\/\" target=\"_blank\" rel=\"noopener\">cerveau<\/a> des souris Alzheimer, les auteurs les ont abreuv\u00e9es d&rsquo;eau additionn\u00e9e de propionate et d\u00e9montr\u00e9 que celles qui avaient les taux sanguins de propionate les plus \u00e9lev\u00e9s pr\u00e9sentaient bien une r\u00e9duction de l&rsquo;inflammation et une diminution des <a href=\"https:\/\/www.futura-sciences.com\/sante\/actualites\/medecine-alzheimer-nouvelle-etude-nuance-theorie-plaques-amyloides-101145\/\" title=\"Alzheimer : une nouvelle \u00e9tude nuance la th\u00e9orie des plaques amylo\u00efdes\" target=\"_blank\" rel=\"noopener\">plaques amylo\u00efdes<\/a>, ainsi qu&rsquo;une baisse du taux d&rsquo;<a href=\"https:\/\/www.futura-sciences.com\/sante\/definitions\/medecine-interleukine-175\/\" target=\"_blank\" rel=\"noopener\">interleukine<\/a>-17 (IL-17), un messager pro-inflammatoire. De mani\u00e8re surprenante, cet effet \u00e9tait pr\u00e9sent chez les m\u00e2les, mais pas chez les femelles.<\/p>\n<p class=\"fs-media\">\n<p><img decoding=\"async\" data-imgid=\"full\" src=\"https:\/\/www.europesays.com\/fr\/wp-content\/uploads\/2025\/11\/antibiotiques-gelules.jpeg\" width=\"1080\" height=\"720\" alt=\"\" loading=\"lazy\"\/><br \/>\nLes chercheurs ont utilis\u00e9 des antibiotiques pour moduler le microbiote et favoriser la s\u00e9cr\u00e9tion de propionate par les bact\u00e9ries intestinales. \u00a9 KMPZZZ, Adobe Stock<\/p>\n<p>De nouvelles pistes th\u00e9rapeutiques en perspective<\/p>\n<p>\u00ab\u00a0Nous pensons que les antibiotiques modifiaient la composition du microbiote intestinal et augmentaient sp\u00e9cifiquement la bact\u00e9rie Akkermansia [une bact\u00e9rie du microbiote], qui produit du propionate, explique Robert Vassar, l&rsquo;auteur principal de l&rsquo;\u00e9tude. Les souris trait\u00e9es avec du propionate dans leur eau potable pr\u00e9sentaient moins d&rsquo;astrocytose r\u00e9active [alt\u00e9ration de la forme et de la fonction des <a href=\"https:\/\/www.futura-sciences.com\/sante\/definitions\/medecine-astrocyte-3033\/\" target=\"_blank\" rel=\"noopener\">astrocytes<\/a>, des cellules neuronales impliqu\u00e9es dans la maladie d&rsquo;Alzheimer] et de plaques amylo\u00efdes. Ces r\u00e9sultats sugg\u00e8rent que l&rsquo;augmentation des niveaux de propionate, que ce soit par l&rsquo;alimentation, les <a href=\"https:\/\/www.futura-sciences.com\/sante\/photos\/nutrition-guide-nutriments-gerer-son-alimentation-2129\/nutrition-probiotiques-entretenir-flore-intestinale-15776\/\" title=\"Les probiotiques, pour entretenir la flore intestinale\" target=\"_blank\" rel=\"noopener\">probiotiques<\/a> ou les m\u00e9dicaments, pourrait contribuer \u00e0 ralentir la progression de la maladie d&rsquo;Alzheimer.\u00a0\u00bb<\/p>\n<p>Ces r\u00e9sultats sont tr\u00e8s prometteurs, mais ils doivent encore \u00eatre confirm\u00e9s par des \u00e9tudes de plus grande ampleur. Il s&rsquo;agira pour les chercheurs d&rsquo;une part de comprendre comment les <a href=\"https:\/\/www.futura-sciences.com\/sante\/definitions\/medecine-hormone-751\/\" target=\"_blank\" rel=\"noopener\">hormones<\/a> sexuelles f\u00e9minines influencent le microbiote et la r\u00e9ponse aux antibiotiques, d&rsquo;autre part, d&rsquo;\u00e9tudier pr\u00e9cis\u00e9ment le r\u00f4le de l&rsquo;IL-17.<\/p>\n<p>Rappelons que la maladie d&rsquo;<a href=\"https:\/\/www.futura-sciences.com\/sante\/actualites\/medecine-alzheimer-nombre-cas-ne-devrait-pas-exploser-44575\/\" title=\"Alzheimer : le nombre de cas ne devrait pas exploser\" target=\"_blank\" rel=\"noopener\">Alzheimer<\/a> est un probl\u00e8me majeur de sant\u00e9 publique. Elle toucherait 900\u2009000 personnes en France. C&rsquo;est la forme la plus courante de <a href=\"https:\/\/www.futura-sciences.com\/sante\/definitions\/medecine-demence-3227\/\" target=\"_blank\" rel=\"noopener\">d\u00e9mence<\/a>. Sa fr\u00e9quence devrait augmenter avec le vieillissement de la population. Actuellement, aucun traitement n&rsquo;existe pour la pr\u00e9venir et la soigner.<\/p>\n<p>Affaire \u00e0 suivre, donc&#8230;<\/p>\n","protected":false},"excerpt":{"rendered":"De plus en plus d&rsquo;\u00e9tudes confirment qu&rsquo;il existe un lien fort entre le microbiote intestinal &#8211; cette communaut\u00e9&hellip;\n","protected":false},"author":2,"featured_media":521693,"comment_status":"","ping_status":"","sticky":false,"template":"","format":"standard","meta":{"footnotes":""},"categories":[10],"tags":[64236,64237,64238,16302,18213,1011,27,72,51187,14089,71],"class_list":{"0":"post-521692","1":"post","2":"type-post","3":"status-publish","4":"format-standard","5":"has-post-thumbnail","7":"category-sante","8":"tag-agcc","9":"tag-akkermansia-muciniphila","10":"tag-antibiotiques","11":"tag-bacterie","12":"tag-fibres-alimentaires","13":"tag-fr","14":"tag-france","15":"tag-health","16":"tag-maladie-dalzheimer-2","17":"tag-microbiotes","18":"tag-sante"},"share_on_mastodon":{"url":"https:\/\/pubeurope.com\/@fr\/115517034935375169","error":""},"_links":{"self":[{"href":"https:\/\/www.europesays.com\/fr\/wp-json\/wp\/v2\/posts\/521692","targetHints":{"allow":["GET"]}}],"collection":[{"href":"https:\/\/www.europesays.com\/fr\/wp-json\/wp\/v2\/posts"}],"about":[{"href":"https:\/\/www.europesays.com\/fr\/wp-json\/wp\/v2\/types\/post"}],"author":[{"embeddable":true,"href":"https:\/\/www.europesays.com\/fr\/wp-json\/wp\/v2\/users\/2"}],"replies":[{"embeddable":true,"href":"https:\/\/www.europesays.com\/fr\/wp-json\/wp\/v2\/comments?post=521692"}],"version-history":[{"count":0,"href":"https:\/\/www.europesays.com\/fr\/wp-json\/wp\/v2\/posts\/521692\/revisions"}],"wp:featuredmedia":[{"embeddable":true,"href":"https:\/\/www.europesays.com\/fr\/wp-json\/wp\/v2\/media\/521693"}],"wp:attachment":[{"href":"https:\/\/www.europesays.com\/fr\/wp-json\/wp\/v2\/media?parent=521692"}],"wp:term":[{"taxonomy":"category","embeddable":true,"href":"https:\/\/www.europesays.com\/fr\/wp-json\/wp\/v2\/categories?post=521692"},{"taxonomy":"post_tag","embeddable":true,"href":"https:\/\/www.europesays.com\/fr\/wp-json\/wp\/v2\/tags?post=521692"}],"curies":[{"name":"wp","href":"https:\/\/api.w.org\/{rel}","templated":true}]}}