{"id":521694,"date":"2025-11-09T01:00:17","date_gmt":"2025-11-09T01:00:17","guid":{"rendered":"https:\/\/www.europesays.com\/fr\/521694\/"},"modified":"2025-11-09T01:00:17","modified_gmt":"2025-11-09T01:00:17","slug":"mekies-assume-les-risques-pris-par-red-bull","status":"publish","type":"post","link":"https:\/\/www.europesays.com\/fr\/521694\/","title":{"rendered":"Mekies assume les risques pris par Red Bull"},"content":{"rendered":"<p>Le directeur de <a href=\"https:\/\/fr.motorsport.com\/team\/red-bull\/553\/\" target=\"_blank\" rel=\"noopener\">Red Bull<\/a> Racing, Laurent Mekies, a r\u00e9v\u00e9l\u00e9 que l&rsquo;\u00e9curie autrichienne avait opt\u00e9 pour une approche \u00ab\u00a0os\u00e9e\u00a0\u00bb dans ses r\u00e9glages avant les qualifications du Grand Prix de S\u00e3o Paulo. Une approche qui n&rsquo;a pas fonctionn\u00e9 puisque les deux monoplaces ont \u00e9t\u00e9 \u00e9limin\u00e9es d\u00e8s la Q1.<\/p>\n<p>Si <a href=\"https:\/\/fr.motorsport.com\/driver\/yuki-tsunoda\/828578\/\" target=\"_blank\" rel=\"noopener\">Yuki Tsunoda<\/a> avait d\u00e9j\u00e0 connu cela lors des qualifs sprint ce vendredi, c&rsquo;est en revanche un coup dur pour <a href=\"https:\/\/fr.motorsport.com\/driver\/max-verstappen\/93029\/\" target=\"_blank\" rel=\"noopener\">Max Verstappen<\/a>, dont les espoirs d&rsquo;aller chercher le titre reposent sur la maximisation des opportunit\u00e9s qui se pr\u00e9sentent. En s&rsquo;\u00e9lan\u00e7ant 16e d&rsquo;une course qui devrait, selon toute vraisemblance, se tenir en conditions s\u00e8ches, la donne se complique, d&rsquo;autant que les <a href=\"https:\/\/fr.motorsport.com\/team\/mclaren\/609\/\" target=\"_blank\" rel=\"noopener\">McLaren<\/a> sont toutes deux dans le top 4.<\/p>\n<blockquote>\n<p>Nous avons pris plus de risques avant les qualifications pour essayer de voir si nous pouvions am\u00e9liorer la position de la voiture, mais cela a clairement eu l&rsquo;effet inverse.<\/p>\n<\/blockquote>\n<p>R\u00e9agissant \u00e0 cette surprenante contre-performance, surtout pour un pilote qui n&rsquo;avait plus \u00e9t\u00e9 \u00e9limin\u00e9 en Q1 depuis le GP de Russie 2021, Mekies a d\u00e9clar\u00e9 pour Sky Sports : \u00ab\u00a0\u00c9videmment, personne ne s&rsquo;attendait \u00e0 quelque chose comme \u00e7a. Nous n&rsquo;\u00e9tions pas satisfaits de la voiture depuis notre arriv\u00e9e ici, et vous avez pu constater nos difficult\u00e9s lors des essais libres et du sprint. Nous \u00e9tions dans une position o\u00f9 nous ne pouvions pas nous battre pour la victoire, mais n\u00e9anmoins nous pouvions nous battre avec le groupe juste derri\u00e8re.\u00a0\u00bb<\/p>\n<p>   <img decoding=\"async\" draggable=\"false\" src=\"https:\/\/www.europesays.com\/fr\/wp-content\/uploads\/2025\/11\/max-verstappen-red-bull-racing.jpg\" alt=\"Max Verstappen (Red Bull)\" width=\"1200\" height=\"800\" loading=\"lazy\"\/> <\/p>\n<p class=\"title\">Max Verstappen (Red Bull)<\/p>\n<p class=\"photographer\">Photo de: Lars Baron \/ LAT Images via Getty Images<\/p>\n<p>\u00ab\u00a0Il est juste de dire que nous avons pris plus de risques avant les qualifications pour essayer de voir si nous pouvions am\u00e9liorer la position de la voiture, mais cela a clairement eu l&rsquo;effet inverse. Voil\u00e0 o\u00f9 nous en sommes aujourd&rsquo;hui. C&rsquo;est parfois le prix \u00e0 payer quand on prend des risques, les choses ne peuvent pas toujours aller dans notre sens. C&rsquo;est douloureux, mais c&rsquo;est une exp\u00e9rience dont nous pouvons tirer des le\u00e7ons et nous am\u00e9liorer.\u00a0\u00bb<\/p>\n<p>\u00ab\u00a0Nous avons pris certains risques, nous avons consid\u00e9rablement modifi\u00e9 la voiture, car c&rsquo;est le genre de risque qu&rsquo;il faut prendre si l&rsquo;on veut se donner une chance de replacer la voiture dans une position o\u00f9 elle pourrait se battre pour quelque chose de plus important que ce matin\u00a0\u00bb, a ajout\u00e9\u00a0Mekies.<\/p>\n<p>\u00ab\u00a0Comme nous l&rsquo;avons dit, les choses ont pris une tournure oppos\u00e9e, donc nous en sommes l\u00e0 o\u00f9 nous en sommes, mais non, je ne dirais pas que c&rsquo;\u00e9tait alarmant. Ce sont des changements os\u00e9s, nous avons toujours \u00e9t\u00e9 audacieux dans notre approche, c&rsquo;est ainsi que nous abordons la course et parfois, cela fait mal.\u00a0\u00bb<\/p>\n<p style=\"text-align: right;\">Avec Lydia Mee<\/p>\n<p>Lire aussi :<\/p>\n<p>            Votre avis nous int\u00e9resse !<\/p>\n<p class=\"mt-auto\">Qu&rsquo;aimeriez-vous voir sur Motorsport.com ?<\/p>\n<p>            <a href=\"#\" class=\"ms-link text-link font-bold\">R\u00e9pondez \u00e0 notre enqu\u00eate en 5 minutes.<\/a><\/p>\n<p class=\"mt-1 text-body\">&#8211; L&rsquo;\u00e9quipe Motorsport.com<\/p>\n","protected":false},"excerpt":{"rendered":"Le directeur de Red Bull Racing, Laurent Mekies, a r\u00e9v\u00e9l\u00e9 que l&rsquo;\u00e9curie autrichienne avait opt\u00e9 pour une approche&hellip;\n","protected":false},"author":2,"featured_media":521695,"comment_status":"","ping_status":"","sticky":false,"template":"","format":"standard","meta":{"footnotes":""},"categories":[9],"tags":[60793,1454,1011,27,60792,26916,2236,2255,60,64239],"class_list":{"0":"post-521694","1":"post","2":"type-post","3":"status-publish","4":"format-standard","5":"has-post-thumbnail","7":"category-sports","8":"tag-autu00f3dromo-josu00e9-carlos-pace","9":"tag-formule-1","10":"tag-fr","11":"tag-france","12":"tag-gp-de-su00e3o-paulo","13":"tag-laurent-mekies","14":"tag-max-verstappen","15":"tag-red-bull","16":"tag-sports","17":"tag-verstappen-u00e9liminu00e9-en-q1u00a0-mekies-assume-les-risques-pris-par-red-bull"},"share_on_mastodon":{"url":"https:\/\/pubeurope.com\/@fr\/115517039300927582","error":""},"_links":{"self":[{"href":"https:\/\/www.europesays.com\/fr\/wp-json\/wp\/v2\/posts\/521694","targetHints":{"allow":["GET"]}}],"collection":[{"href":"https:\/\/www.europesays.com\/fr\/wp-json\/wp\/v2\/posts"}],"about":[{"href":"https:\/\/www.europesays.com\/fr\/wp-json\/wp\/v2\/types\/post"}],"author":[{"embeddable":true,"href":"https:\/\/www.europesays.com\/fr\/wp-json\/wp\/v2\/users\/2"}],"replies":[{"embeddable":true,"href":"https:\/\/www.europesays.com\/fr\/wp-json\/wp\/v2\/comments?post=521694"}],"version-history":[{"count":0,"href":"https:\/\/www.europesays.com\/fr\/wp-json\/wp\/v2\/posts\/521694\/revisions"}],"wp:featuredmedia":[{"embeddable":true,"href":"https:\/\/www.europesays.com\/fr\/wp-json\/wp\/v2\/media\/521695"}],"wp:attachment":[{"href":"https:\/\/www.europesays.com\/fr\/wp-json\/wp\/v2\/media?parent=521694"}],"wp:term":[{"taxonomy":"category","embeddable":true,"href":"https:\/\/www.europesays.com\/fr\/wp-json\/wp\/v2\/categories?post=521694"},{"taxonomy":"post_tag","embeddable":true,"href":"https:\/\/www.europesays.com\/fr\/wp-json\/wp\/v2\/tags?post=521694"}],"curies":[{"name":"wp","href":"https:\/\/api.w.org\/{rel}","templated":true}]}}