{"id":521702,"date":"2025-11-09T01:04:13","date_gmt":"2025-11-09T01:04:13","guid":{"rendered":"https:\/\/www.europesays.com\/fr\/521702\/"},"modified":"2025-11-09T01:04:13","modified_gmt":"2025-11-09T01:04:13","slug":"le-plus-grand-syndicat-appelle-a-la-greve-generale-contre-une-reforme-du-droit-du-travail","status":"publish","type":"post","link":"https:\/\/www.europesays.com\/fr\/521702\/","title":{"rendered":"Le plus grand syndicat appelle \u00e0 la gr\u00e8ve g\u00e9n\u00e9rale contre une r\u00e9forme du droit du travail"},"content":{"rendered":"<p>Le plus grand syndicat du <a href=\"https:\/\/www.20minutes.fr\/dossier\/portugal\" class=\"c-link c-link--is-underlined\" target=\"_blank\" rel=\"noopener\">Portugal<\/a>, la CGTP, a annonc\u00e9 samedi qu\u2019il appelait \u00e0 la <a href=\"https:\/\/www.20minutes.fr\/dossier\/greve\" class=\"c-link c-link--is-underlined\" target=\"_blank\" rel=\"noopener\">gr\u00e8ve g\u00e9n\u00e9rale<\/a> le 11\u00a0d\u00e9cembre pour protester contre une r\u00e9forme majeure du droit du <a href=\"https:\/\/www.20minutes.fr\/dossier\/travail\" class=\"c-link c-link--is-underlined\" target=\"_blank\" rel=\"noopener\">travail<\/a> propos\u00e9e par le gouvernement minoritaire de centre-droit.<\/p>\n<p>Le <a href=\"https:\/\/www.20minutes.fr\/dossier\/premier_ministre\" class=\"c-link c-link--is-underlined\" target=\"_blank\" rel=\"noopener\">Premier ministre<\/a>, Luis Montenegro, a d\u00e9clar\u00e9 que la r\u00e9forme, qui reviendrait \u00e0 modifier plus de 100 articles du <a href=\"https:\/\/www.20minutes.fr\/dossier\/code_du_travail\" class=\"c-link c-link--is-underlined\" target=\"_blank\" rel=\"noopener\">code du travail<\/a>, visait \u00e0 augmenter la productivit\u00e9 et introduire plus de flexibilit\u00e9 dans le march\u00e9 du travail. Parmi les mesures les plus controvers\u00e9es figurent la r\u00e9duction des limites impos\u00e9es \u00e0 la sous-traitance, l\u2019assouplissement des proc\u00e9dures de licenciement et une plus grande flexibilit\u00e9 des horaires de travail.<\/p>\n<p>\u00ab\u00a0Une des plus grandes attaques men\u00e9es contre les travailleurs\u00a0\u00bb<\/p>\n<p>Les syndicats estiment que ces propositions menacent les droits des travailleurs et ont demand\u00e9 qu\u2019elles soient abandonn\u00e9es. Ce projet de r\u00e9forme est \u00ab\u00a0une des plus grandes attaques jamais men\u00e9es contre les travailleurs\u00a0\u00bb au Portugal, a lanc\u00e9 le secr\u00e9taire g\u00e9n\u00e9ral de la CGTP, Tiago Oliveira, lors d\u2019une manifestation \u00e0 <a href=\"https:\/\/www.20minutes.fr\/dossier\/lisbonne\" class=\"c-link c-link--is-underlined\" target=\"_blank\" rel=\"noopener\">Lisbonne<\/a>, o\u00f9 il a annonc\u00e9 la gr\u00e8ve g\u00e9n\u00e9rale.<\/p>\n<p>\u00ab\u00a0Si c\u2019est mis en \u0153uvre, ce serait un v\u00e9ritable recul dans la vie de chacun d\u2019entre nous\u00a0\u00bb, a-t-il ajout\u00e9. Des milliers de manifestants ont d\u00e9fil\u00e9 dans les rues de la capitale portugaise, brandissant des banderoles sur lesquelles on pouvait lire \u00ab\u00a0Non au plan de r\u00e9forme du droit du travail\u00a0\u00bb et scandant des slogans tels que \u00ab\u00a0Nous ne c\u00e9derons pas, ce plan doit \u00eatre abandonn\u00e9\u00a0\u00bb.<\/p>\n","protected":false},"excerpt":{"rendered":"Le plus grand syndicat du Portugal, la CGTP, a annonc\u00e9 samedi qu\u2019il appelait \u00e0 la gr\u00e8ve g\u00e9n\u00e9rale le&hellip;\n","protected":false},"author":2,"featured_media":521703,"comment_status":"","ping_status":"","sticky":false,"template":"","format":"standard","meta":{"footnotes":""},"categories":[5],"tags":[11,11727,1011,27,6151,14,27341,74,12,6996,3847,28],"class_list":{"0":"post-521702","1":"post","2":"type-post","3":"status-publish","4":"format-standard","5":"has-post-thumbnail","7":"category-international","8":"tag-actualites","9":"tag-code-du-travail","10":"tag-fr","11":"tag-france","12":"tag-greve","13":"tag-international","14":"tag-lisbonne","15":"tag-monde","16":"tag-news","17":"tag-portugal","18":"tag-travail","19":"tag-world"},"share_on_mastodon":{"url":"https:\/\/pubeurope.com\/@fr\/115517054446046475","error":""},"_links":{"self":[{"href":"https:\/\/www.europesays.com\/fr\/wp-json\/wp\/v2\/posts\/521702","targetHints":{"allow":["GET"]}}],"collection":[{"href":"https:\/\/www.europesays.com\/fr\/wp-json\/wp\/v2\/posts"}],"about":[{"href":"https:\/\/www.europesays.com\/fr\/wp-json\/wp\/v2\/types\/post"}],"author":[{"embeddable":true,"href":"https:\/\/www.europesays.com\/fr\/wp-json\/wp\/v2\/users\/2"}],"replies":[{"embeddable":true,"href":"https:\/\/www.europesays.com\/fr\/wp-json\/wp\/v2\/comments?post=521702"}],"version-history":[{"count":0,"href":"https:\/\/www.europesays.com\/fr\/wp-json\/wp\/v2\/posts\/521702\/revisions"}],"wp:featuredmedia":[{"embeddable":true,"href":"https:\/\/www.europesays.com\/fr\/wp-json\/wp\/v2\/media\/521703"}],"wp:attachment":[{"href":"https:\/\/www.europesays.com\/fr\/wp-json\/wp\/v2\/media?parent=521702"}],"wp:term":[{"taxonomy":"category","embeddable":true,"href":"https:\/\/www.europesays.com\/fr\/wp-json\/wp\/v2\/categories?post=521702"},{"taxonomy":"post_tag","embeddable":true,"href":"https:\/\/www.europesays.com\/fr\/wp-json\/wp\/v2\/tags?post=521702"}],"curies":[{"name":"wp","href":"https:\/\/api.w.org\/{rel}","templated":true}]}}