{"id":521704,"date":"2025-11-09T01:05:19","date_gmt":"2025-11-09T01:05:19","guid":{"rendered":"https:\/\/www.europesays.com\/fr\/521704\/"},"modified":"2025-11-09T01:05:19","modified_gmt":"2025-11-09T01:05:19","slug":"un-depart-chacun-de-son-cote-mais-sous-tres-haute-tension","status":"publish","type":"post","link":"https:\/\/www.europesays.com\/fr\/521704\/","title":{"rendered":"un d\u00e9part chacun de son c\u00f4t\u00e9\u2026 mais sous tr\u00e8s haute tension"},"content":{"rendered":"<p><a target=\"_self\" href=\"https:\/\/www.lanouvellerepublique.fr\/tours\/identitaires-et-antifascistes-se-defieront-samedi-8-novembre-a-tours-une-centaine-de-policiers-prevus-1762528024\" rel=\"nofollow noopener\">La premi\u00e8re manifestation \u00e0 d\u00e9marrer<\/a>, samedi 8\u00a0novembre 2025, aux alentours de 18\u00a0h\u00a030 \u00e0 Tours, est la \u00ab\u00a0contre-manif\u00a0\u00bb, celle des antifascistes. Environ 200 personnes se sont r\u00e9unies place Anatole-France. Avec des drapeaux des Jeunes Communistes, du NPA, de l\u2019UCL\u2026 \u00ab\u00a0Pour ceux qui veulent se masquer, faites le maintenant, le drone vole au-dessus de nos t\u00eates\u00a0\u00bb, a lanc\u00e9 un jeune. En r\u00e9f\u00e9rence, probablement, aux deux engins volants diligent\u00e9s par la pr\u00e9fecture pour surveiller la soir\u00e9e\u00a0: le r\u00e9f\u00e9r\u00e9 pr\u00e9sent\u00e9 par Vigie Libert\u00e9 au tribunal administratif d\u2019Orl\u00e9ans <a target=\"_self\" href=\"https:\/\/www.lanouvellerepublique.fr\/tours\/tours-sous-tension-des-drones-bel-et-bien-autorises-a-survoler-les-manifestations-prevues-ce-8-novembre-2025-1762613684\" rel=\"nofollow noopener\">a en effet \u00e9t\u00e9 rejet\u00e9<\/a>\u00a0samedi apr\u00e8s-midi\u2026 Les drones vont bien voler.<\/p>\n<p>Se mettant en route en direction des Tanneurs, lan\u00e7ant des slogans antifascistes, le groupe de manifestants a peu \u00e0 peu gonfl\u00e9, jusqu\u2019\u00e0 400 \u00e0 500 personnes.<\/p>\n<p>Les premiers d\u00e9rapages<\/p>\n<p>De son c\u00f4t\u00e9, le groupuscule identitaire Des Tours et des Lys, parti pour sa marche aux flambeaux en hommage \u00e0 saint Martin, a mis plus de temps \u00e0 se rassembler\u00a0: environ 80 personnes aux abords de la cath\u00e9drale, qui deviendront bient\u00f4t 200. Avec un slogan \u00ab\u00a0d\u00e9fendons notre h\u00e9ritage\u00a0\u00bb et des consignes de s\u00e9curit\u00e9 donn\u00e9es\u00a0: \u00ab\u00a0Courtoisie, respect, dissuasion.\u00a0\u00bb<\/p>\n<p><img alt=\"Le groupuscule identitaire Des Tours et des Lys s\u2019est rassembl\u00e9 place de la cath\u00e9drale.\" loading=\"lazy\" width=\"980\" height=\"573\" decoding=\"async\" data-nimg=\"1\" class=\"img-responsive spinner-show\" style=\"color:transparent;background-size:cover;background-position:50% 50%;background-repeat:no-repeat;background-image:url(&quot;data:image\/svg+xml;charset=utf-8,%3Csvg xmlns='http:\/\/www.w3.org\/2000\/svg' viewBox='0 0 980 573'%3E%3Cfilter id='b' color-interpolation-filters='sRGB'%3E%3CfeGaussianBlur stdDeviation='20'\/%3E%3CfeColorMatrix values='1 0 0 0 0 0 1 0 0 0 0 0 1 0 0 0 0 0 100 -1' result='s'\/%3E%3CfeFlood x='0' y='0' width='100%25' height='100%25'\/%3E%3CfeComposite operator='out' in='s'\/%3E%3CfeComposite in2='SourceGraphic'\/%3E%3CfeGaussianBlur stdDeviation='20'\/%3E%3C\/filter%3E%3Cimage width='100%25' height='100%25' x='0' y='0' preserveAspectRatio='none' style='filter: url(%23b);' href='https:\/\/images.lanouvellerepublique.fr\/image\/upload\/t_88w\/f_auto\/690f9d9ae67e2b5a1f8b45de.jpg'\/%3E%3C\/svg%3E&quot;)\"   src=\"https:\/\/www.europesays.com\/fr\/wp-content\/uploads\/2025\/11\/690f9d9ae67e2b5a1f8b45de.jpg\"\/><\/p>\n<p style=\"background-color:#F2F2F2;padding:5px;margin-top:0px;margin-bottom:10px\">Le groupuscule identitaire Des Tours et des Lys s\u2019est rassembl\u00e9 place de la cath\u00e9drale.<br \/> \u00a9 (Photo NR, Julien Pruvost)<\/p>\n<p>\u00c0 suivre si cette \u00ab\u00a0courtoisie\u00a0\u00bb allait tenir le reste de la soir\u00e9e. Cela fait <a target=\"_self\" href=\"https:\/\/www.lanouvellerepublique.fr\/tours\/tours-identitaires-et-antifascistes-se-defient-a-distance\" rel=\"nofollow noopener\">plusieurs ann\u00e9es, maintenant<\/a>, que les deux groupes se retrouvent (\u00e0 plus ou moins de distance) dans les rues de Tours d\u00e9but novembre. Et la tension est palpable en ce d\u00e9but de soir\u00e9e. Quelques opposants font p\u00e9ter des p\u00e9tards avant m\u00eame le d\u00e9part des identitaires de la place de la cath\u00e9drale\u2026<\/p>\n<\/p>\n<p>Le ton monte<\/p>\n<p>Pendant ce temps, la manifestation des antifas progresse vers le vieux Tours. Et arriv\u00e9s rue Ch\u00e2teauneuf, le ton monte. C\u2019est l\u2019altercation aux terrasses. Les forces de l\u2019ordre chargent, s\u2019emparent des banderoles. Quelques manifestants lancent des verres. Petit \u00e0 petit, des manifestants revenant depuis la place Plumereau, les forces de l\u2019ordre commencent \u00e0 barricader. Il est \u00e0 peine plus de 20h30.<\/p>\n<\/p>\n<p><b>Mai<\/b><\/p>\n<p><b>&gt;\u00a0\u00c0 LIRE AUSSI.\u00a0<a target=\"_self\" href=\"https:\/\/www.lanouvellerepublique.fr\/tours\/identitaires-et-antifascistes-se-defieront-samedi-8-novembre-a-tours-une-centaine-de-policiers-prevus-1762528024\" rel=\"nofollow noopener\">Identitaires et antifascistes se d\u00e9fieront samedi 8\u00a0novembre \u00e0 Tours\u00a0: une centaine de policiers pr\u00e9vue<\/a><\/b><\/p>\n","protected":false},"excerpt":{"rendered":"La premi\u00e8re manifestation \u00e0 d\u00e9marrer, samedi 8\u00a0novembre 2025, aux alentours de 18\u00a0h\u00a030 \u00e0 Tours, est la \u00ab\u00a0contre-manif\u00a0\u00bb, celle&hellip;\n","protected":false},"author":2,"featured_media":521705,"comment_status":"","ping_status":"","sticky":false,"template":"","format":"standard","meta":{"footnotes":""},"categories":[4],"tags":[1392,11,1011,27,12,316,25,656,801,1390],"class_list":{"0":"post-521704","1":"post","2":"type-post","3":"status-publish","4":"format-standard","5":"has-post-thumbnail","7":"category-france","8":"tag-a-la-une-local","9":"tag-actualites","10":"tag-fr","11":"tag-france","12":"tag-news","13":"tag-politique","14":"tag-republique-francaise","15":"tag-securite","16":"tag-social","17":"tag-tours"},"share_on_mastodon":{"url":"https:\/\/pubeurope.com\/@fr\/115517058904410016","error":""},"_links":{"self":[{"href":"https:\/\/www.europesays.com\/fr\/wp-json\/wp\/v2\/posts\/521704","targetHints":{"allow":["GET"]}}],"collection":[{"href":"https:\/\/www.europesays.com\/fr\/wp-json\/wp\/v2\/posts"}],"about":[{"href":"https:\/\/www.europesays.com\/fr\/wp-json\/wp\/v2\/types\/post"}],"author":[{"embeddable":true,"href":"https:\/\/www.europesays.com\/fr\/wp-json\/wp\/v2\/users\/2"}],"replies":[{"embeddable":true,"href":"https:\/\/www.europesays.com\/fr\/wp-json\/wp\/v2\/comments?post=521704"}],"version-history":[{"count":0,"href":"https:\/\/www.europesays.com\/fr\/wp-json\/wp\/v2\/posts\/521704\/revisions"}],"wp:featuredmedia":[{"embeddable":true,"href":"https:\/\/www.europesays.com\/fr\/wp-json\/wp\/v2\/media\/521705"}],"wp:attachment":[{"href":"https:\/\/www.europesays.com\/fr\/wp-json\/wp\/v2\/media?parent=521704"}],"wp:term":[{"taxonomy":"category","embeddable":true,"href":"https:\/\/www.europesays.com\/fr\/wp-json\/wp\/v2\/categories?post=521704"},{"taxonomy":"post_tag","embeddable":true,"href":"https:\/\/www.europesays.com\/fr\/wp-json\/wp\/v2\/tags?post=521704"}],"curies":[{"name":"wp","href":"https:\/\/api.w.org\/{rel}","templated":true}]}}