{"id":521706,"date":"2025-11-09T01:06:09","date_gmt":"2025-11-09T01:06:09","guid":{"rendered":"https:\/\/www.europesays.com\/fr\/521706\/"},"modified":"2025-11-09T01:06:09","modified_gmt":"2025-11-09T01:06:09","slug":"ramos-a-joue-juste-montagne-a-souffert","status":"publish","type":"post","link":"https:\/\/www.europesays.com\/fr\/521706\/","title":{"rendered":"Ramos a jou\u00e9 juste, Montagne a souffert"},"content":{"rendered":"<p>            Par<br \/>\n        <strong><br \/>\n            <a href=\"https:\/\/actu.fr\/auteur\/clement-mazella\" title=\"Consulter tous les articles de Cl\u00e9ment Mazella\" rel=\"nofollow noopener\" target=\"_blank\">Cl\u00e9ment Mazella<\/a><br \/>\n        <\/strong><\/p>\n<p>        Publi\u00e9 le<\/p>\n<p>            8 nov. 2025 \u00e0 23h20        <\/p>\n<p>Une gifle, il faut le reconna\u00eetre. Car en sup\u00e9riorit\u00e9 num\u00e9rique durant une mi-temps, <a href=\"https:\/\/actu.fr\/rugby\/xv-de-france\" rel=\"nofollow noopener\" target=\"_blank\">le XV de France<\/a> a <a href=\"https:\/\/actu.fr\/sports\/rugby\/xv-de-france\/france-afrique-du-sud-ce-qui-nous-a-plu-et-deplu_63414460.html\" rel=\"nofollow noopener\" target=\"_blank\">totalement craqu\u00e9 contre l\u2019Afrique du Sud (17-32)<\/a> \u00e0 l\u2019heure de jeu. Globalement, le banc des rempla\u00e7ants a subi les \u00e9v\u00e9nements, et le Clermontois R\u00e9gis Montagne a souffert. Ramos, Flament et Marchand sont les seuls qui ont le mieux tir\u00e9 leur \u00e9pingle du jeu. Les notes.<\/p>\n<p>Les notes du XV de France : ils ont brill\u00e9<\/p>\n<p class=\" wall-content\">Certes, il commence mal, en se faisant dominer par Kolbe sous une chandelle (1\u00e8re). Mais derri\u00e8re, le Toulousain s\u2019est montr\u00e9 tr\u00e8s s\u00fbr, autoritaire dans les duels. Sa passe au pied pour le premier essai de Penaud est un bijou (5e). Il joue juste aussi pour le doubl\u00e9 de l\u2019ailier bordelais. 100% face aux perches, sans oublier 6 d\u00e9fenseurs battus.<\/p>\n<p class=\" wall-content\">Une grosse activit\u00e9 ! Dans les airs, au sol, ou dans le jeu courant, le Toulousain s\u2019est d\u00e9men\u00e9. Ses charges ont souvent fait avancer les Bleus (20m gagn\u00e9s). Intercepte une balle tr\u00e8s chaude (75e). Pr\u00e9cieux en touche.<\/p>\n<p class=\" wall-content\">On a retrouv\u00e9 du tr\u00e8s bon Julien Marchand. Ultra tonique dans les duels, le Toulousain a avanc\u00e9 sur plusieurs charges (12m gagn\u00e9s). Une passe superbe (31e) sur une grosse offensive tricolore. Gratte \u00e9galement un ballon (21e). N\u2019a rat\u00e9 aucun plaquage.<\/p>\n<p class=\" wall-content\">Mais aussi : Meafou, Boudehent, Penaud.<\/p>\n<p>Les notes du XV de France : ils ont \u00e9t\u00e9 un ton en dessous<\/p>\n<p>Votre r\u00e9gion, votre actu !<\/p>\n<p>Recevez chaque jour les infos qui comptent pour vous.<\/p>\n<p>\t<a href=\"https:\/\/actu.fr\/newsletter\" class=\"ac-btn ac-btn--corner ac-btn--medium ac-btn--blue800\" rel=\"nofollow noopener\" target=\"_blank\">S&rsquo;incrire<\/a><\/p>\n<p class=\" wall-content\">Le pilier de Clermont passait un sacr\u00e9 test, et force est de constater qu\u2019il a \u00e9norm\u00e9ment souffert en m\u00eal\u00e9e ferm\u00e9e. Il est p\u00e9nalis\u00e9 (13e), peu de temps apr\u00e8s avoir plong\u00e9 au soutien (9e). Pris de vitesse, il n\u2019assure pas son plaquage sur l\u2019essai de Reinach. 8 bonnes minutes au retour des vestiaires, et 100% en d\u00e9fense (5\/5).\u00a0<\/p>\n<ul class=\" wall-content\">\n<li><strong>Louis Bielle-Biarrey : 4\/10<\/strong><\/li>\n<\/ul>\n<p class=\" wall-content\">Une premi\u00e8re mi-temps o\u00f9 on ne l\u2019a quasiment pas vu, ayant du mal sous les ballons hauts. S\u2019est repris au retour des vestiaires avec une \u00e9chapp\u00e9e sur son aile. Mais le gros point noir, c\u2019est bien \u00e9videmment cette tentative d\u2019interception mal sentie, qui engendre un carton jaune (64e). Le momentum bascula pour les Boks, qui ont marqu\u00e9 deux essais.<\/p>\n<p class=\" wall-content\">Mais aussi : Fickou, Erdocio, Ntamack et le banc des rempla\u00e7ants.<\/p>\n<p class=\" wall-content\">Personnalisez votre actualit\u00e9 en ajoutant vos villes et m\u00e9dias en favori avec <a href=\"https:\/\/moncompte.actu.fr\" title=\"D\u00e9couvez Mon Actu\" rel=\"nofollow noopener\" data-trk=\"{&quot;cta&quot;:{&quot;action&quot;:&quot;https:\\\/\\\/moncompte.actu.fr&quot;,&quot;category&quot;:&quot;mon compte&quot;,&quot;from&quot;:&quot;article footer&quot;,&quot;name&quot;:&quot;Mon actu&quot;,&quot;type&quot;:&quot;cta&quot;}}\" target=\"_blank\">Mon Actu<\/a>.<\/p>\n","protected":false},"excerpt":{"rendered":"Par Cl\u00e9ment Mazella Publi\u00e9 le 8 nov. 2025 \u00e0 23h20 Une gifle, il faut le reconna\u00eetre. Car en&hellip;\n","protected":false},"author":2,"featured_media":521707,"comment_status":"","ping_status":"","sticky":false,"template":"","format":"standard","meta":{"footnotes":""},"categories":[2],"tags":[11,1011,27,12,479,60,513],"class_list":{"0":"post-521706","1":"post","2":"type-post","3":"status-publish","4":"format-standard","5":"has-post-thumbnail","7":"category-actualites","8":"tag-actualites","9":"tag-fr","10":"tag-france","11":"tag-news","12":"tag-rugby","13":"tag-sports","14":"tag-xv-de-france"},"share_on_mastodon":{"url":"https:\/\/pubeurope.com\/@fr\/115517062299649918","error":""},"_links":{"self":[{"href":"https:\/\/www.europesays.com\/fr\/wp-json\/wp\/v2\/posts\/521706","targetHints":{"allow":["GET"]}}],"collection":[{"href":"https:\/\/www.europesays.com\/fr\/wp-json\/wp\/v2\/posts"}],"about":[{"href":"https:\/\/www.europesays.com\/fr\/wp-json\/wp\/v2\/types\/post"}],"author":[{"embeddable":true,"href":"https:\/\/www.europesays.com\/fr\/wp-json\/wp\/v2\/users\/2"}],"replies":[{"embeddable":true,"href":"https:\/\/www.europesays.com\/fr\/wp-json\/wp\/v2\/comments?post=521706"}],"version-history":[{"count":0,"href":"https:\/\/www.europesays.com\/fr\/wp-json\/wp\/v2\/posts\/521706\/revisions"}],"wp:featuredmedia":[{"embeddable":true,"href":"https:\/\/www.europesays.com\/fr\/wp-json\/wp\/v2\/media\/521707"}],"wp:attachment":[{"href":"https:\/\/www.europesays.com\/fr\/wp-json\/wp\/v2\/media?parent=521706"}],"wp:term":[{"taxonomy":"category","embeddable":true,"href":"https:\/\/www.europesays.com\/fr\/wp-json\/wp\/v2\/categories?post=521706"},{"taxonomy":"post_tag","embeddable":true,"href":"https:\/\/www.europesays.com\/fr\/wp-json\/wp\/v2\/tags?post=521706"}],"curies":[{"name":"wp","href":"https:\/\/api.w.org\/{rel}","templated":true}]}}