{"id":521708,"date":"2025-11-09T01:07:22","date_gmt":"2025-11-09T01:07:22","guid":{"rendered":"https:\/\/www.europesays.com\/fr\/521708\/"},"modified":"2025-11-09T01:07:22","modified_gmt":"2025-11-09T01:07:22","slug":"les-vins-dici-sont-riches-en-expressions-aromatiques","status":"publish","type":"post","link":"https:\/\/www.europesays.com\/fr\/521708\/","title":{"rendered":"\u00ab\u00a0Les vins d&rsquo;ici sont riches en expressions aromatiques\u00a0\u00bb"},"content":{"rendered":"<p>\u00ab\u00a0Un blanc du Forez et un du Roannais, c\u2019est parfait comme accompagnement.\u00a0\u00bb Pascal et Serge n\u2019ont aucun doute\u00a0: ils ont choisi la meilleure escorte pour d\u00e9guster leur huitaine d\u2019hu\u00eetres.<\/p>\n<p>Il est 11 heures, samedi, dans la salle Longchamp, et les deux habitants de Nervieux, qui s\u2019y connaissent en sang de la terre, savaient qu\u2019ils trouveraient verres \u00e0 leurs l\u00e8vres au salon de la Loire aux 3 vignobles (vignoble du Forez, c\u00f4te-roannaise et c\u00f4tes-du-rh\u00f4ne septentrionales).<\/p>\n<p>Depuis vendredi et jusqu\u2019\u00e0 dimanche, 36 vignerons du d\u00e9partement sont install\u00e9s dans cet espace de l\u2019hippodrome baldom\u00e9rien. Au pays de Badoit, le vin est roi ce week-end.<\/p>\n<p>  Les ateliers du sommelier historique du restaurant Troisgros<\/p>\n<p>Patricia Putman, productrice \u00e0 Malleval avec son mari Thomas, n\u2019a rat\u00e9 qu\u2019une seule des 26 \u00e9ditions\u00a0: \u00ab\u00a0La premi\u00e8re seulement\u00a0! Depuis, on est au rendez-vous. Les gens nous demandent beaucoup de saint-joseph blanc, l\u2019appellation pla\u00eet beaucoup. Le condrieu a beaucoup de succ\u00e8s aussi.\u00a0\u00bb<\/p>\n<p>\u00c0 l\u2019inverse, le For\u00e9zien <a href=\"https:\/\/www.leprogres.fr\/economie\/2024\/01\/02\/au-domaine-des-terrasses-une-recolte-2023-prometteuse-pour-ses-deux-jeunes-viticulteurs\" target=\"_blank\" rel=\"noopener\">Amaury Faurand<\/a> a particip\u00e9 au salon pour la premi\u00e8re fois en 2023. Et le vigneron de Marcoux, qui a repris des vignes dont le raisin \u00e9tait vendu \u00e0 la coop\u00e9rative de Trelins, se sent plut\u00f4t \u00e0 l\u2019aise\u00a0: \u00ab C&rsquo;\u00e9taient nos quatri\u00e8mes vendanges cette ann\u00e9e. On aime bien se retrouver entre nous ici et c\u2019est un moment humainement int\u00e9ressant.\u00a0\u00bb<\/p>\n<p>Dans une salle annexe, Mathieu, Mehdy et J\u00e9richo, trois vingtenaires lig\u00e9riens, boivent les paroles de <a href=\"https:\/\/www.leprogres.fr\/loire\/2015\/07\/30\/le-sommelier-de-troisgros-va-pouvoir-gouter-a-la-retraite\" target=\"_blank\" rel=\"noopener\">Jean-Jacques Banchet<\/a>. Le sommelier historique du restaurant Troisgros (de 1975 \u00e0 2015) anime un atelier de d\u00e9gustation et donne les cl\u00e9s pour comprendre les diff\u00e9rentes personnalit\u00e9s du divin breuvage\u00a0: \u00ab\u00a0Il faut savoir si un vin a assez de structures pour aller dans le temps ou assez peu pour le consommer assez rapidement.\u00a0\u00bb<\/p>\n<p>  \u00ab\u00a0Le raisin a pu grossir \u00e0 sa bonne hauteur et la structure tannique est bonne\u00a0\u00bb<\/p>\n<p>Jean-Marie Vial, pr\u00e9sident de <a href=\"https:\/\/www.leprogres.fr\/economie\/2025\/10\/27\/la-loire-aux-trois-vignobles-un-salon-pour-redecouvrir-les-vins-de-nos-terroirs\" target=\"_blank\" rel=\"noopener\">la Loire aux 3 vignobles<\/a> (180 viticulteurs), est plut\u00f4t satisfait du cru 2025\u00a0: \u00ab\u00a0On est sur une ann\u00e9e un petit peu caniculaire, puis on a eu de l\u2019eau fin ao\u00fbt, d\u00e9but septembre. Le raisin a donc pu grossir \u00e0 sa bonne hauteur et la structure tannique est bonne\u00a0\u00bb.<\/p>\n<p>Pour le vigneron de Saint-Andr\u00e9-d\u2019Apchon (c\u00f4te-roannaise), la vari\u00e9t\u00e9 des vins produits est l\u2019un des points forts du d\u00e9partement\u00a0: \u00ab\u00a0Les vins de la Loire sont riches en expressions aromatiques diff\u00e9rentes.\u00a0\u00bb<\/p>\n<p>En partant, nous rencontrons Georges et Roland au \u00ab\u00a0vinodrive\u00a0\u00bb. Les deux Chazellois sont des habitu\u00e9s du salon et remplissent le coffre de leur Renault Scenic. Le premier a achet\u00e9 trois cartons, le second huit\u00a0: \u00ab\u00a0Mais ils ne sont pas tous pour moi hein (rires)\u00a0!\u00a0\u00bb On ne vous jugeait pas.<\/p>\n<p class=\"note\">Le salon de la Loire aux 3 vignobles se poursuit ce dimanche, de 10 \u00e0 18 heures, \u00e0 l\u2019hippodrome de Saint-Galmier. Tarif d\u2019entr\u00e9e\u00a0: 5\u00a0euros. Un vinodrive est \u00e0 disposition pour r\u00e9cup\u00e9rer directement vos commandes sur le parking.<\/p>\n","protected":false},"excerpt":{"rendered":"\u00ab\u00a0Un blanc du Forez et un du Roannais, c\u2019est parfait comme accompagnement.\u00a0\u00bb Pascal et Serge n\u2019ont aucun doute\u00a0:&hellip;\n","protected":false},"author":2,"featured_media":521709,"comment_status":"","ping_status":"","sticky":false,"template":"","format":"standard","meta":{"footnotes":""},"categories":[9653],"tags":[1111,11,2430,1687,7359,1777,674,3326,1011,27,3367,12,25,4001,49041,17137],"class_list":{"0":"post-521708","1":"post","2":"type-post","3":"status-publish","4":"format-standard","5":"has-post-thumbnail","7":"category-saint-etienne","8":"tag-actu","9":"tag-actualites","10":"tag-auvergne-rhone-alpes","11":"tag-culture-loisirs","12":"tag-edition-loire-centre","13":"tag-eu","14":"tag-europe","15":"tag-fete-locale","16":"tag-fr","17":"tag-france","18":"tag-loire","19":"tag-news","20":"tag-republique-francaise","21":"tag-saint-etienne","22":"tag-saint-galmier","23":"tag-saint-galmier-bassin"},"share_on_mastodon":{"url":"https:\/\/pubeurope.com\/@fr\/115517066159886292","error":""},"_links":{"self":[{"href":"https:\/\/www.europesays.com\/fr\/wp-json\/wp\/v2\/posts\/521708","targetHints":{"allow":["GET"]}}],"collection":[{"href":"https:\/\/www.europesays.com\/fr\/wp-json\/wp\/v2\/posts"}],"about":[{"href":"https:\/\/www.europesays.com\/fr\/wp-json\/wp\/v2\/types\/post"}],"author":[{"embeddable":true,"href":"https:\/\/www.europesays.com\/fr\/wp-json\/wp\/v2\/users\/2"}],"replies":[{"embeddable":true,"href":"https:\/\/www.europesays.com\/fr\/wp-json\/wp\/v2\/comments?post=521708"}],"version-history":[{"count":0,"href":"https:\/\/www.europesays.com\/fr\/wp-json\/wp\/v2\/posts\/521708\/revisions"}],"wp:featuredmedia":[{"embeddable":true,"href":"https:\/\/www.europesays.com\/fr\/wp-json\/wp\/v2\/media\/521709"}],"wp:attachment":[{"href":"https:\/\/www.europesays.com\/fr\/wp-json\/wp\/v2\/media?parent=521708"}],"wp:term":[{"taxonomy":"category","embeddable":true,"href":"https:\/\/www.europesays.com\/fr\/wp-json\/wp\/v2\/categories?post=521708"},{"taxonomy":"post_tag","embeddable":true,"href":"https:\/\/www.europesays.com\/fr\/wp-json\/wp\/v2\/tags?post=521708"}],"curies":[{"name":"wp","href":"https:\/\/api.w.org\/{rel}","templated":true}]}}