{"id":521714,"date":"2025-11-09T01:12:26","date_gmt":"2025-11-09T01:12:26","guid":{"rendered":"https:\/\/www.europesays.com\/fr\/521714\/"},"modified":"2025-11-09T01:12:26","modified_gmt":"2025-11-09T01:12:26","slug":"cest-triste-de-voir-une-performance-pareille-lache-ogara-la-rochelle","status":"publish","type":"post","link":"https:\/\/www.europesays.com\/fr\/521714\/","title":{"rendered":"\u00abC\u2019est triste de voir une performance pareille\u00bb, l\u00e2che O\u2019Gara (La Rochelle)"},"content":{"rendered":"<p>\n    Ronan O\u2019Gara et Pierre Mignoni se sont exprim\u00e9s apr\u00e8s le large succ\u00e8s de Toulon face \u00e0 La Rochelle (39-14) lors du match en retard de la troisi\u00e8me journ\u00e9e.<\/p>\n<p class=\"fig-paragraph\">Ronan O\u2019Gara, manager de La Rochelle, apr\u00e8s<a href=\"http:\/\/www.lefigaro.fr\/sports\/rugby\/top-14\/top-14-trop-fort-pour-la-rochelle-toulon-s-invite-aux-cotes-de-toulouse-20251108\" data-fig-type=\"NewsFlash\" data-gtm-custom-categorie=\"navigation\" data-gtm-custom-action=\"crossclick\" data-gtm-custom-label=\"Contextuel\" data-gtm-event=\"customEventSPE\" data-fig-domain=\"LEFIGARO\" target=\"_blank\" rel=\"noopener\">\u00a0la d\u00e9faite de son \u00e9quipe sur la pelouse de Toulon (39-14)<\/a>\u00a0ce samedi\u00a0: \u00abCe soir, on jouait pour la premi\u00e8re place. C\u2019est triste de voir une performance pareille quand tu joues pour la premi\u00e8re place. Je pense qu\u2019on n\u2019\u00e9tait pas convaincus avant le match de pouvoir obtenir un r\u00e9sultat. Toulon a bien m\u00e9rit\u00e9 sa victoire. (&#8230;) Je me suis fait chambrer par le public de Toulon mais c\u2019est un tr\u00e8s bon public qui respecte le rugby avec une bonne ferveur et si on perd \u00e7a dans le rugby, on est mort.\u00bb<\/p>\n<blockquote class=\"fig-quote&#10;    \">\n<p class=\"fig-quote__text\">Il reste encore plein de progr\u00e8s \u00e0 faire.<\/p>\n<p>            Pierre Mignoni\n    <\/p><\/blockquote>\n<p class=\"fig-paragraph\">Pierre Mignoni, directeur du rugby de Toulon: \u00abOn attendait ce match depuis la troisi\u00e8me journ\u00e9e. On le tra\u00eenait un peu au classement et on voulait voir o\u00f9 on se situait. Sur le plan comptable, c&rsquo;est bien, mais le championnat est tr\u00e8s serr\u00e9, on n&rsquo;a fait qu&rsquo;un tiers. C&rsquo;est certainement l&rsquo;un des meilleurs d\u00e9buts de saison sur le plan comptable depuis que je suis \u00e0 Toulon m\u00eame s&rsquo;il reste encore plein de progr\u00e8s \u00e0 faire. \u00c0 un point pr\u00e8s, on faisait un sans-faute \u00e0 domicile, c&rsquo;est plut\u00f4t fort.\u00bb<\/p>\n","protected":false},"excerpt":{"rendered":"Ronan O\u2019Gara et Pierre Mignoni se sont exprim\u00e9s apr\u00e8s le large succ\u00e8s de Toulon face \u00e0 La Rochelle&hellip;\n","protected":false},"author":2,"featured_media":521715,"comment_status":"","ping_status":"","sticky":false,"template":"","format":"standard","meta":{"footnotes":""},"categories":[9619],"tags":[1111,11,1777,674,1011,27,12,882,8177,25,22953,6365,2310],"class_list":{"0":"post-521714","1":"post","2":"type-post","3":"status-publish","4":"format-standard","5":"has-post-thumbnail","7":"category-toulon","8":"tag-actu","9":"tag-actualites","10":"tag-eu","11":"tag-europe","12":"tag-fr","13":"tag-france","14":"tag-news","15":"tag-provence-alpes-cote-dazur","16":"tag-rc-toulon","17":"tag-republique-francaise","18":"tag-ronan-ogara","19":"tag-stade-rochelais","20":"tag-toulon"},"share_on_mastodon":{"url":"https:\/\/pubeurope.com\/@fr\/115517085703854922","error":""},"_links":{"self":[{"href":"https:\/\/www.europesays.com\/fr\/wp-json\/wp\/v2\/posts\/521714","targetHints":{"allow":["GET"]}}],"collection":[{"href":"https:\/\/www.europesays.com\/fr\/wp-json\/wp\/v2\/posts"}],"about":[{"href":"https:\/\/www.europesays.com\/fr\/wp-json\/wp\/v2\/types\/post"}],"author":[{"embeddable":true,"href":"https:\/\/www.europesays.com\/fr\/wp-json\/wp\/v2\/users\/2"}],"replies":[{"embeddable":true,"href":"https:\/\/www.europesays.com\/fr\/wp-json\/wp\/v2\/comments?post=521714"}],"version-history":[{"count":0,"href":"https:\/\/www.europesays.com\/fr\/wp-json\/wp\/v2\/posts\/521714\/revisions"}],"wp:featuredmedia":[{"embeddable":true,"href":"https:\/\/www.europesays.com\/fr\/wp-json\/wp\/v2\/media\/521715"}],"wp:attachment":[{"href":"https:\/\/www.europesays.com\/fr\/wp-json\/wp\/v2\/media?parent=521714"}],"wp:term":[{"taxonomy":"category","embeddable":true,"href":"https:\/\/www.europesays.com\/fr\/wp-json\/wp\/v2\/categories?post=521714"},{"taxonomy":"post_tag","embeddable":true,"href":"https:\/\/www.europesays.com\/fr\/wp-json\/wp\/v2\/tags?post=521714"}],"curies":[{"name":"wp","href":"https:\/\/api.w.org\/{rel}","templated":true}]}}