{"id":521720,"date":"2025-11-09T01:17:25","date_gmt":"2025-11-09T01:17:25","guid":{"rendered":"https:\/\/www.europesays.com\/fr\/521720\/"},"modified":"2025-11-09T01:17:25","modified_gmt":"2025-11-09T01:17:25","slug":"arthur-bouba-souhaite-accomplir-une-saison-pleine","status":"publish","type":"post","link":"https:\/\/www.europesays.com\/fr\/521720\/","title":{"rendered":"Arthur Bouba souhaite accomplir une saison pleine"},"content":{"rendered":"\n<p>A seulement 24 ans, Arthur Bouba a d\u00e9j\u00e0 connu son lot de p\u00e9pins physiques, notamment des blessures aux ligaments crois\u00e9s et une fracture du bras qui l&rsquo;ont longtemps contraint \u00e0 rester \u00e9loign\u00e9 des parquets. De retour \u00e0 l&rsquo;entra\u00eenement depuis le printemps dernier, l&rsquo;ailier fort de 2,02 m\u00e8tres esp\u00e8re enfin accomplir une saison pleine avec le RMB. Il a montr\u00e9 toute l&rsquo;\u00e9tendue de son talent lors des toutes r\u00e9centes rencontres du championnat Elite 2, face \u00e0 Evreux et Orl\u00e9ans : \u00ab\u00a0Individuellement, \u00e7a a \u00e9t\u00e9 un petit peu compliqu\u00e9 au d\u00e9but parce qu&rsquo;il fallait que je me retrouve, que je retrouve les sensations de match, le rythme, etc. <strong>Mais voil\u00e0, \u00e7a fait maintenant deux, trois matchs que je me sens vraiment beaucoup mieux. Physiquement, \u00e7a va vraiment tr\u00e8s tr\u00e8s bien<\/strong>\u00a0\u00bb assure-t-il.<\/p>\n<p><strong>Une foi importante sur et en dehors des terrains<\/strong><\/p>\n<p>Arthur Bouba, dont la prestation sera scrut\u00e9e avec attention ce vendredi 7 novembre \u00e0 Poitiers, montre une grande force de caract\u00e8re. S&rsquo;il confie avoir connu une certaine appr\u00e9hension au moment de la reprise, il insiste sur l&rsquo;importance qu&rsquo;a eue pour lui sa foi dans la religion lors des p\u00e9riodes compliqu\u00e9es sportivement. \u00ab\u00a0Je ne vais pas mentir, il y en a eu un peu au d\u00e9but. Pas mal de pens\u00e9es o\u00f9 je pense \u00e0 me blesser, o\u00f9 j&rsquo;ai peur de me blesser. <strong>Mais encore une fois, et c&rsquo;est important pour moi de le dire, la foi que j&rsquo;ai en Dieu m&rsquo;a vraiment permis de passer outre ces \u00e9tapes-l\u00e0<\/strong>,<strong> <\/strong>\u00e9tant donn\u00e9 que c&rsquo;\u00e9tait pas les premi\u00e8res [\u2026] Et \u00e0 chaque fois, \u00e7a a \u00e9t\u00e9 la m\u00eame chose, me recentrer sur Dieu, prier et m\u00e9diter sa parole\u00a0\u00bb. Une foi tr\u00e8s importante pour Arthur Bouba, sur et en dehors des terrains de basket, et la confiance que lui accorde son coach au RMB, Sylvain Delorme, d\u00e9tecteur de jeunes talents.<\/p>\n","protected":false},"excerpt":{"rendered":"A seulement 24 ans, Arthur Bouba a d\u00e9j\u00e0 connu son lot de p\u00e9pins physiques, notamment des blessures aux&hellip;\n","protected":false},"author":2,"featured_media":521721,"comment_status":"","ping_status":"","sticky":false,"template":"","format":"standard","meta":{"footnotes":""},"categories":[9587],"tags":[1111,11,64241,64243,64246,1777,674,1011,27,22461,34987,12,5161,25,64242,9590,64240,64247,64244,64245],"class_list":{"0":"post-521720","1":"post","2":"type-post","3":"status-publish","4":"format-standard","5":"has-post-thumbnail","7":"category-rouen","8":"tag-actu","9":"tag-actualites","10":"tag-arthur-bouba","11":"tag-basket-rouen","12":"tag-elite-2-basket","13":"tag-eu","14":"tag-europe","15":"tag-fr","16":"tag-france","17":"tag-infos-rouen","18":"tag-kindarena","19":"tag-news","20":"tag-normandie","21":"tag-republique-francaise","22":"tag-rmb","23":"tag-rouen","24":"tag-rouen-basket","25":"tag-rouen-metropole-basket","26":"tag-sport-rouen","27":"tag-sylvain-delorme"},"share_on_mastodon":{"url":"https:\/\/pubeurope.com\/@fr\/115517105314974891","error":""},"_links":{"self":[{"href":"https:\/\/www.europesays.com\/fr\/wp-json\/wp\/v2\/posts\/521720","targetHints":{"allow":["GET"]}}],"collection":[{"href":"https:\/\/www.europesays.com\/fr\/wp-json\/wp\/v2\/posts"}],"about":[{"href":"https:\/\/www.europesays.com\/fr\/wp-json\/wp\/v2\/types\/post"}],"author":[{"embeddable":true,"href":"https:\/\/www.europesays.com\/fr\/wp-json\/wp\/v2\/users\/2"}],"replies":[{"embeddable":true,"href":"https:\/\/www.europesays.com\/fr\/wp-json\/wp\/v2\/comments?post=521720"}],"version-history":[{"count":0,"href":"https:\/\/www.europesays.com\/fr\/wp-json\/wp\/v2\/posts\/521720\/revisions"}],"wp:featuredmedia":[{"embeddable":true,"href":"https:\/\/www.europesays.com\/fr\/wp-json\/wp\/v2\/media\/521721"}],"wp:attachment":[{"href":"https:\/\/www.europesays.com\/fr\/wp-json\/wp\/v2\/media?parent=521720"}],"wp:term":[{"taxonomy":"category","embeddable":true,"href":"https:\/\/www.europesays.com\/fr\/wp-json\/wp\/v2\/categories?post=521720"},{"taxonomy":"post_tag","embeddable":true,"href":"https:\/\/www.europesays.com\/fr\/wp-json\/wp\/v2\/tags?post=521720"}],"curies":[{"name":"wp","href":"https:\/\/api.w.org\/{rel}","templated":true}]}}