{"id":521732,"date":"2025-11-09T01:27:14","date_gmt":"2025-11-09T01:27:14","guid":{"rendered":"https:\/\/www.europesays.com\/fr\/521732\/"},"modified":"2025-11-09T01:27:14","modified_gmt":"2025-11-09T01:27:14","slug":"marathon-des-alpes-maritimes-nice-cannes-2025-le-direct-et-les-resultats-sports-infos-ski","status":"publish","type":"post","link":"https:\/\/www.europesays.com\/fr\/521732\/","title":{"rendered":"Marathon des Alpes Maritimes Nice Cannes 2025 : Le direct et les r\u00e9sultats &#8211; Sports Infos &#8211; Ski"},"content":{"rendered":"<p>\u00a0Le Marathon Nice-Cannes 2025, deuxi\u00e8me plus grand de France apr\u00e8s Paris, se d\u00e9roulera le dimanche 9 novembre sur un parcours mythique de 42,195 km le long de la C\u00f4te d&rsquo;Azur.<\/p>\n<p>D\u00e9part \u00e0 8h sur la Promenade des Anglais \u00e0 Nice, traversant Saint-Laurent-du-Var, Cagnes-sur-Mer, Villeneuve-Loubet, Antibes Juan-les-Pins et Vallauris Golfe-Juan, pour une arriv\u00e9e triomphale sur la Croisette \u00e0 Cannes.<\/p>\n<p>Ouvert \u00e0 tous (n\u00e9s en 2006 ou avant), il attire plus de 22 000 coureurs de 70 nations, avec un temps limite de 6 heures et des options relais ou semi-marathon.<\/p>\n<p>\u00a0<\/p>\n<p>&#13;<br \/>\n&#13;<br \/>\n&#13;<br \/>\n&#13;<br \/>\n\u00c0 lire aussi&#13;<br \/>\n&#13;<br \/>\n&#13;<\/p>\n","protected":false},"excerpt":{"rendered":"\u00a0Le Marathon Nice-Cannes 2025, deuxi\u00e8me plus grand de France apr\u00e8s Paris, se d\u00e9roulera le dimanche 9 novembre sur&hellip;\n","protected":false},"author":2,"featured_media":521733,"comment_status":"","ping_status":"","sticky":false,"template":"","format":"standard","meta":{"footnotes":""},"categories":[2819],"tags":[1111,11,7306,3477,6664,31484,1777,674,1011,27,1114,820,7178,12,2401,24649,8975,9622,882,25,1980,8974,9620,3387],"class_list":{"0":"post-521732","1":"post","2":"type-post","3":"status-publish","4":"format-standard","5":"has-post-thumbnail","7":"category-nice","8":"tag-actu","9":"tag-actualites","10":"tag-cannes","11":"tag-cette","12":"tag-dimanche","13":"tag-epreuves","14":"tag-eu","15":"tag-europe","16":"tag-fr","17":"tag-france","18":"tag-infos","19":"tag-live","20":"tag-marathon","21":"tag-news","22":"tag-nice","23":"tag-novembre","24":"tag-page","25":"tag-prevu","26":"tag-provence-alpes-cote-dazur","27":"tag-republique-francaise","28":"tag-resultats","29":"tag-retrouvez","30":"tag-suivi","31":"tag-tous"},"share_on_mastodon":{"url":"https:\/\/pubeurope.com\/@fr\/115517144629623346","error":""},"_links":{"self":[{"href":"https:\/\/www.europesays.com\/fr\/wp-json\/wp\/v2\/posts\/521732","targetHints":{"allow":["GET"]}}],"collection":[{"href":"https:\/\/www.europesays.com\/fr\/wp-json\/wp\/v2\/posts"}],"about":[{"href":"https:\/\/www.europesays.com\/fr\/wp-json\/wp\/v2\/types\/post"}],"author":[{"embeddable":true,"href":"https:\/\/www.europesays.com\/fr\/wp-json\/wp\/v2\/users\/2"}],"replies":[{"embeddable":true,"href":"https:\/\/www.europesays.com\/fr\/wp-json\/wp\/v2\/comments?post=521732"}],"version-history":[{"count":0,"href":"https:\/\/www.europesays.com\/fr\/wp-json\/wp\/v2\/posts\/521732\/revisions"}],"wp:featuredmedia":[{"embeddable":true,"href":"https:\/\/www.europesays.com\/fr\/wp-json\/wp\/v2\/media\/521733"}],"wp:attachment":[{"href":"https:\/\/www.europesays.com\/fr\/wp-json\/wp\/v2\/media?parent=521732"}],"wp:term":[{"taxonomy":"category","embeddable":true,"href":"https:\/\/www.europesays.com\/fr\/wp-json\/wp\/v2\/categories?post=521732"},{"taxonomy":"post_tag","embeddable":true,"href":"https:\/\/www.europesays.com\/fr\/wp-json\/wp\/v2\/tags?post=521732"}],"curies":[{"name":"wp","href":"https:\/\/api.w.org\/{rel}","templated":true}]}}