{"id":521736,"date":"2025-11-09T01:30:36","date_gmt":"2025-11-09T01:30:36","guid":{"rendered":"https:\/\/www.europesays.com\/fr\/521736\/"},"modified":"2025-11-09T01:30:36","modified_gmt":"2025-11-09T01:30:36","slug":"des-jeunes-en-scooter-sement-la-zizanie-pres-de-bordeaux","status":"publish","type":"post","link":"https:\/\/www.europesays.com\/fr\/521736\/","title":{"rendered":"des jeunes en scooter s\u00e8ment la zizanie pr\u00e8s de Bordeaux"},"content":{"rendered":"<p>            Par<br \/>\n        <strong><br \/>\n            <a href=\"https:\/\/actu.fr\/auteur\/julian-doubax\" title=\"Consulter tous les articles de Julian Doubax\" rel=\"nofollow noopener\" target=\"_blank\">Julian Doubax<\/a><br \/>\n        <\/strong><\/p>\n<p>        Publi\u00e9 le<\/p>\n<p>            7 nov. 2025 \u00e0 10h58        <\/p>\n<p>Un r\u00e9veil tr\u00e8s d\u00e9sagr\u00e9able pour certains <a href=\"https:\/\/actu.fr\/nouvelle-aquitaine\/bordeaux_33063\/c-est-notre-quotidien-au-nord-de-bordeaux-des-riverains-reclament-une-action-ambitieuse-contre-les-rats_63331803.html\" rel=\"nofollow noopener\" target=\"_blank\">habitants<\/a> de <a href=\"https:\/\/actu.fr\/nouvelle-aquitaine\/floirac_33167\" rel=\"nofollow noopener\" target=\"_blank\">Floirac<\/a> (Gironde). Jeudi 6 novembre 2025, peu avant 7 heures du matin, <strong>deux jeunes en scooter<\/strong>\u00a0 circulent dans le Cours Gambetta.<\/p>\n<p class=\" wall-content\">Ils ont ensuite mis le feu \u00e0 un v\u00e9hicule stationn\u00e9 avant de continuer leur p\u00e9riple dans la rue Alfred Giret et l\u2019avenue Jean Jaur\u00e8s. Dans ce secteur-l\u00e0, quatre autre voitures ont \u00e9t\u00e9 incendi\u00e9es. \u00c0 cause de la propagation du feu, <strong>six v\u00e9hicules<\/strong> au total ont \u00e9t\u00e9 d\u00e9truits.\u00a0<\/p>\n<p class=\" wall-content\">Les pompiers se sont rapidement rendus sur les lieux pour stopper les flammes. <strong>Une enqu\u00eate est en cours<\/strong> pour r\u00e9ussir \u00e0 retrouver les auteurs.\u00a0<\/p>\n<p class=\" wall-content\">Personnalisez votre actualit\u00e9 en ajoutant vos villes et m\u00e9dias en favori avec <a href=\"https:\/\/moncompte.actu.fr\" title=\"D\u00e9couvez Mon Actu\" rel=\"nofollow noopener\" data-trk=\"{&quot;cta&quot;:{&quot;action&quot;:&quot;https:\\\/\\\/moncompte.actu.fr&quot;,&quot;category&quot;:&quot;mon compte&quot;,&quot;from&quot;:&quot;article footer&quot;,&quot;name&quot;:&quot;Mon actu&quot;,&quot;type&quot;:&quot;cta&quot;}}\" target=\"_blank\">Mon Actu<\/a>.<\/p>\n","protected":false},"excerpt":{"rendered":"Par Julian Doubax Publi\u00e9 le 7 nov. 2025 \u00e0 10h58 Un r\u00e9veil tr\u00e8s d\u00e9sagr\u00e9able pour certains habitants de&hellip;\n","protected":false},"author":2,"featured_media":521737,"comment_status":"","ping_status":"","sticky":false,"template":"","format":"standard","meta":{"footnotes":""},"categories":[2817],"tags":[1111,11,1997,1777,674,118,1011,27,1310,12,2219,1311,25],"class_list":{"0":"post-521736","1":"post","2":"type-post","3":"status-publish","4":"format-standard","5":"has-post-thumbnail","7":"category-bordeaux","8":"tag-actu","9":"tag-actualites","10":"tag-bordeaux","11":"tag-eu","12":"tag-europe","13":"tag-faits-divers","14":"tag-fr","15":"tag-france","16":"tag-incendie","17":"tag-news","18":"tag-nouvelle-aquitaine","19":"tag-pompiers","20":"tag-republique-francaise"},"share_on_mastodon":{"url":"https:\/\/pubeurope.com\/@fr\/115517156514737865","error":""},"_links":{"self":[{"href":"https:\/\/www.europesays.com\/fr\/wp-json\/wp\/v2\/posts\/521736","targetHints":{"allow":["GET"]}}],"collection":[{"href":"https:\/\/www.europesays.com\/fr\/wp-json\/wp\/v2\/posts"}],"about":[{"href":"https:\/\/www.europesays.com\/fr\/wp-json\/wp\/v2\/types\/post"}],"author":[{"embeddable":true,"href":"https:\/\/www.europesays.com\/fr\/wp-json\/wp\/v2\/users\/2"}],"replies":[{"embeddable":true,"href":"https:\/\/www.europesays.com\/fr\/wp-json\/wp\/v2\/comments?post=521736"}],"version-history":[{"count":0,"href":"https:\/\/www.europesays.com\/fr\/wp-json\/wp\/v2\/posts\/521736\/revisions"}],"wp:featuredmedia":[{"embeddable":true,"href":"https:\/\/www.europesays.com\/fr\/wp-json\/wp\/v2\/media\/521737"}],"wp:attachment":[{"href":"https:\/\/www.europesays.com\/fr\/wp-json\/wp\/v2\/media?parent=521736"}],"wp:term":[{"taxonomy":"category","embeddable":true,"href":"https:\/\/www.europesays.com\/fr\/wp-json\/wp\/v2\/categories?post=521736"},{"taxonomy":"post_tag","embeddable":true,"href":"https:\/\/www.europesays.com\/fr\/wp-json\/wp\/v2\/tags?post=521736"}],"curies":[{"name":"wp","href":"https:\/\/api.w.org\/{rel}","templated":true}]}}