{"id":521738,"date":"2025-11-09T01:31:15","date_gmt":"2025-11-09T01:31:15","guid":{"rendered":"https:\/\/www.europesays.com\/fr\/521738\/"},"modified":"2025-11-09T01:31:15","modified_gmt":"2025-11-09T01:31:15","slug":"a-bordeaux-le-candidat-lfi-nordine-raymond-victime-dinjures-racistes-liberation","status":"publish","type":"post","link":"https:\/\/www.europesays.com\/fr\/521738\/","title":{"rendered":"A Bordeaux, le candidat LFI Nordine Raymond victime d\u2019injures racistes \u2013 Lib\u00e9ration"},"content":{"rendered":"<p class=\"sc-cPiKLX AiZTS text-element\">Bien huil\u00e9e, la machine de haine et de racisme n\u2019aura pas mis longtemps avant de s\u2019emballer. Quelques heures seulement apr\u00e8s avoir officialis\u00e9 sa candidature pour la mairie de Bordeaux, lundi 3 novembre, Nordine Raymond, candidat la France insoumise (LFI), a vu d\u00e9ferler une vague de cyberharc\u00e8lement sur ses r\u00e9seaux sociaux. Au fil des jours, les centaines de messages se sont transform\u00e9es en milliers de commentaires naus\u00e9abonds, certains contenant des menaces de mort. Sur ces derniers, une plainte devrait \u00eatre d\u00e9pos\u00e9e dans les prochains jours.<\/p>\n<p class=\"sc-cPiKLX AiZTS text-element\">\u00abPourquoi il a un pr\u00e9nom de bougnoule et un nom fran\u00e7ais ?\u00bb, \u00abJe croyais que c\u2019\u00e9tait un nom parodique \u00e0 la Jean Mouloud\u00bb, \u00abNordine Raymond, c\u2019est une blague ?\u00bb peut-on lire sous un tweet o\u00f9 le cuisinier de 34 ans, ancien patron d\u2019un restaurant-bar, s\u2019affiche tout sourire pour lancer sa campagne. Plusieurs comptes reli\u00e9s \u00e0 des messages racistes et des insultes ont \u00e9t\u00e9 identifi\u00e9s par son \u00e9quipe comme appartenant \u00e0 des militants d\u2019extr\u00eame droite.<\/p>\n<p class=\"sc-cPiKLX AiZTS text-element\">\u00abJe dois avouer que j\u2019ai \u00e9t\u00e9 surpris par l\u2019ampleur. C\u2019est compl\u00e8tement dingue, \u00e7a en dit long sur l\u2019atmosph\u00e8re du moment. La soci\u00e9t\u00e9 se tend et la lib\u00e9ration de la parole raciste se poursuit\u00bb, se d\u00e9sole le Girondin aupr\u00e8s de Lib\u00e9ration. Quelques semaines plus t\u00f4t, c\u2019est un autre candidat aux municipales bordelaises, Karfa Diallo, \u00e9lu \u00e9cologiste au conseil r\u00e9gional et fondateur de l\u2019association M\u00e9moires et partage, qui annon\u00e7ait mi-octobre jeter l\u2019\u00e9ponge pour des questions d\u2019organisation\u2026 mais aussi face \u00e0 la multiplication d\u2019attaques racistes \u00e0 son encontre.<\/p>\n<p class=\"sc-cPiKLX AiZTS text-element\">Ce qui \u00abd\u00e9range les gens, c\u2019est tr\u00e8s certainement l\u2019alliance d\u2019un pr\u00e9nom arabe \u00e0 un nom fran\u00e7ais\u00bb, pr\u00e9sume Nordine Raymond. \u00abS\u2019ils savaient que mon deuxi\u00e8me pr\u00e9nom est Angelo\u2026 J\u2019incarne tout ce qu\u2019ils d\u00e9testent. Je suis le produit de l\u2019amour entre une m\u00e8re franco-italienne et un homme d\u2019origine maghr\u00e9bine\u00bb, d\u00e9roule le candidat dans une vid\u00e9o post\u00e9e sur Instagram. Dans le m\u00eame temps, un de ses camarades a lui-m\u00eame \u00e9t\u00e9 victime d\u2019une agression antis\u00e9mite. \u00abUne homme m\u2019a gliss\u00e9 \u00e0 l\u2019oreille que j\u2019avais \u201cune t\u00eate de Juif\u201d\u00bb, retrace Pierre Bena\u00efm sur son compte X.<\/p>\n<p class=\"sc-cPiKLX AiZTS text-element\">\u00abAu d\u00e9but il y a une forme de d\u00e9couragement, de la tristesse m\u00eal\u00e9e \u00e0 de la col\u00e8re. C\u2019est ce qu\u2019ils cherchent, ils veulent nous faire du mal. Puis finalement, \u00e7a nous motive, \u00e7a donne encore plus de cr\u00e9dibilit\u00e9 \u00e0 notre combat\u00bb, analyse Nordine Raymond. Le candidat a quand m\u00eame d\u00fb rassurer sa m\u00e8re, tr\u00e8s affect\u00e9e : \u00abElle voudrait que j\u2019arr\u00eate.\u00bb<\/p>\n<p class=\"sc-cPiKLX AiZTS text-element\">La t\u00eate de liste insoumise pr\u00e9f\u00e8re toutefois retenir \u00abl\u2019incroyable soutien\u00bb qui a suivi. \u00abIl y a eu les cadres de mon mouvement, \u00e9videmment. Mais la r\u00e9action des autres partis politiques et du maire, Pierre Hurmic, c\u2019est vrai que ce n\u2019\u00e9tait pas attendu. \u00c7a fait du bien.\u00bb A Bordeaux, les jeunes socialistes et le d\u00e9put\u00e9 \u00e9cologiste Nicolas Thierry ont \u00e9galement d\u00e9nonc\u00e9 ces attaques.<\/p>\n<p class=\"sc-cPiKLX AiZTS text-element\">Ces messages racistes sont venus \u00e9lectriser l\u2019atmosph\u00e8re politique d\u00e9j\u00e0 tendue dans la cit\u00e9 girondine. La candidate du Parti radical et opposante municipale Nathalie Delattre a annonc\u00e9 avoir lanc\u00e9 une p\u00e9tition contre la venue de Rima Hassan, pointant \u00abla mont\u00e9e des actes antis\u00e9mites et des crispations communautaires\u00bb. L\u2019eurod\u00e9put\u00e9e LFI est attendue ce ce vendredi 7 novembre pour d\u00e9fendre la candidature de Nordine Raymond. \u00abJ\u2019ai assez d\u2019estime pour l\u2019histoire du Parti radical pour ne pas penser qu\u2019elle veuille sinc\u00e8rement interdire de parole une \u00e9lue de la R\u00e9publique\u00bb, veut croire le candidat m\u00e9lenchoniste. Devant une salle qui s\u2019annonce comble, il esp\u00e8re pouvoir lancer sa campagne et enfin parler politique.<\/p>\n","protected":false},"excerpt":{"rendered":"Bien huil\u00e9e, la machine de haine et de racisme n\u2019aura pas mis longtemps avant de s\u2019emballer. Quelques heures&hellip;\n","protected":false},"author":2,"featured_media":521739,"comment_status":"","ping_status":"","sticky":false,"template":"","format":"standard","meta":{"footnotes":""},"categories":[2817],"tags":[1111,11,1997,1777,674,1011,27,780,5945,12,2219,10162,25],"class_list":{"0":"post-521738","1":"post","2":"type-post","3":"status-publish","4":"format-standard","5":"has-post-thumbnail","7":"category-bordeaux","8":"tag-actu","9":"tag-actualites","10":"tag-bordeaux","11":"tag-eu","12":"tag-europe","13":"tag-fr","14":"tag-france","15":"tag-lfi","16":"tag-municipales-elections","17":"tag-news","18":"tag-nouvelle-aquitaine","19":"tag-racisme","20":"tag-republique-francaise"},"share_on_mastodon":{"url":"https:\/\/pubeurope.com\/@fr\/115517160483463414","error":""},"_links":{"self":[{"href":"https:\/\/www.europesays.com\/fr\/wp-json\/wp\/v2\/posts\/521738","targetHints":{"allow":["GET"]}}],"collection":[{"href":"https:\/\/www.europesays.com\/fr\/wp-json\/wp\/v2\/posts"}],"about":[{"href":"https:\/\/www.europesays.com\/fr\/wp-json\/wp\/v2\/types\/post"}],"author":[{"embeddable":true,"href":"https:\/\/www.europesays.com\/fr\/wp-json\/wp\/v2\/users\/2"}],"replies":[{"embeddable":true,"href":"https:\/\/www.europesays.com\/fr\/wp-json\/wp\/v2\/comments?post=521738"}],"version-history":[{"count":0,"href":"https:\/\/www.europesays.com\/fr\/wp-json\/wp\/v2\/posts\/521738\/revisions"}],"wp:featuredmedia":[{"embeddable":true,"href":"https:\/\/www.europesays.com\/fr\/wp-json\/wp\/v2\/media\/521739"}],"wp:attachment":[{"href":"https:\/\/www.europesays.com\/fr\/wp-json\/wp\/v2\/media?parent=521738"}],"wp:term":[{"taxonomy":"category","embeddable":true,"href":"https:\/\/www.europesays.com\/fr\/wp-json\/wp\/v2\/categories?post=521738"},{"taxonomy":"post_tag","embeddable":true,"href":"https:\/\/www.europesays.com\/fr\/wp-json\/wp\/v2\/tags?post=521738"}],"curies":[{"name":"wp","href":"https:\/\/api.w.org\/{rel}","templated":true}]}}