{"id":521744,"date":"2025-11-09T01:35:25","date_gmt":"2025-11-09T01:35:25","guid":{"rendered":"https:\/\/www.europesays.com\/fr\/521744\/"},"modified":"2025-11-09T01:35:25","modified_gmt":"2025-11-09T01:35:25","slug":"lille-bruno-genesio-vole-a-la-rescousse-dolivier-giroud-2","status":"publish","type":"post","link":"https:\/\/www.europesays.com\/fr\/521744\/","title":{"rendered":"Lille, Bruno Genesio vole \u00e0 la rescousse d&rsquo;Olivier Giroud"},"content":{"rendered":"<p class=\"mb-4 text-lg md:leading-8 break-words\"><a href=\"https:\/\/www.goal.com\/fr\/listes\/a-38-ans-giroud-revient-enflammer-la-france-le-losc-frappe-un-grand-coup\/blt3e4567a830a1cca9\" rel=\"nofollow noopener\" target=\"_blank\" data-ylk=\"slk:Olivier Giroud traverse sa premi\u00e8re zone de turbulence depuis son arriv\u00e9e \u00e0 Lille.;elm:context_link;itc:0;sec:content-canvas\" class=\"link \">Olivier Giroud traverse sa premi\u00e8re zone de turbulence depuis son arriv\u00e9e \u00e0 Lille.<\/a> Auteur d\u2019un d\u00e9part tonitruant sous les couleurs nordistes, l\u2019avant-centre de 39 ans peine d\u00e9sormais \u00e0 retrouver le chemin des filets. Pourtant, son entra\u00eeneur Bruno Genesio, loin d\u2019afficher le moindre doute, continue de le soutenir publiquement. En conf\u00e9rence de presse, le technicien a rappel\u00e9 que cette p\u00e9riode creuse n\u2019a rien d\u2019inhabituel pour un buteur de son calibre. \u00c0 travers ses mots, c\u2019est toute la confiance du vestiaire lillois qui s\u2019exprime envers son v\u00e9t\u00e9ran champion du monde.<\/p>\n<p>Olivier Giroud ne trouve plus le chemin des filets avec Lille<img alt=\"Olivier Giroud ne trouve plus le chemin des filets avec Lille\" loading=\"lazy\" width=\"960\" height=\"540\" decoding=\"async\" data-nimg=\"1\" class=\"rounded-lg\" style=\"color:transparent\" src=\"https:\/\/www.europesays.com\/fr\/wp-content\/uploads\/2025\/11\/f3a40d0ab95f76d1205d4344dc835835.jpeg\"\/><\/p>\n<p>Olivier Giroud ne trouve plus le chemin des filets avec Lille<\/p>\n<p class=\"mb-4 text-lg md:leading-8 break-words\"><a href=\"https:\/\/fr.news.yahoo.com\/sport\/lille-mots-forts-dolivier-giroud-152018823.html\" data-ylk=\"slk:Apr\u00e8s des d\u00e9buts id\u00e9aux avec Lille - deux buts inscrits lors de ses deux premiers matchs;elm:context_link;itc:0;sec:content-canvas;outcm:mb_qualified_link;_E:mb_qualified_link;ct:story;\" class=\"link  yahoo-link\" target=\"_blank\" rel=\"noopener\">Apr\u00e8s des d\u00e9buts id\u00e9aux avec Lille &#8211; deux buts inscrits lors de ses deux premiers matchs<\/a> &#8211; Olivier Giroud n\u2019a plus marqu\u00e9 depuis le 25 septembre, face \u00e0 Brann en Ligue Europa. Malgr\u00e9 cette disette, Bruno Genesio refuse d\u2019y voir un signe d\u2019usure. \u00ab C\u2019est typique d\u2019un avant-centre. Tous les attaquants que j\u2019ai connus, et j\u2019en ai connu de tr\u00e8s grands comme Olivier, ont toujours une p\u00e9riode o\u00f9 \u00e7a veut moins rire \u00bb, <a href=\"https:\/\/rmcsport.bfmtv.com\/football\/clubs\/losc-lille\/tenter-et-echouer-le-message-d-encouragement-de-genesio-a-giroud-plonge-dans-une-petite-periode-de-disette_AV-202511080311.html\" rel=\"nofollow noopener\" target=\"_blank\" data-ylk=\"slk:a expliqu\u00e9 l\u2019entra\u00eeneur des Dogues ce samedi dans des propos rapport\u00e9s par RMC Sport.;elm:context_link;itc:0;sec:content-canvas\" class=\"link \">a expliqu\u00e9 l\u2019entra\u00eeneur des Dogues ce samedi dans des propos rapport\u00e9s par RMC Sport.<\/a> Pour lui, cette passe \u00e0 vide n\u2019a rien d\u2019alarmant, d\u2019autant que Giroud reste un titulaire r\u00e9gulier en Ligue 1, fort de neuf apparitions dont huit titularisations.<\/p>\n<p class=\"mb-4 text-lg md:leading-8 break-words\">L\u2019ancien joueur d\u2019Arsenal et du Milan AC a bien failli d\u00e9bloquer son compteur contre Monaco, mais un arr\u00eat exceptionnel du gardien adverse l\u2019en a emp\u00each\u00e9. Genesio relativise : \u00ab Olivier rentre, il fait ce qu\u2019il faut. Il fait une t\u00eate qui a huit chances sur dix de finir sur un but. Le gardien fait un arr\u00eat incroyable. Il y a des p\u00e9riodes comme \u00e7a. \u00bb L\u2019entra\u00eeneur ajoute, citant son ancien mentor Bernard Lacombe : \u00ab Il y a des jours o\u00f9 le but fait 10 m\u00e8tres et des jours o\u00f9 il fait 1,20 m\u00e8tre. \u00bb<\/p>\n<p>Bruno Genesio ne s\u2019inqui\u00e8te pas et r\u00e9it\u00e8re sa confiance \u00e0 Giroud<img alt=\"Bruno Genesio ne s\u2019inqui\u00e8te pas et r\u00e9it\u00e8re sa confiance \u00e0 Giroud &#9;\" loading=\"lazy\" width=\"960\" height=\"540\" decoding=\"async\" data-nimg=\"1\" class=\"rounded-lg\" style=\"color:transparent\" src=\"https:\/\/www.europesays.com\/fr\/wp-content\/uploads\/2025\/11\/35a4df2397d5163b9b33805c0045b774.jpeg\"\/><\/p>\n<p>Bruno Genesio ne s\u2019inqui\u00e8te pas et r\u00e9it\u00e8re sa confiance \u00e0 Giroud<\/p>\n<p class=\"mb-4 text-lg md:leading-8 break-words\">Malgr\u00e9 ses 39 ans, Olivier Giroud reste un joueur d\u2019exp\u00e9rience capable de se relever. Bruno Genesio ne cache pas son admiration pour l\u2019attitude irr\u00e9prochable de son num\u00e9ro 9, toujours exemplaire dans l\u2019effort collectif. \u00ab Olivier a suffisamment d\u2019exp\u00e9rience pour passer ce cap. Il sait la confiance qu\u2019on a en lui, que l\u2019\u00e9quipe a en lui \u00bb, a soulign\u00e9 le technicien. Pour lui, seule la pers\u00e9v\u00e9rance ram\u00e8nera le buteur sur le chemin du succ\u00e8s. \u00ab Le plus important est de continuer \u00e0 tenter, \u00e0 \u00e9chouer jusqu\u2019\u00e0 ce qu\u2019on r\u00e9ussisse parce que \u00e7a fait partie du jeu \u00bb, insiste-t-il.<\/p>\n<p class=\"mb-4 text-lg md:leading-8 break-words\">Genesio affirme par ailleurs ne pas sentir son joueur affect\u00e9 : \u00ab Je ne le sens pas perturb\u00e9 par cette petite p\u00e9riode de manque de but. Comme tout attaquant, il a besoin de marquer. C\u2019est en eux. Les attaquants vivent de \u00e7a, se nourrissent de \u00e7a. \u00bb<\/p>\n<p>Olivier Giroud accueilli en h\u00e9ros sur les stades de Ligue 1<img alt=\"Olivier Giroud accueilli en h\u00e9ros sur les stades de Ligue 1 \" loading=\"lazy\" width=\"960\" height=\"540\" decoding=\"async\" data-nimg=\"1\" class=\"rounded-lg\" style=\"color:transparent\" src=\"https:\/\/www.europesays.com\/fr\/wp-content\/uploads\/2025\/11\/5af50df7643b27bb7e8ca7fad9dc63b1.jpeg\"\/><\/p>\n<p>Olivier Giroud accueilli en h\u00e9ros sur les stades de Ligue 1<\/p>\n<p class=\"mb-4 text-lg md:leading-8 break-words\">Depuis son arriv\u00e9e au LOSC, Olivier Giroud b\u00e9n\u00e9ficie d\u2019un accueil chaleureux sur tous les terrains de France. \u00c0 Lens, lors du derby, il a \u00e9t\u00e9 ovationn\u00e9 par le public de Bollaert, tandis qu\u2019\u00e0 Nantes, les supporters lui ont r\u00e9serv\u00e9 une standing ovation \u00e9mouvante. Un contraste avec le souvenir mitig\u00e9 de 2016, quand il avait \u00e9t\u00e9 hu\u00e9 en \u00e9quipe de France apr\u00e8s un match amical contre le Cameroun. Cette reconnaissance nationale touche profond\u00e9ment le champion du monde. \u00ab Encore une fois, c\u2019est aussi pourquoi je suis tr\u00e8s reconnaissant et tr\u00e8s content de revenir chez moi, pour faire un petit coucou avec la tourn\u00e9e des stades \u00bb, a confi\u00e9 le buteur.<\/p>\n<p class=\"mb-4 text-lg md:leading-8 break-words\">Olivier Giroud incarne d\u00e9sormais plus qu\u2019un simple avant-centre : il est un symbole de long\u00e9vit\u00e9 et de professionnalisme. Bruno Genesio, conscient de ce que repr\u00e9sente son joueur pour le groupe, mise sur son leadership pour inspirer les plus jeunes. Malgr\u00e9 une p\u00e9riode creuse sur le plan statistique, le technicien lillois ne doute pas que l\u2019ancien attaquant de Montpellier retrouvera bient\u00f4t le chemin des filets. Son aura, son travail et sa mentalit\u00e9 exemplaire font de lui une pi\u00e8ce ma\u00eetresse dans le projet lillois. \u00c0 39 ans, Olivier Giroud continue de prouver que la passion et la rigueur n\u2019ont pas d\u2019\u00e2ge.<\/p>\n","protected":false},"excerpt":{"rendered":"Olivier Giroud traverse sa premi\u00e8re zone de turbulence depuis son arriv\u00e9e \u00e0 Lille. Auteur d\u2019un d\u00e9part tonitruant sous&hellip;\n","protected":false},"author":2,"featured_media":521745,"comment_status":"","ping_status":"","sticky":false,"template":"","format":"standard","meta":{"footnotes":""},"categories":[2815],"tags":[1111,11,8095,37780,1153,1777,674,1011,27,811,1307,2267,967,3127,766,12,5959,25],"class_list":{"0":"post-521744","1":"post","2":"type-post","3":"status-publish","4":"format-standard","5":"has-post-thumbnail","7":"category-lille","8":"tag-actu","9":"tag-actualites","10":"tag-bruno-genesio","11":"tag-champion-du-monde","12":"tag-conference-de-presse","13":"tag-eu","14":"tag-europe","15":"tag-fr","16":"tag-france","17":"tag-hauts-de-france","18":"tag-lille","19":"tag-losc","20":"tag-milan-ac","21":"tag-monaco","22":"tag-nantes","23":"tag-news","24":"tag-olivier-giroud","25":"tag-republique-francaise"},"share_on_mastodon":{"url":"https:\/\/pubeurope.com\/@fr\/115517176858207863","error":""},"_links":{"self":[{"href":"https:\/\/www.europesays.com\/fr\/wp-json\/wp\/v2\/posts\/521744","targetHints":{"allow":["GET"]}}],"collection":[{"href":"https:\/\/www.europesays.com\/fr\/wp-json\/wp\/v2\/posts"}],"about":[{"href":"https:\/\/www.europesays.com\/fr\/wp-json\/wp\/v2\/types\/post"}],"author":[{"embeddable":true,"href":"https:\/\/www.europesays.com\/fr\/wp-json\/wp\/v2\/users\/2"}],"replies":[{"embeddable":true,"href":"https:\/\/www.europesays.com\/fr\/wp-json\/wp\/v2\/comments?post=521744"}],"version-history":[{"count":0,"href":"https:\/\/www.europesays.com\/fr\/wp-json\/wp\/v2\/posts\/521744\/revisions"}],"wp:featuredmedia":[{"embeddable":true,"href":"https:\/\/www.europesays.com\/fr\/wp-json\/wp\/v2\/media\/521745"}],"wp:attachment":[{"href":"https:\/\/www.europesays.com\/fr\/wp-json\/wp\/v2\/media?parent=521744"}],"wp:term":[{"taxonomy":"category","embeddable":true,"href":"https:\/\/www.europesays.com\/fr\/wp-json\/wp\/v2\/categories?post=521744"},{"taxonomy":"post_tag","embeddable":true,"href":"https:\/\/www.europesays.com\/fr\/wp-json\/wp\/v2\/tags?post=521744"}],"curies":[{"name":"wp","href":"https:\/\/api.w.org\/{rel}","templated":true}]}}