{"id":521746,"date":"2025-11-09T01:36:18","date_gmt":"2025-11-09T01:36:18","guid":{"rendered":"https:\/\/www.europesays.com\/fr\/521746\/"},"modified":"2025-11-09T01:36:18","modified_gmt":"2025-11-09T01:36:18","slug":"le-chasseur-veut-recuperer-ses-fusils-son-passe-se-retourne-contre-lui","status":"publish","type":"post","link":"https:\/\/www.europesays.com\/fr\/521746\/","title":{"rendered":"le chasseur veut r\u00e9cup\u00e9rer ses fusils, son pass\u00e9 se retourne contre lui"},"content":{"rendered":"<p>            Par<br \/>\n        <strong><br \/>\n            <a href=\"https:\/\/actu.fr\/auteur\/redaction-marseille\" title=\"Consulter tous les articles de R\u00e9daction Marseille\" target=\"_blank\" rel=\"noopener\">R\u00e9daction Marseille<\/a><br \/>\n        <\/strong><\/p>\n<p>        Publi\u00e9 le<\/p>\n<p>            8 nov. 2025 \u00e0 6h00        <\/p>\n<p>Un chasseur qui avait \u00e9t\u00e9 condamn\u00e9 pour des violences intrafamiliales (VIF) <strong>aggrav\u00e9es par \u00ab\u2009trois circonstances\u2009\u00bb<\/strong> et qui voulait r\u00e9cup\u00e9rer ses armes a \u00e9t\u00e9 d\u00e9bout\u00e9 par le tribunal administratif de <a href=\"https:\/\/actu.fr\/marseille\/\" target=\"_blank\" rel=\"noopener\">Marseille<\/a>. Le requ\u00e9rant avait en fait \u00e9cop\u00e9 de six mois de prison avec sursis probatoire pendant deux ans, le 9\u00a0d\u00e9cembre 2020 devant <a href=\"https:\/\/actu.fr\/tag\/justice\" target=\"_blank\" rel=\"noopener\">le tribunal correctionnel de Marseille<\/a>, pour ces \u00ab\u2009violences volontaires\u2009\u00bb commises six mois plus t\u00f4t dans la cit\u00e9 phoc\u00e9enne \u00ab\u2009sur sa conjointe\u2009\u00bb, \u00ab\u2009en pr\u00e9sence d\u2019un mineur\u2009\u00bb et \u00ab\u2009en \u00e9tat d\u2019ivresse manifeste\u2009\u00bb, d\u00e9taillent les juges. La peine avait alors \u00e9t\u00e9 <strong>inscrite sur le bulletin n\u00b02 de son casier judiciaire<\/strong>, c\u2019est-\u00e0-dire la partie du casier accessible \u00e0 certaines administrations et \u00e0 certains employeurs.<\/p>\n<p>La pr\u00e9f\u00e8te ne souhaitait plus que l\u2019homme dispose de ses deux fusils<\/p>\n<p class=\" wall-content\">Dans ces conditions, <a href=\"https:\/\/actu.fr\/tag\/prefecture-des-bouches-du-rhone\" target=\"_blank\" rel=\"noopener\">la pr\u00e9f\u00e8te de police des Bouches-sur-Rh\u00f4ne<\/a> avait pris un arr\u00eat\u00e9 deux ans plus tard, le 10\u00a0octobre 2022, pour \u00ab\u2009ordonner\u2009\u00bb \u00e0 cet homme qui \u00ab\u2009pratique la chasse\u2009\u00bb de \u00ab\u2009se dessaisir\u2009\u00bb de ses deux \u00ab\u2009fusils destin\u00e9s \u00e0 cette activit\u00e9\u2009\u00bb, recontextualise le tribunal administratif de Marseille dans un jugement en date du 24\u00a0septembre 2025 qui vient d\u2019\u00eatre rendu public. L\u2019int\u00e9ress\u00e9 avait aussi \u00e9t\u00e9 <strong>inscrit au Fichier national des interdits d\u2019acquisition et de d\u00e9tention d\u2019armes<\/strong> (FINIADA).<\/p>\n<p class=\" wall-content\">\u00ab\u2009Sont interdites d\u2019acquisition et de d\u00e9tention d\u2019armes [\u2026] les personnes dont le bulletin n\u00b02 du casier judiciaire comporte une mention de condamnation pour [\u2026] violences volontaires\u2009\u00bb, pr\u00e9voit en effet express\u00e9ment le code de la s\u00e9curit\u00e9 int\u00e9rieure (CSI).<\/p>\n<p>La justice lui donne tort<\/p>\n<p class=\" wall-content\">L\u2019int\u00e9ress\u00e9 avait saisi la justice administrative \u00e0 peine un mois plus tard pour <strong>faire censurer cet arr\u00eat\u00e9 \u00ab\u2009disproportionn\u00e9\u2009\u00bb<\/strong> et \u00ab\u2009entach\u00e9 d\u2019une erreur manifeste d\u2019appr\u00e9ciation\u2009\u00bb de sa situation personnelle. Mais \u00ab\u2009la pr\u00e9f\u00e8te de police des Bouches-du-Rh\u00f4ne se trouvait en situation de comp\u00e9tence li\u00e9e pour interdire \u00e0 M. XXX l\u2019acquisition et la d\u00e9tention d\u2019armes\u2009\u00bb, objecte le tribunal administratif de Marseille pour signifier qu\u2019elle n\u2019avait aucune marge de man\u0153uvre pour contourner la loi.<\/p>\n<p class=\" wall-content\">\u00ab\u2009En raison de cette situation [\u2026] le requ\u00e9rant ne saurait utilement se pr\u00e9valoir des moyens tir\u00e9s de la disproportion et de l\u2019erreur d\u2019appr\u00e9ciation, ces moyens devant \u00eatre \u00e9cart\u00e9s comme inop\u00e9rants\u2009\u00bb, concluent les juges administratifs marseillais.<\/p>\n<p class=\" wall-content\"><strong>GF \/ PressPepper<\/strong><\/p>\n<p class=\" wall-content\">Personnalisez votre actualit\u00e9 en ajoutant vos villes et m\u00e9dias en favori avec <a href=\"https:\/\/moncompte.actu.fr\" title=\"D\u00e9couvez Mon Actu\" rel=\"nofollow noopener\" data-trk=\"{&quot;cta&quot;:{&quot;action&quot;:&quot;https:\\\/\\\/moncompte.actu.fr&quot;,&quot;category&quot;:&quot;mon compte&quot;,&quot;from&quot;:&quot;article footer&quot;,&quot;name&quot;:&quot;Mon actu&quot;,&quot;type&quot;:&quot;cta&quot;}}\" target=\"_blank\">Mon Actu<\/a>.<\/p>\n","protected":false},"excerpt":{"rendered":"Par R\u00e9daction Marseille Publi\u00e9 le 8 nov. 2025 \u00e0 6h00 Un chasseur qui avait \u00e9t\u00e9 condamn\u00e9 pour des&hellip;\n","protected":false},"author":2,"featured_media":212488,"comment_status":"","ping_status":"","sticky":false,"template":"","format":"standard","meta":{"footnotes":""},"categories":[2814],"tags":[1111,11,4183,1777,674,1011,27,303,884,12,45301,882,25,104],"class_list":{"0":"post-521746","1":"post","2":"type-post","3":"status-publish","4":"format-standard","5":"has-post-thumbnail","7":"category-marseille","8":"tag-actu","9":"tag-actualites","10":"tag-chasse","11":"tag-eu","12":"tag-europe","13":"tag-fr","14":"tag-france","15":"tag-justice","16":"tag-marseille","17":"tag-news","18":"tag-prefecture-des-bouches-du-rhone","19":"tag-provence-alpes-cote-dazur","20":"tag-republique-francaise","21":"tag-societe"},"share_on_mastodon":{"url":"https:\/\/pubeurope.com\/@fr\/115517180037030079","error":""},"_links":{"self":[{"href":"https:\/\/www.europesays.com\/fr\/wp-json\/wp\/v2\/posts\/521746","targetHints":{"allow":["GET"]}}],"collection":[{"href":"https:\/\/www.europesays.com\/fr\/wp-json\/wp\/v2\/posts"}],"about":[{"href":"https:\/\/www.europesays.com\/fr\/wp-json\/wp\/v2\/types\/post"}],"author":[{"embeddable":true,"href":"https:\/\/www.europesays.com\/fr\/wp-json\/wp\/v2\/users\/2"}],"replies":[{"embeddable":true,"href":"https:\/\/www.europesays.com\/fr\/wp-json\/wp\/v2\/comments?post=521746"}],"version-history":[{"count":0,"href":"https:\/\/www.europesays.com\/fr\/wp-json\/wp\/v2\/posts\/521746\/revisions"}],"wp:featuredmedia":[{"embeddable":true,"href":"https:\/\/www.europesays.com\/fr\/wp-json\/wp\/v2\/media\/212488"}],"wp:attachment":[{"href":"https:\/\/www.europesays.com\/fr\/wp-json\/wp\/v2\/media?parent=521746"}],"wp:term":[{"taxonomy":"category","embeddable":true,"href":"https:\/\/www.europesays.com\/fr\/wp-json\/wp\/v2\/categories?post=521746"},{"taxonomy":"post_tag","embeddable":true,"href":"https:\/\/www.europesays.com\/fr\/wp-json\/wp\/v2\/tags?post=521746"}],"curies":[{"name":"wp","href":"https:\/\/api.w.org\/{rel}","templated":true}]}}