{"id":521749,"date":"2025-11-09T01:38:27","date_gmt":"2025-11-09T01:38:27","guid":{"rendered":"https:\/\/www.europesays.com\/fr\/521749\/"},"modified":"2025-11-09T01:38:27","modified_gmt":"2025-11-09T01:38:27","slug":"pres-de-lyon-sa-manoeuvre-dangereuse-vire-a-laccident-mortel-la-conductrice-dans-le-deni","status":"publish","type":"post","link":"https:\/\/www.europesays.com\/fr\/521749\/","title":{"rendered":"Pr\u00e8s de Lyon. Sa man\u0153uvre dangereuse vire \u00e0 l&rsquo;accident mortel, la conductrice dans le d\u00e9ni"},"content":{"rendered":"<p>            Par<br \/>\n        <strong><br \/>\n            <a href=\"https:\/\/actu.fr\/auteur\/redaction-lyon\" title=\"Consulter tous les articles de R\u00e9daction Lyon\" rel=\"nofollow noopener\" target=\"_blank\">R\u00e9daction Lyon<\/a><br \/>\n        <\/strong><\/p>\n<p>        Publi\u00e9 le<\/p>\n<p>            8 nov. 2025 \u00e0 6h10        <\/p>\n<p>Le tribunal correctionnel de <a href=\"https:\/\/actu.fr\/auvergne-rhone-alpes\/lyon_69123\" rel=\"nofollow noopener\" target=\"_blank\">Lyon<\/a> a condamn\u00e9 ce mardi 4 novembre l\u2019infirmi\u00e8re qui avait fait un \u00ab\u00a0demi-tour\u00a0\u00bb sur une route d\u00e9partementale, \u00e0 <strong>Solaize<\/strong> (Rh\u00f4ne) et qui avait <strong>percut\u00e9 de plein fouet une moto, dont le conducteur \u00e9tait d\u00e9c\u00e9d\u00e9<\/strong>, et un scooter.<br \/>Le 7 octobre 2024 vers 8h30, Sandy X. conduisait sur la route de Chasse-sur-Rh\u00f4ne qui longe l\u2019A7 lorsqu\u2019elle s\u2019\u00e9tait rendu compte qu\u2019elle avait \u00ab\u00a0pris la mauvaise sortie\u00a0\u00bb sur cette route qu\u2019elle \u00ab\u00a0ne connaissait pas\u00a0\u00bb. Elle avait alors d\u00e9cid\u00e9 de faire demi-tour sur cette longue voie rectiligne \u00e0 double-sens. Mais au cours de sa man\u0153uvre, et alors qu\u2019elle se trouvait \u00ab\u00a0perpendiculaire \u00e0 la route\u00a0\u00bb, elle avait percut\u00e9 une moto et un scooter qui arrivaient derri\u00e8re elle.<\/p>\n<p>\u00ab\u00a0Etonn\u00e9e\u00a0\u00bb de se retrouver au tribunal<\/p>\n<p class=\" wall-content\">Carlos Pedro X., au volant de sa moto, \u00e9tait d\u00e9c\u00e9d\u00e9 sur place malgr\u00e9 l\u2019intervention des secours. Thomas X., qui conduisait son scooter \u00ab\u00a0pour aller au travail\u00a0\u00bb, avait quant \u00e0 lui \u00e9t\u00e9 gri\u00e8vement bless\u00e9. Transport\u00e9 \u00e0 l\u2019h\u00f4pital, il avait pass\u00e9 \u00ab\u00a0pr\u00e8s de deux heures\u00a0\u00bb sur la table d\u2019op\u00e9ration en raison de multiples fractures.<\/p>\n<p class=\" wall-content\">Sandy X., aujourd\u2019hui \u00e2g\u00e9e de 36 ans, \u00e9tait donc jug\u00e9e ce mardi 4 novembre 2025 par le tribunal correctionnel de Lyon pour homicide involontaire et blessures involontaires. \u00c0 la barre, elle pr\u00e9sente ses \u00ab\u00a0condol\u00e9ances\u00a0\u00bb et exprime son \u00ab\u00a0empathie\u00a0\u00bb \u00e0 la famille, mais confie \u00eatre \u00ab\u00a0\u00e9tonn\u00e9e de (se) retrouver devant [les magistrats, ndlr] aujourd\u2019hui\u00a0\u00bb.<\/p>\n<p>\u00ab\u00a0Je n\u2019ai pas fait la man\u0153uvre brusquement\u00a0\u00bb<\/p>\n<p class=\" wall-content\">\u00ab\u00a0Je n\u2019ai pas fait la man\u0153uvre brusquement. Je ralentis, je mets mon clignotant, je fais mes contr\u00f4les comme on me l\u2019a appris \u00e0 l\u2019auto-\u00e9cole. Je suis \u00e0 la fin de la man\u0153uvre lorsque l\u2019on percute mon v\u00e9hicule\u00a0\u00bb, d\u00e9taille la pr\u00e9venue. Selon elle, \u00ab\u00a0le code de la route me permettait de faire cette man\u0153uvre\u00a0\u00bb \u2013 effectivement, aucune \u00ab\u00a0ligne droite\u00a0\u00bb ni \u00ab\u00a0panneau\u00a0\u00bb ne lui l\u2019interdisait.<\/p>\n<p class=\" wall-content\">L\u2019infirmi\u00e8re en chirurgie \u00e0 Lyon estime donc avoir fait \u00ab\u00a0un demi-tour dans les r\u00e8gles de l\u2019art\u00a0\u00bb.<\/p>\n<p class=\" wall-content\">Et quand la procureure de la R\u00e9publique l\u2019interroge, elle mart\u00e8le : \u00ab\u00a0\u00e0 refaire, je ferai exactement pareil\u00a0\u00bb. Elle \u00e9carte d\u2019ailleurs toute \u00ab\u00a0erreur de jugement\u00a0\u00bb ou \u00ab\u00a0d\u2019appr\u00e9ciation dans les distances\u00a0\u00bb : \u00ab\u00a0au moment o\u00f9 je d\u00e9marre la man\u0153uvre, les v\u00e9hicules sont extr\u00eamement loin\u00a0\u00bb.<\/p>\n<p class=\" wall-content\">\u00ab\u00a0Le narratif que l\u2019on attend, c\u2019est que je sois responsable, mais ce narratif est faux.\u00a0\u00bb\u00a0\u00ab\u00a0Et si vous \u00eates condamn\u00e9e aujourd\u2019hui, vous vous remettrez en question ?\u00a0\u00bb, l\u2019interroge la repr\u00e9sentante du Minist\u00e8re public. R\u00e9ponse de l\u2019int\u00e9ress\u00e9e : \u00ab\u00a0non\u00a0\u00bb.<\/p>\n<p>Votre r\u00e9gion, votre actu !<\/p>\n<p>Recevez chaque jour les infos qui comptent pour vous.<\/p>\n<p>\t<a href=\"https:\/\/actu.fr\/newsletter\" class=\"ac-btn ac-btn--corner ac-btn--medium ac-btn--blue800\" rel=\"nofollow noopener\" target=\"_blank\">S&rsquo;incrire<\/a><br \/>\nLe conducteur du scooter a une autre version de l\u2019accident<\/p>\n<p class=\" wall-content\">Pourtant, Thomas X. lui ne livre pas la m\u00eame version des faits. \u00ab\u00a0La voiture est subitement sortie de la chauss\u00e9e, comme si elle avait mis un coup de volant, quelques m\u00e8tres devant moi. J\u2019ai regard\u00e9 derri\u00e8re moi pendant un milli\u00e8me de seconde parce que je savais qu\u2019un motard arrivait. Le temps que je rel\u00e8ve la t\u00eate, la voiture \u00e9tait perpendiculaire \u00e0 la chauss\u00e9e.\u00a0\u00bb<\/p>\n<p class=\" wall-content\">Au cours de son audition, il avait confi\u00e9 qu\u2019en un claquement de doigts, une \u00ab\u00a0masse noire \u00e9tait devant nous\u00a0\u00bb.<\/p>\n<p class=\" wall-content\">Ce mardi 4 novembre 2025, il est cat\u00e9gorique : \u00ab\u00a0on n\u2019aurait pas pu l\u2019\u00e9viter\u00a0\u00bb. D\u00e9mineur de profession, il confie \u00eatre aujourd\u2019hui cantonn\u00e9 \u00e0 des \u00ab\u00a0t\u00e2ches administratives qui n\u2019existent pas dans notre m\u00e9tier\u00a0\u00bb en raison de ses lourdes s\u00e9quelles.<\/p>\n<p>\u00ab\u00a0Vous avez d\u00e9truit toute ma famille et toute mon enfance\u00a0\u00bb<\/p>\n<p class=\" wall-content\">\u00c0 l\u2019audience, les proches de Carlos Pedro X. aussi sont venus nombreux, un portrait de la victime \u00e0 la main. C\u2019est d\u2019abord sa fille, aujourd\u2019hui \u00e2g\u00e9e de 12 ans, qui s\u2019est confi\u00e9e.<\/p>\n<p class=\" wall-content\">\u00ab\u00a0Vous avez d\u00e9truit toute ma famille et toute mon enfance\u00a0\u00bb, a-t-elle lanc\u00e9 \u00e0 la pr\u00e9venue. Sa compagne puis son ex-compagne et m\u00e8re de deux de ses quatre enfants ont ensuite dress\u00e9 le portrait d\u2019un homme \u00e2g\u00e9 de 49 au moment des faits, \u00ab\u00a0honn\u00eate, travailleur, taquin, bon vivant\u00a0\u00bb, mais aussi \u00ab\u00a0dr\u00f4le, g\u00e9n\u00e9raux, grand c\u0153ur et grande gueule\u00a0\u00bb.<\/p>\n<p class=\" wall-content\">Leur avocate, elle, a regrett\u00e9 \u00ab\u00a0l\u2019attitude d\u00e9cevante\u00a0\u00bb et la \u00ab\u00a0mauvaise foi\u00a0\u00bb de la pr\u00e9venue. \u00ab\u00a0Elle est absolument convaincue de son bon droit et de son innocence\u00a0\u00bb, a abond\u00e9 la procureure de la R\u00e9publique. \u00ab\u00a0Mais vous avez enfreint au moins trois dispositions du Code p\u00e9nal madame ! Vous aviez la possibilit\u00e9 juridique de faire ce demi-tour, mais pas \u00e0 ce moment-l\u00e0, et pas dans ces conditions. \u00c9videmment que madame a commis cette faute de prudence, qu\u2019elle a mal \u00e9valu\u00e9 les distances.\u00a0\u00bb<\/p>\n<p>Deux ans de prison avec sursis<\/p>\n<p class=\" wall-content\">Une position loin d\u2019\u00eatre partag\u00e9e par l\u2019avocat de Sandy X., dont le casier judiciaire est vierge. \u00ab\u00a0Le minist\u00e8re public reproche \u00e0 madame d\u2019avoir fait une des sept man\u0153uvres qu\u2019il faut ma\u00eetriser pour le permis. Il faut m\u2019expliquer o\u00f9 est la faute.\u00a0\u00bb \u00ab\u00a0Juridiquement, c\u2019est lunaire\u00a0\u00bb, s\u2019est-il agac\u00e9, regrettant un \u00ab\u00a0dossier tr\u00e8s mince\u00a0\u00bb \u2013 les v\u00e9hicules n\u2019avaient pas \u00e9t\u00e9 \u00ab\u00a0saisis\u00a0\u00bb et aucune \u00ab\u00a0expertise\u00a0\u00bb n\u2019a donc pu \u00eatre diligent\u00e9e.<\/p>\n<p class=\" wall-content\">Le tribunal correctionnel de Lyon a malgr\u00e9 tout condamn\u00e9 Sandy X. \u00e0 <strong>deux ans de prison avec sursis.<\/strong><\/p>\n<p>Permis de conduire annul\u00e9<\/p>\n<p class=\" wall-content\">\u00ab\u00a0C\u2019est la man\u0153uvre qui, \u00e0 ce moment-l\u00e0 et dans ces conditions-l\u00e0, ont caus\u00e9 le d\u00e9c\u00e8s et les blessures. Il y a eu un manque de prudence de votre part, et donc une faute de conduite\u00a0\u00bb, a d\u00e9taill\u00e9 le pr\u00e9sident.<\/p>\n<p class=\" wall-content\">Le permis de conduire de cette infirmi\u00e8re a, lui, \u00e9t\u00e9 annul\u00e9 : elle devra d\u00e9sormais attendre un an pour le repasser. Elle devra, en outre, payer 3.000 \u20ac d\u2019amende. L\u2019indemnisation des parties civiles, elle, sera \u00e9tudi\u00e9e ult\u00e9rieurement.<\/p>\n<p class=\" wall-content\"><strong>MJ et CB (PressPepper)<\/strong><\/p>\n<p class=\" wall-content\">Personnalisez votre actualit\u00e9 en ajoutant vos villes et m\u00e9dias en favori avec <a href=\"https:\/\/moncompte.actu.fr\" title=\"D\u00e9couvez Mon Actu\" rel=\"nofollow noopener\" data-trk=\"{&quot;cta&quot;:{&quot;action&quot;:&quot;https:\\\/\\\/moncompte.actu.fr&quot;,&quot;category&quot;:&quot;mon compte&quot;,&quot;from&quot;:&quot;article footer&quot;,&quot;name&quot;:&quot;Mon actu&quot;,&quot;type&quot;:&quot;cta&quot;}}\" target=\"_blank\">Mon Actu<\/a>.<\/p>\n","protected":false},"excerpt":{"rendered":"Par R\u00e9daction Lyon Publi\u00e9 le 8 nov. 2025 \u00e0 6h10 Le tribunal correctionnel de Lyon a condamn\u00e9 ce&hellip;\n","protected":false},"author":2,"featured_media":521750,"comment_status":"","ping_status":"","sticky":false,"template":"","format":"standard","meta":{"footnotes":""},"categories":[1889],"tags":[119,1111,11,2430,1777,674,1011,27,303,2428,12,25,104],"class_list":{"0":"post-521749","1":"post","2":"type-post","3":"status-publish","4":"format-standard","5":"has-post-thumbnail","7":"category-lyon","8":"tag-accident","9":"tag-actu","10":"tag-actualites","11":"tag-auvergne-rhone-alpes","12":"tag-eu","13":"tag-europe","14":"tag-fr","15":"tag-france","16":"tag-justice","17":"tag-lyon","18":"tag-news","19":"tag-republique-francaise","20":"tag-societe"},"share_on_mastodon":{"url":"https:\/\/pubeurope.com\/@fr\/115517187982081165","error":""},"_links":{"self":[{"href":"https:\/\/www.europesays.com\/fr\/wp-json\/wp\/v2\/posts\/521749","targetHints":{"allow":["GET"]}}],"collection":[{"href":"https:\/\/www.europesays.com\/fr\/wp-json\/wp\/v2\/posts"}],"about":[{"href":"https:\/\/www.europesays.com\/fr\/wp-json\/wp\/v2\/types\/post"}],"author":[{"embeddable":true,"href":"https:\/\/www.europesays.com\/fr\/wp-json\/wp\/v2\/users\/2"}],"replies":[{"embeddable":true,"href":"https:\/\/www.europesays.com\/fr\/wp-json\/wp\/v2\/comments?post=521749"}],"version-history":[{"count":0,"href":"https:\/\/www.europesays.com\/fr\/wp-json\/wp\/v2\/posts\/521749\/revisions"}],"wp:featuredmedia":[{"embeddable":true,"href":"https:\/\/www.europesays.com\/fr\/wp-json\/wp\/v2\/media\/521750"}],"wp:attachment":[{"href":"https:\/\/www.europesays.com\/fr\/wp-json\/wp\/v2\/media?parent=521749"}],"wp:term":[{"taxonomy":"category","embeddable":true,"href":"https:\/\/www.europesays.com\/fr\/wp-json\/wp\/v2\/categories?post=521749"},{"taxonomy":"post_tag","embeddable":true,"href":"https:\/\/www.europesays.com\/fr\/wp-json\/wp\/v2\/tags?post=521749"}],"curies":[{"name":"wp","href":"https:\/\/api.w.org\/{rel}","templated":true}]}}