{"id":521751,"date":"2025-11-09T01:39:24","date_gmt":"2025-11-09T01:39:24","guid":{"rendered":"https:\/\/www.europesays.com\/fr\/521751\/"},"modified":"2025-11-09T01:39:24","modified_gmt":"2025-11-09T01:39:24","slug":"un-immeuble-prend-feu-en-marge-dun-tournage-de-clip-pres-de-lyon-plusieurs-dizaines-de-sinistres","status":"publish","type":"post","link":"https:\/\/www.europesays.com\/fr\/521751\/","title":{"rendered":"Un immeuble prend feu en marge d&rsquo;un tournage de clip pr\u00e8s de Lyon, plusieurs dizaines de sinistr\u00e9s"},"content":{"rendered":"<p class=\"article-p mdl\">Cinq appartements d&rsquo;un immeuble au nord-est de Lyon ont \u00e9t\u00e9 sinistr\u00e9s samedi dans un incendie, d\u00e9clench\u00e9 par un tir de mortier en marge du tournage ill\u00e9gal d&rsquo;un clip et d&rsquo;affrontements avec la police, selon les pompiers et la pr\u00e9fecture du Rh\u00f4ne.<\/p>\n<p class=\"article-p mdl\">Environ 70 pompiers sont intervenus sur les lieux du sinistre, qui n&rsquo;a pas fait de victime, ont indiqu\u00e9 les secours, intervenus vers 15h20, confirmant une information du quotidien\u00a0<a class=\"link\" href=\"https:\/\/www.leprogres.fr\/faits-divers-justice\/2025\/11\/08\/le-tournage-du-clip-de-rap-degenere-une-facade-d-immeuble-en-feu-a-cause-d-un-tir-de-mortier-d-artifice\" target=\"_blank\" rel=\"nofollow noopener\">Le Progr\u00e8s<\/a>. Plusieurs personnes masqu\u00e9es et v\u00eatues de tenues blanches de peintres tournaient samedi apr\u00e8s-midi un clip de rap, avec des mortiers d&rsquo;artifice, a rapport\u00e9 la pr\u00e9fecture.\u00a0<\/p>\n<p>            Les pompiers pris pour cible, une enqu\u00eate ouverte<\/p>\n<p class=\"article-p mdl\">Selon les premiers \u00e9l\u00e9ments, \u00e0 la vue d&rsquo;un \u00e9quipage de police, ils ont pris celui-ci pour cible et l&rsquo;un des mortiers tir\u00e9s a fini sur le balcon d&rsquo;un immeuble \u00e0 proximit\u00e9, d\u00e9clenchant un incendie. Les pompiers en intervention ont ensuite \u00e9galement \u00e9t\u00e9 la cible de projectiles, \u00ab\u00a0tout comme les forces de l&rsquo;ordre qui mettaient en place un p\u00e9rim\u00e8tre de s\u00e9curit\u00e9\u00a0\u00bb, explique la pr\u00e9fecture sur le r\u00e9seau social X. Une enqu\u00eate a \u00e9t\u00e9 ouverte par le parquet de Lyon.<\/p>\n<blockquote class=\"twitter-tweet\">\n<p lang=\"fr\" dir=\"ltr\">Cet apr\u00e8s-midi des individus v\u00eatus de combinaisons blanches et noires ont fait usage de mortiers au cours d\u2019un tournage d\u2019un clip de rap ill\u00e9gal sur la voie publique \u00e0 Rillieux-la-Pape. Ils ont ensuite vis\u00e9 des policiers nationaux qui \u00e9taient pr\u00e9sents en stationnement. <\/p>\n<p>Ces tirs\u2026 <a href=\"https:\/\/t.co\/s3J21GhVCS\" rel=\"nofollow\">pic.twitter.com\/s3J21GhVCS<\/a><\/p>\n<p>\u2014 Pr\u00e9f\u00e8te de r\u00e9gion Auvergne-Rh\u00f4ne-Alpes et du Rh\u00f4ne (@prefetrhone) <a href=\"https:\/\/twitter.com\/prefetrhone\/status\/1987232295263084704?ref_src=twsrc%5Etfw\" rel=\"nofollow noopener\" target=\"_blank\">November 8, 2025<\/a><\/p><\/blockquote>\n<p class=\"article-p mdl\">La pr\u00e9sence polici\u00e8re a \u00e9t\u00e9 renforc\u00e9e pour la nuit, en compl\u00e9ment de CRS d\u00e9j\u00e0 pr\u00e9sents \u00ab\u00a0depuis le d\u00e9but de la semaine\u00a0\u00bb dans la ville. Une quarantaine d&rsquo;habitants \u00ab\u00a0a \u00e9t\u00e9 rapidement \u00e9vacu\u00e9e et accueillie dans un gymnase en attendant leur relogement ou la r\u00e9int\u00e9gration de leur logement\u00a0\u00bb dans cet immeuble de cinq \u00e9tages, toujours selon la pr\u00e9fecture.<\/p>\n<p class=\"article-p mdl\">La pr\u00e9f\u00e8te Fabienne Buccio, qui s&rsquo;est rendue au gymnase avec le maire (Horizons) de la ville Alexandre Vincendet, a d\u00e9nonc\u00e9 \u00ab\u00a0avec les mots les plus forts ces actes criminels (&#8230;) qui ont mis en danger la vie des habitants de Rillieux-la-Pape\u00a0\u00bb.\u00a0<\/p>\n<p class=\"s-newsletter__title\">\n                L\u2019actualit\u00e9 par la r\u00e9daction de RTL dans votre bo\u00eete mail.\n            <\/p>\n<p class=\"s-newsletter__subtitle\">\n                Gr\u00e2ce \u00e0 votre compte RTL abonnez-vous \u00e0 la newsletter RTL info pour suivre toute l&rsquo;actualit\u00e9 au quotidien\n            <\/p>\n<p>\n                                    Lire la suite\n                                <\/p>\n<p>                            <script async src=\"https:\/\/platform.twitter.com\/widgets.js\" charset=\"utf-8\"><\/script><\/p>\n","protected":false},"excerpt":{"rendered":"Cinq appartements d&rsquo;un immeuble au nord-est de Lyon ont \u00e9t\u00e9 sinistr\u00e9s samedi dans un incendie, d\u00e9clench\u00e9 par un&hellip;\n","protected":false},"author":2,"featured_media":521752,"comment_status":"","ping_status":"","sticky":false,"template":"","format":"standard","meta":{"footnotes":""},"categories":[1889],"tags":[1111,11,2430,1777,674,118,107,1011,27,1310,2428,12,1072,1311,25],"class_list":{"0":"post-521751","1":"post","2":"type-post","3":"status-publish","4":"format-standard","5":"has-post-thumbnail","7":"category-lyon","8":"tag-actu","9":"tag-actualites","10":"tag-auvergne-rhone-alpes","11":"tag-eu","12":"tag-europe","13":"tag-faits-divers","14":"tag-fil-info","15":"tag-fr","16":"tag-france","17":"tag-incendie","18":"tag-lyon","19":"tag-news","20":"tag-police","21":"tag-pompiers","22":"tag-republique-francaise"},"share_on_mastodon":{"url":"https:\/\/pubeurope.com\/@fr\/115517191816762744","error":""},"_links":{"self":[{"href":"https:\/\/www.europesays.com\/fr\/wp-json\/wp\/v2\/posts\/521751","targetHints":{"allow":["GET"]}}],"collection":[{"href":"https:\/\/www.europesays.com\/fr\/wp-json\/wp\/v2\/posts"}],"about":[{"href":"https:\/\/www.europesays.com\/fr\/wp-json\/wp\/v2\/types\/post"}],"author":[{"embeddable":true,"href":"https:\/\/www.europesays.com\/fr\/wp-json\/wp\/v2\/users\/2"}],"replies":[{"embeddable":true,"href":"https:\/\/www.europesays.com\/fr\/wp-json\/wp\/v2\/comments?post=521751"}],"version-history":[{"count":0,"href":"https:\/\/www.europesays.com\/fr\/wp-json\/wp\/v2\/posts\/521751\/revisions"}],"wp:featuredmedia":[{"embeddable":true,"href":"https:\/\/www.europesays.com\/fr\/wp-json\/wp\/v2\/media\/521752"}],"wp:attachment":[{"href":"https:\/\/www.europesays.com\/fr\/wp-json\/wp\/v2\/media?parent=521751"}],"wp:term":[{"taxonomy":"category","embeddable":true,"href":"https:\/\/www.europesays.com\/fr\/wp-json\/wp\/v2\/categories?post=521751"},{"taxonomy":"post_tag","embeddable":true,"href":"https:\/\/www.europesays.com\/fr\/wp-json\/wp\/v2\/tags?post=521751"}],"curies":[{"name":"wp","href":"https:\/\/api.w.org\/{rel}","templated":true}]}}