{"id":521757,"date":"2025-11-09T01:43:28","date_gmt":"2025-11-09T01:43:28","guid":{"rendered":"https:\/\/www.europesays.com\/fr\/521757\/"},"modified":"2025-11-09T01:43:28","modified_gmt":"2025-11-09T01:43:28","slug":"municipales-2026-a-paris-gabriel-attal-affiche-son-soutien-a-pierre-yves-bournazel","status":"publish","type":"post","link":"https:\/\/www.europesays.com\/fr\/521757\/","title":{"rendered":"Municipales 2026 \u00e0 Paris : Gabriel Attal affiche son soutien \u00e0 Pierre-Yves Bournazel"},"content":{"rendered":"<p class=\"mb-4 text-lg md:leading-8 break-words\"><strong>L&rsquo;APAISEMENT, c&rsquo;est maintenant ? &#8211; Le patron de Renaissance Gabriel Attal s&rsquo;est affich\u00e9 samedi avec le candidat Horizons aux municipales parisiennes, Pierre-Yves Bournazel<\/strong><\/p>\n<p class=\"mb-4 text-lg md:leading-8 break-words\">Le patron de Renaissance <a href=\"https:\/\/www.20minutes.fr\/politique\/gabriel-attal\/?at_medium=RSS%20feed&amp;at_campaign=ynews&amp;utm_source=yahoo&amp;utm_medium=rss&amp;utm_campaign=news_feed&amp;utm_content=in_article_link\" rel=\"nofollow noopener\" target=\"_blank\" data-ylk=\"slk:Gabriel Attal;elm:context_link;itc:0;sec:content-canvas\" class=\"link \">Gabriel Attal<\/a> s&rsquo;est affich\u00e9 samedi avec le candidat Horizons aux <a href=\"https:\/\/www.20minutes.fr\/municipales\/?at_medium=RSS%20feed&amp;at_campaign=ynews&amp;utm_source=yahoo&amp;utm_medium=rss&amp;utm_campaign=news_feed&amp;utm_content=in_article_link\" rel=\"nofollow noopener\" target=\"_blank\" data-ylk=\"slk:municipales;elm:context_link;itc:0;sec:content-canvas\" class=\"link \">municipales<\/a> parisiennes, Pierre-Yves Bournazel, lors d&rsquo;une d\u00e9ambulation de campagne dans le nord de <a href=\"https:\/\/www.20minutes.fr\/paris\/?at_medium=RSS%20feed&amp;at_campaign=ynews&amp;utm_source=yahoo&amp;utm_medium=rss&amp;utm_campaign=news_feed&amp;utm_content=in_article_link\" rel=\"nofollow noopener\" target=\"_blank\" data-ylk=\"slk:Paris;elm:context_link;itc:0;sec:content-canvas\" class=\"link \">Paris<\/a>, saluant un candidat \u00ab de l&rsquo;apaisement \u00bb.<\/p>\n<p>\u00ab On croit en lui pour Paris \u00bb<\/p>\n<p class=\"mb-4 text-lg md:leading-8 break-words\">Quelques semaines apr\u00e8s que son parti a d\u00e9cid\u00e9 de soutenir ce proche d&rsquo;<a href=\"https:\/\/www.20minutes.fr\/politique\/edouard-philippe\/?at_medium=RSS%20feed&amp;at_campaign=ynews&amp;utm_source=yahoo&amp;utm_medium=rss&amp;utm_campaign=news_feed&amp;utm_content=in_article_link\" rel=\"nofollow noopener\" target=\"_blank\" data-ylk=\"slk:Edouard Philippe;elm:context_link;itc:0;sec:content-canvas\" class=\"link \">Edouard Philippe<\/a>, aux municipales, alors que certains chez Renaissance pr\u00e9f\u00e9raient <a href=\"https:\/\/www.20minutes.fr\/politique\/rachida_dati?at_medium=RSS%20feed&amp;at_campaign=ynews&amp;utm_source=yahoo&amp;utm_medium=rss&amp;utm_campaign=news_feed&amp;utm_content=in_article_link\" rel=\"nofollow noopener\" target=\"_blank\" data-ylk=\"slk:Rachida Dati;elm:context_link;itc:0;sec:content-canvas\" class=\"link \">Rachida Dati<\/a>, Gabriel Attal s&rsquo;est \u00e9chapp\u00e9 quelques heures de l&rsquo;Assembl\u00e9e, en plein d\u00e9bat budg\u00e9taire, pour une op\u00e9ration de tractage aux c\u00f4t\u00e9s du candidat, dans le populaire 18e arrondissement.<\/p>\n<p class=\"mb-4 text-lg md:leading-8 break-words\">\u00ab Je suis venu au c\u00f4t\u00e9 de Pierre-Yves Bournazel, parce qu&rsquo;il porte un projet tourn\u00e9 vers les Parisiens et porte des valeurs auxquelles on croit, comme l&rsquo;apaisement \u00bb, justifie l&rsquo;ancien <a href=\"https:\/\/www.20minutes.fr\/dossier\/premier_ministre?at_medium=RSS%20feed&amp;at_campaign=ynews&amp;utm_source=yahoo&amp;utm_medium=rss&amp;utm_campaign=news_feed&amp;utm_content=in_article_link\" rel=\"nofollow noopener\" target=\"_blank\" data-ylk=\"slk:Premier ministre;elm:context_link;itc:0;sec:content-canvas\" class=\"link \">Premier ministre<\/a>, dans une pique \u00e0 Rachida Dati, la maire du 7e arrondissement et <a href=\"https:\/\/www.20minutes.fr\/dossier\/ministre_de_la_culture?at_medium=RSS%20feed&amp;at_campaign=ynews&amp;utm_source=yahoo&amp;utm_medium=rss&amp;utm_campaign=news_feed&amp;utm_content=in_article_link\" rel=\"nofollow noopener\" target=\"_blank\" data-ylk=\"slk:ministre de la Culture;elm:context_link;itc:0;sec:content-canvas\" class=\"link \">ministre de la Culture<\/a>, \u00e9galement candidate, mais jug\u00e9e plus clivante.<\/p>\n<p class=\"mb-4 text-lg md:leading-8 break-words\">M\u00eame si dans un r\u00e9cent sondage Ifop-Fiducial cette derni\u00e8re est cr\u00e9dit\u00e9e de 26 \u00e0 28% d&rsquo;intentions de vote, loin devant Pierre-Yves Bournazel (14 \u00e0 15%), Gabriel Attal n&rsquo;est pas inquiet pour son poulain. \u00ab La campagne d\u00e9marre, contrairement \u00e0 ce que mart\u00e8lent certains, moi je l&rsquo;ai trouv\u00e9 plut\u00f4t tr\u00e8s haut \u00bb, assure-t-il. \u00ab On croit en lui pour Paris \u00bb.<\/p>\n<p class=\"mb-4 text-lg md:leading-8 break-words\">Il rappelle que le choix de soutenir Pierre-Yves Bournazel a \u00e9t\u00e9 fait de mani\u00e8re \u00ab tr\u00e8s majoritaire, quasi unanime \u00bb au sein des instances du parti, m\u00eame si le d\u00e9put\u00e9 Sylvain Maillard a annonc(&#8230;)<\/p>\n<p class=\"mb-4 text-lg md:leading-8 break-words\"><a href=\"https:\/\/www.20minutes.fr\/politique\/4184476-20251108-municipales-2026-paris-gabriel-attal-affiche-soutien-pierre-yves-bournazel?at_medium=RSS%20feed&amp;at_campaign=ynews&amp;utm_source=yahoo&amp;utm_medium=rss&amp;utm_campaign=news_feed&amp;utm_content=read_more_link&quot;\" rel=\"nofollow noopener\" target=\"_blank\" data-ylk=\"slk:Lire la suite sur 20minutes;elm:context_link;itc:0;sec:content-canvas\" class=\"link \">Lire la suite sur 20minutes<\/a><\/p>\n<p>\u00c0 lire aussi :<br \/><a href=\"https:\/\/www.20minutes.fr\/politique\/4182166-20251028-municipales-2026-paris-renaissance-donne-soutien-bournazel-non-dati?at_medium=RSS%20feed&amp;at_campaign=ynews&amp;utm_source=yahoo&amp;utm_medium=rss&amp;utm_campaign=news_feed&amp;utm_content=related_content_link\" rel=\"nofollow noopener\" target=\"_blank\" data-ylk=\"slk:Municipales 2026 \u00e0 Paris : Renaissance donne son soutien \u00e0 Bournazel et non \u00e0 Dati;elm:context_link;itc:0;sec:content-canvas\" class=\"link \">Municipales 2026 \u00e0 Paris : Renaissance donne son soutien \u00e0 Bournazel et non \u00e0 Dati<\/a><br \/><a href=\"https:\/\/www.20minutes.fr\/politique\/4180719-20251021-municipales-2025-paris-soutien-macronistes-vraiment-acquis-dati-penchent-bournazel?at_medium=RSS%20feed&amp;at_campaign=ynews&amp;utm_source=yahoo&amp;utm_medium=rss&amp;utm_campaign=news_feed&amp;utm_content=related_content_link\" rel=\"nofollow noopener\" target=\"_blank\" data-ylk=\"slk:Municipales 2026 \u00e0 Paris : Le soutien des macronistes pas vraiment acquis \u00e0 Dati, ils penchent pour Bournazel;elm:context_link;itc:0;sec:content-canvas\" class=\"link \">Municipales 2026 \u00e0 Paris : Le soutien des macronistes pas vraiment acquis \u00e0 Dati, ils penchent pour Bournazel<\/a><\/p>\n","protected":false},"excerpt":{"rendered":"L&rsquo;APAISEMENT, c&rsquo;est maintenant ? &#8211; Le patron de Renaissance Gabriel Attal s&rsquo;est affich\u00e9 samedi avec le candidat Horizons&hellip;\n","protected":false},"author":2,"featured_media":521758,"comment_status":"","ping_status":"","sticky":false,"template":"","format":"standard","meta":{"footnotes":""},"categories":[1888],"tags":[1111,1928,11,1927,1777,674,1011,27,4410,12,1926,626,1925,61318,59616,417,3370,25],"class_list":{"0":"post-521757","1":"post","2":"type-post","3":"status-publish","4":"format-standard","5":"has-post-thumbnail","7":"category-paris","8":"tag-actu","9":"tag-actu-paris","10":"tag-actualites","11":"tag-actualites-paris","12":"tag-eu","13":"tag-europe","14":"tag-fr","15":"tag-france","16":"tag-gabriel-attal","17":"tag-news","18":"tag-news-paris","19":"tag-paris","20":"tag-paris-news","21":"tag-pierre-yves","22":"tag-pierre-yves-bournazel","23":"tag-rachida-dati","24":"tag-renaissance","25":"tag-republique-francaise"},"share_on_mastodon":{"url":"https:\/\/pubeurope.com\/@fr\/115517207637382964","error":""},"_links":{"self":[{"href":"https:\/\/www.europesays.com\/fr\/wp-json\/wp\/v2\/posts\/521757","targetHints":{"allow":["GET"]}}],"collection":[{"href":"https:\/\/www.europesays.com\/fr\/wp-json\/wp\/v2\/posts"}],"about":[{"href":"https:\/\/www.europesays.com\/fr\/wp-json\/wp\/v2\/types\/post"}],"author":[{"embeddable":true,"href":"https:\/\/www.europesays.com\/fr\/wp-json\/wp\/v2\/users\/2"}],"replies":[{"embeddable":true,"href":"https:\/\/www.europesays.com\/fr\/wp-json\/wp\/v2\/comments?post=521757"}],"version-history":[{"count":0,"href":"https:\/\/www.europesays.com\/fr\/wp-json\/wp\/v2\/posts\/521757\/revisions"}],"wp:featuredmedia":[{"embeddable":true,"href":"https:\/\/www.europesays.com\/fr\/wp-json\/wp\/v2\/media\/521758"}],"wp:attachment":[{"href":"https:\/\/www.europesays.com\/fr\/wp-json\/wp\/v2\/media?parent=521757"}],"wp:term":[{"taxonomy":"category","embeddable":true,"href":"https:\/\/www.europesays.com\/fr\/wp-json\/wp\/v2\/categories?post=521757"},{"taxonomy":"post_tag","embeddable":true,"href":"https:\/\/www.europesays.com\/fr\/wp-json\/wp\/v2\/tags?post=521757"}],"curies":[{"name":"wp","href":"https:\/\/api.w.org\/{rel}","templated":true}]}}