{"id":521761,"date":"2025-11-09T01:45:16","date_gmt":"2025-11-09T01:45:16","guid":{"rendered":"https:\/\/www.europesays.com\/fr\/521761\/"},"modified":"2025-11-09T01:45:16","modified_gmt":"2025-11-09T01:45:16","slug":"hommage-aux-victimes-des-attentats-de-paris-au-musee-carnavalet","status":"publish","type":"post","link":"https:\/\/www.europesays.com\/fr\/521761\/","title":{"rendered":"Hommage aux victimes des attentats de Paris au mus\u00e9e Carnavalet"},"content":{"rendered":"<p class=\"t-content__chapo\">\n                                                Dix ans apr\u00e8s les attentats terroristes\u00a0intervenus les 7, 8, 9 janvier et le 13 novembre 2015 \u00e0 Paris, le mus\u00e9e Carnavalet-Histoire de Paris pr\u00e9sente, au sein du parcours permanent de ses collections, une s\u00e9lection d&rsquo;hommages anonymes, collect\u00e9s sur les lieux des attaques, ainsi que des \u0153uvres d&rsquo;art urbain, cr\u00e9\u00e9es en relation avec les tragiques \u00e9v\u00e9nements. L&rsquo;exposition au mus\u00e9e Carnavalet se poursuit jusqu&rsquo;au 7 d\u00e9cembre 2025, et une autre exposition, \u00e9galement en hommage aux victimes des attentats, est inaugur\u00e9e ce 13 novembre 2025 aux Archives de Paris.\u00a0                    <\/p>\n<p><img decoding=\"async\" fetchpriority=\"low\" src=\"https:\/\/www.europesays.com\/fr\/wp-content\/uploads\/2025\/11\/download-141.jpg\"   width=\"1024\" height=\"576\" alt=\"Vue de l'espace d'actualit\u00e9 au mus\u00e9e Carnavalet\" loading=\"eager\" class=\"a-img \"\/><\/p>\n<p>                Vue de l&rsquo;espace d&rsquo;actualit\u00e9 au mus\u00e9e Carnavalet                \u00a9 Pierre Antoine \/ Mus\u00e9e Carnavalet \u2013 Histoire de Paris \/ Paris Mus\u00e9es            <\/p>\n","protected":false},"excerpt":{"rendered":"Dix ans apr\u00e8s les attentats terroristes\u00a0intervenus les 7, 8, 9 janvier et le 13 novembre 2015 \u00e0 Paris,&hellip;\n","protected":false},"author":2,"featured_media":521762,"comment_status":"","ping_status":"","sticky":false,"template":"","format":"standard","meta":{"footnotes":""},"categories":[1888],"tags":[11,1348,64249,251,1777,674,3293,1011,27,12,626,3292,25],"class_list":{"0":"post-521761","1":"post","2":"type-post","3":"status-publish","4":"format-standard","5":"has-post-thumbnail","7":"category-paris","8":"tag-actualites","9":"tag-arts","10":"tag-attentats-de-paris","11":"tag-culture","12":"tag-eu","13":"tag-europe","14":"tag-exposition","15":"tag-fr","16":"tag-france","17":"tag-news","18":"tag-paris","19":"tag-reportage-culture","20":"tag-republique-francaise"},"share_on_mastodon":{"url":"https:\/\/pubeurope.com\/@fr\/115517216130328915","error":""},"_links":{"self":[{"href":"https:\/\/www.europesays.com\/fr\/wp-json\/wp\/v2\/posts\/521761","targetHints":{"allow":["GET"]}}],"collection":[{"href":"https:\/\/www.europesays.com\/fr\/wp-json\/wp\/v2\/posts"}],"about":[{"href":"https:\/\/www.europesays.com\/fr\/wp-json\/wp\/v2\/types\/post"}],"author":[{"embeddable":true,"href":"https:\/\/www.europesays.com\/fr\/wp-json\/wp\/v2\/users\/2"}],"replies":[{"embeddable":true,"href":"https:\/\/www.europesays.com\/fr\/wp-json\/wp\/v2\/comments?post=521761"}],"version-history":[{"count":0,"href":"https:\/\/www.europesays.com\/fr\/wp-json\/wp\/v2\/posts\/521761\/revisions"}],"wp:featuredmedia":[{"embeddable":true,"href":"https:\/\/www.europesays.com\/fr\/wp-json\/wp\/v2\/media\/521762"}],"wp:attachment":[{"href":"https:\/\/www.europesays.com\/fr\/wp-json\/wp\/v2\/media?parent=521761"}],"wp:term":[{"taxonomy":"category","embeddable":true,"href":"https:\/\/www.europesays.com\/fr\/wp-json\/wp\/v2\/categories?post=521761"},{"taxonomy":"post_tag","embeddable":true,"href":"https:\/\/www.europesays.com\/fr\/wp-json\/wp\/v2\/tags?post=521761"}],"curies":[{"name":"wp","href":"https:\/\/api.w.org\/{rel}","templated":true}]}}