{"id":521763,"date":"2025-11-09T01:46:18","date_gmt":"2025-11-09T01:46:18","guid":{"rendered":"https:\/\/www.europesays.com\/fr\/521763\/"},"modified":"2025-11-09T01:46:18","modified_gmt":"2025-11-09T01:46:18","slug":"une-derogation-accordee-par-washington-quand-les-etats-unis-exemptent-un-pays-deurope-des-sanctions-imposees-a-la-russie","status":"publish","type":"post","link":"https:\/\/www.europesays.com\/fr\/521763\/","title":{"rendered":"Une d\u00e9rogation accord\u00e9e par Washington\u00a0: quand les \u00c9tats-Unis exemptent un pays d\u2019Europe des sanctions impos\u00e9es \u00e0 la Russie"},"content":{"rendered":"<p>\n                                                                Alors que Donald Trump a impos\u00e9 des sanctions li\u00e9es au p\u00e9trole russe, le pr\u00e9sident des \u00c9tats-Unis a accord\u00e9 une d\u00e9rogation \u00e0 un pays europ\u00e9en, vendredi 7\u00a0novembre 2025.\n                            <\/p>\n<p>Dans le cadre de ses sanctions impos\u00e9es \u00e0 <strong>Moscou\u00a0<\/strong>il y a quelques semaines, <strong>Washington<\/strong> avait plac\u00e9, dans son viseur, les <strong>pays achetant du p\u00e9trole russe<\/strong>. \u00c0 une exception pr\u00e8s, d\u00e9sormais\u2026<\/p>\n<p>La Hongrie exempt\u00e9e<\/p>\n<p>Les \u00c9tats-Unis ont effectivement<strong> accord\u00e9 \u00e0 la Hongrie<\/strong> <strong>une exemption d\u2019un an des sanctions am\u00e9ricaines<\/strong> visant \u00e0 emp\u00eacher le recours au p\u00e9trole et au gaz russes, a d\u00e9clar\u00e9 vendredi 7\u00a0novembre 2025 un responsable de la Maison blanche. Une d\u00e9cision qui fait suite \u00e0 une rencontre entre\u00a0le Premier ministre hongrois<strong> Viktor Orban <\/strong>et le pr\u00e9sident am\u00e9ricain <strong>Donald Trump<\/strong>, \u00e0 Washington. Le premier a plaid\u00e9 en faveur d\u2019un sursis lors d\u2019une r\u00e9union <strong>avec le second.<\/strong><\/p>\n<p>Oreille compatissante<\/p>\n<p>Pour rappel, le\u00a0locataire de la Maison blanche a impos\u00e9 le mois dernier <strong>des sanctions directes contre la Russie<\/strong>, visant les g\u00e9ants <strong>Rosneft et Lukoil<\/strong>. Une d\u00e9cision qui \u00e9tait synonyme de\u00a0menace de nouvelles sanctions <strong>contre les pays qui ach\u00e8tent du p\u00e9trole<\/strong> \u00e0 ces entreprises. Alli\u00e9 de longue date de Donald Trump, Viktor Orban a expliqu\u00e9 les raisons pour lesquelles la Hongrie avait <strong>besoin d\u2019utiliser du p\u00e9trole russe<\/strong>, d\u00e9clarant que la question \u00e9tait <strong>cruciale pour Budapest.<\/strong><\/p>\n<p>Le pr\u00e9sident des \u00c9tats-Unis\u00a0a sembl\u00e9<strong> pr\u00eater une oreille compatissante <\/strong>au Premier ministre hongrois.\u00a0L\u2019entretien entre les deux hommes \u00e9tait la <strong>premi\u00e8re r\u00e9union bilat\u00e9rale<\/strong> depuis le retour au pouvoir du r\u00e9publicain, en janvier\u00a02025.<\/p>\n<p>Un engagement de Budapest<\/p>\n<p>La d\u00e9rogation accord\u00e9e vendredi par Donald Trump \u00e0 la Hongrie concernant les sanctions am\u00e9ricaines li\u00e9es au p\u00e9trole et gaz russes <strong>sera valable un an<\/strong>, a annonc\u00e9 \u00e0 l\u2019AFP un responsable de la Maison Blanche. La Hongrie s\u2019est engag\u00e9e en contrepartie \u00e0 acheter <strong>pour environ 600\u00a0millions de dollars de gaz naturel liqu\u00e9fi\u00e9 am\u00e9ricain<\/strong>, a d\u00e9clar\u00e9 ce responsable \u00e0 l\u2019AFP sous couvert d\u2019anonymat, apr\u00e8s la rencontre vendredi \u00e0 Washington entre le pr\u00e9sident am\u00e9ricain et le Premier ministre hongrois Viktor Orban.<\/p>\n","protected":false},"excerpt":{"rendered":"Alors que Donald Trump a impos\u00e9 des sanctions li\u00e9es au p\u00e9trole russe, le pr\u00e9sident des \u00c9tats-Unis a accord\u00e9&hellip;\n","protected":false},"author":2,"featured_media":521764,"comment_status":"","ping_status":"","sticky":false,"template":"","format":"standard","meta":{"footnotes":""},"categories":[1591],"tags":[11,1887,12,1885,1886,132],"class_list":{"0":"post-521763","1":"post","2":"type-post","3":"status-publish","4":"format-standard","5":"has-post-thumbnail","7":"category-russie","8":"tag-actualites","9":"tag-federation-de-russie","10":"tag-news","11":"tag-russia","12":"tag-russian-federation","13":"tag-russie"},"share_on_mastodon":{"url":"https:\/\/pubeurope.com\/@fr\/115517219433043448","error":""},"_links":{"self":[{"href":"https:\/\/www.europesays.com\/fr\/wp-json\/wp\/v2\/posts\/521763","targetHints":{"allow":["GET"]}}],"collection":[{"href":"https:\/\/www.europesays.com\/fr\/wp-json\/wp\/v2\/posts"}],"about":[{"href":"https:\/\/www.europesays.com\/fr\/wp-json\/wp\/v2\/types\/post"}],"author":[{"embeddable":true,"href":"https:\/\/www.europesays.com\/fr\/wp-json\/wp\/v2\/users\/2"}],"replies":[{"embeddable":true,"href":"https:\/\/www.europesays.com\/fr\/wp-json\/wp\/v2\/comments?post=521763"}],"version-history":[{"count":0,"href":"https:\/\/www.europesays.com\/fr\/wp-json\/wp\/v2\/posts\/521763\/revisions"}],"wp:featuredmedia":[{"embeddable":true,"href":"https:\/\/www.europesays.com\/fr\/wp-json\/wp\/v2\/media\/521764"}],"wp:attachment":[{"href":"https:\/\/www.europesays.com\/fr\/wp-json\/wp\/v2\/media?parent=521763"}],"wp:term":[{"taxonomy":"category","embeddable":true,"href":"https:\/\/www.europesays.com\/fr\/wp-json\/wp\/v2\/categories?post=521763"},{"taxonomy":"post_tag","embeddable":true,"href":"https:\/\/www.europesays.com\/fr\/wp-json\/wp\/v2\/tags?post=521763"}],"curies":[{"name":"wp","href":"https:\/\/api.w.org\/{rel}","templated":true}]}}