{"id":521783,"date":"2025-11-09T02:00:20","date_gmt":"2025-11-09T02:00:20","guid":{"rendered":"https:\/\/www.europesays.com\/fr\/521783\/"},"modified":"2025-11-09T02:00:20","modified_gmt":"2025-11-09T02:00:20","slug":"top-14-la-rochelle-linquietude-est-vive-autour-semi-lagivala-et-vers-un-forfait-de-will-skelton-contre-les-bleus","status":"publish","type":"post","link":"https:\/\/www.europesays.com\/fr\/521783\/","title":{"rendered":"Top 14 \u2013 La\u00a0Rochelle\u00a0: l\u2019inqui\u00e9tude est vive autour Semi Lagivala, et vers un forfait de Will Skelton contre les Bleus\u00a0?"},"content":{"rendered":"<p>\n                Face \u00e0 la presse apr\u00e8s la d\u00e9faite \u00e0 Toulon (39-14), le manager Ronan O\u2019Gara a donn\u00e9 un premier bilan concernant les blessures de son centre et de son deuxi\u00e8me ligne. L\u2019Irlandais, en attente des r\u00e9sultats, a estim\u00e9 que les premiers diagnostics n\u2019\u00e9taient pas bons.\n            <\/p>\n<p><strong><a href=\"https:\/\/www.rugbyrama.fr\/2025\/11\/08\/top-14-toulon-simpose-tres-largement-face-aux-rochelais-13041553.php\" target=\"_self\" rel=\"nofollow noopener\">Les valises pleines, et des bless\u00e9s en rab<\/a><\/strong>. Sur les bords de la M\u00e9diterran\u00e9e, Ronan O\u2019Gara et ses Rochelais n\u2019ont pas pass\u00e9 le meilleur week-end de leur carri\u00e8re. Venu devant les m\u00e9dias, l\u2019ancien ouvreur du Munster s\u2019est montr\u00e9 tr\u00e8s inquiet concernant l\u2019\u00e9tat de sant\u00e9 de\u00a0Semi Lagivala et de Will Skelton.<\/p>\n<p>Peu apr\u00e8s la pause, le premier nomm\u00e9 s\u2019est bless\u00e9 au terme d\u2019un choc. Il a quitt\u00e9 la pelouse avec l\u2019aide des soigneurs. Le Fidjien \u00e9tait touch\u00e9 au niveau d\u2019une cheville\u00a0: \u00ab\u00a0Pour Lagivala, je pense que c\u2019est catastrophique. On doit encore confirmer \u00e7a, mais le m\u00e9decin m\u2019a dit que c\u2019\u00e9tait s\u00e9rieux.\u00a0\u00bb Dans les coursives de Mayol, on craignait une fracture pour l\u2019ex-Montois.<\/p>\n<p>O\u2019Gara\u00a0: \u00ab\u00a0Pour l\u2019Australie, j\u2019esp\u00e8re que Will ne sera pas forfait la semaine prochaine\u00a0\u00bb<\/p>\n<p>Remplac\u00e9 \u00e0 l\u2019heure de jeu, Will Skelton souffrait lui aussi d\u2019une cheville. O\u2019Gara \u00e9tait moins affirmatif sur le cas de son deuxi\u00e8me ligne, mais il s\u2019est quand m\u00eame dit \u00ab\u00a0d\u00e9go\u00fbt\u00e9\u00a0\u00bb\u00a0: \u00ab\u00a0Cette semaine, Will a jou\u00e9 pour le club alors que son pays \u00e9tait en train de jouer en Italie. Il se blesse. Il veut toujours jouer les grands matchs, et il a estim\u00e9 que cette rencontre face \u00e0 Toulon \u00e9tait un grand match. Il a donc jou\u00e9 pour nous, et il a \u00e9t\u00e9 forfait pour eux. Pour l\u2019Australie, j\u2019esp\u00e8re que Will ne sera pas forfait la semaine prochaine.\u00a0\u00bb<\/p>\n<p>Le 15\u00a0novembre prochain, les Wallabies se rendent en Irlande pour d\u00e9fier le XV du Tr\u00e8fle. Une semaine plus tard, la bande \u00e0 Jack Gordon affrontera les Bleus au stade de France. Le g\u00e9ant Skelton sera-t-il de la partie\u00a0? Les examens dans les prochains jours livreront le verdict.<\/p>\n","protected":false},"excerpt":{"rendered":"Face \u00e0 la presse apr\u00e8s la d\u00e9faite \u00e0 Toulon (39-14), le manager Ronan O\u2019Gara a donn\u00e9 un premier&hellip;\n","protected":false},"author":2,"featured_media":521784,"comment_status":"","ping_status":"","sticky":false,"template":"","format":"standard","meta":{"footnotes":""},"categories":[1416],"tags":[1011,27,479,1468,60],"class_list":{"0":"post-521783","1":"post","2":"type-post","3":"status-publish","4":"format-standard","5":"has-post-thumbnail","7":"category-rugby","8":"tag-fr","9":"tag-france","10":"tag-rugby","11":"tag-rugby-football","12":"tag-sports"},"share_on_mastodon":{"url":"https:\/\/pubeurope.com\/@fr\/115517274411321415","error":""},"_links":{"self":[{"href":"https:\/\/www.europesays.com\/fr\/wp-json\/wp\/v2\/posts\/521783","targetHints":{"allow":["GET"]}}],"collection":[{"href":"https:\/\/www.europesays.com\/fr\/wp-json\/wp\/v2\/posts"}],"about":[{"href":"https:\/\/www.europesays.com\/fr\/wp-json\/wp\/v2\/types\/post"}],"author":[{"embeddable":true,"href":"https:\/\/www.europesays.com\/fr\/wp-json\/wp\/v2\/users\/2"}],"replies":[{"embeddable":true,"href":"https:\/\/www.europesays.com\/fr\/wp-json\/wp\/v2\/comments?post=521783"}],"version-history":[{"count":0,"href":"https:\/\/www.europesays.com\/fr\/wp-json\/wp\/v2\/posts\/521783\/revisions"}],"wp:featuredmedia":[{"embeddable":true,"href":"https:\/\/www.europesays.com\/fr\/wp-json\/wp\/v2\/media\/521784"}],"wp:attachment":[{"href":"https:\/\/www.europesays.com\/fr\/wp-json\/wp\/v2\/media?parent=521783"}],"wp:term":[{"taxonomy":"category","embeddable":true,"href":"https:\/\/www.europesays.com\/fr\/wp-json\/wp\/v2\/categories?post=521783"},{"taxonomy":"post_tag","embeddable":true,"href":"https:\/\/www.europesays.com\/fr\/wp-json\/wp\/v2\/tags?post=521783"}],"curies":[{"name":"wp","href":"https:\/\/api.w.org\/{rel}","templated":true}]}}