{"id":521785,"date":"2025-11-09T02:02:32","date_gmt":"2025-11-09T02:02:32","guid":{"rendered":"https:\/\/www.europesays.com\/fr\/521785\/"},"modified":"2025-11-09T02:02:32","modified_gmt":"2025-11-09T02:02:32","slug":"atp-finals-novak-djokovic-declare-forfait-pour-le-masters-de-turin-lorenzo-musetti-le-remplace-eurosport","status":"publish","type":"post","link":"https:\/\/www.europesays.com\/fr\/521785\/","title":{"rendered":"ATP Finals &#8211; Novak Djokovic d\u00e9clare forfait pour le Masters de Turin, Lorenzo Musetti le remplace &#8211; Eurosport"},"content":{"rendered":"<ol>\n<li><a href=\"https:\/\/news.google.com\/rss\/articles\/CBMi-gFBVV95cUxOWWV6ZTFPZkszRWRFNHY2V0ZhcVVnS1FDRlJHTkQ0QVJFU2lhOEc4SGZGaFBabmNuWVJIR0JEV0cwaVNpYXE0N2ZjeUtnaW1HRk1VSGY0czVDX2xUekh2S09GbERxUjY4TVhzQ2NTMDl6dlFWdU1Jb2VBM2FiUEg1Sk1fMlhsVEg0ZnlUdjBaU2NIMUlHMGJBLXdSZzNST1oydHNDZm5Bdmc4TFJPeUJkeVNudlNER0pkamJtcVVUQ3R5ZkFMMnl1MUdtMWZoYVVSa3RDQU1oMzI5QlRXUGt2RFBRY2RxdGxHUTZHSFNFb3hjUHhJUHl2Zl9R?oc=5\" target=\"_blank\" rel=\"nofollow noopener\">ATP Finals &#8211; Novak Djokovic d\u00e9clare forfait pour le Masters de Turin, Lorenzo Musetti le remplace<\/a>&nbsp;&nbsp;Eurosport<\/li>\n<li><a href=\"https:\/\/news.google.com\/rss\/articles\/CBMi7AFBVV95cUxOOWJaMDVXaHoteENOWS0wS0RCSFRGemtzdUZtRUtVRmhPSTZSSWZSMEtpajJ3cmtCUk9KelBTUFA4Q2FLLTVvbFFYaVJEQ0Fob3ZVU3BSbmJGN2F3U29kd2FfZnRvdlFDZE9PLUdsZVltS1l1NFh4NXZ1UXlJUGVOUVZMM0dpT3hucUhIRDhjbENjRXFWYjZiamV6bW56MmpjWGFYdnFwRGtnaEFFVlZYRXpfZFZqWThOT09EZFZCbktWRVdUUjM2SEZhNF9sXzZrck1JOHpJX21sSFpsMXVPZDZaWTlzMEktZjYwag?oc=5\" target=\"_blank\" rel=\"nofollow noopener\">Bless\u00e9 \u00e0 une \u00e9paule, Novak Djokovic d\u00e9clare forfait pour les Finales ATP et est remplac\u00e9 par Lorenzo Musetti<\/a>&nbsp;&nbsp;L&rsquo;\u00c9quipe<\/li>\n<li><a href=\"https:\/\/news.google.com\/rss\/articles\/CBMipAJBVV95cUxQUVRiMFBzX3dkS2tuYTJORE9sR2MxMHFLNTFUSy1Ha0ZVcUo1UGFvUG9Zb0FYV1c3LW5zSl9SQi1zSDNUZ2drbkVUSU1BZGhKSU9jbHV0dmdvU3JqdEN1LWxhNUVZdlFsNl9idURYWjlKcVl4WlhjaXJ0WTVkU3BVdEpBREhDUllhbGFjeVFmTzVLWDhpbE82UmZPc2o0MGFNMlFEQ2RtYnpPSy10YlJQOV9EZ3hPaXNCeWs3MkZFcXJjUm92WGxlaXF0dk5DX05HX1ltVzBmRUJuWDRrLXB6WDBnU3M5VUtaMGc4NnJfdW1zcUw2ckVqN2VpQkIxdklGd3M0ZUs2S19VcUtUR3phekZySXRxMkNlQ0EyaEdldUJsUG1n?oc=5\" target=\"_blank\" rel=\"nofollow noopener\">Tennis. Bless\u00e9, Novak Djokovic renonce au Masters, Lorenzo Musetti h\u00e9rite de sa place \u00e0 l\u2019ATP finals<\/a>&nbsp;&nbsp;Ouest-France<\/li>\n<li><a href=\"https:\/\/news.google.com\/rss\/articles\/CBMizwFBVV95cUxNMzRHQXM5dnUtNDZCd3QxLXRlVTRPMW5FX01kMlB0eG5PQlhFT3lhUjhPWGdPRDN3ZHZSNTh1WDc3NGcwZENLaDdMbkNFV2o4RDFkS2ZRdWIzbmd4UmR4b19pUW9heTFidXFGWGZKTnB3SHRQcV94VXFJTzJHQjhjNnpXVnBxT1JDeGlSTENNckZTMEYxcW1aSXN6S09oT2R6Qlpzb0pNSFA3bFVlZ2g4YjdSdEFySi1oNTBWT3Y1dzBjQXF0RHR3WXhEdGx1YmfSAc4BQVVfeXFMUHJpTXJmc2FrbnVxYm1GSDZLR2JpNkVkcXFKVE5oTDFwY2ZQTl9MbDVqejlVb3Zfdy1Sb2RTQ2QxcXAyb1dRd2NOdldIYWdKV1JQTVpleWVYUVdmRFloaDFyMHRRYlhhZlpBXzd6eWhoak5la3N4bkdmYW5mbTlCM1Zpb3d5OF9CR1Zlb21Udm5fcnhsNGpoUmM3V2V1ZnpPVUxwVzZfaHVFUFpxLV9GT1NzellKbGRiS013a3UxeVNmbWRRUkpnUWJnc2pGVmc?oc=5\" target=\"_blank\" rel=\"nofollow noopener\">ATP Finals : Djokovic officialise son forfait et c\u00e8de sa place \u00e0 Musetti : Sports &#8211; Orange<\/a>&nbsp;&nbsp;Sports &#8211; Orange<\/li>\n<li><a href=\"https:\/\/news.google.com\/rss\/articles\/CBMi7gFBVV95cUxQQnpYeXNSQmVBTVU4b2ZIbE5qLVdmNXdnbmxWdVM0dlktYWhQWl92YjdaSTRQbHhMMFJILXVVZWR3dmJ5ZU8wQ1Z0NDI2clNyRk9PN2FWajlxb25EV3JEUmVjUk0xSW1nSHhGQklIRGJpUllEeVNpeWI0azlqYmhKd19pbkdwTTFhZ0tCODZQT3FCdGRrYkhCUTNhNUhsdnQweWl6enhmaVpBT0MwOE1hUWtXaTNvY1Y4OE9wM2JNUXNPVm1qVHY5b1c4V1BVQ3VHZXotQWVXd0Z5ZEdHZjBwUmQxZWhIMlZUeTFpYWlR?oc=5\" target=\"_blank\" rel=\"nofollow noopener\">ATP Finals 2025 : comment suivre les matchs de tennis en direct ?<\/a>&nbsp;&nbsp;Le Parisien<\/li>\n<\/ol>\n","protected":false},"excerpt":{"rendered":"ATP Finals &#8211; Novak Djokovic d\u00e9clare forfait pour le Masters de Turin, Lorenzo Musetti le remplace&nbsp;&nbsp;Eurosport Bless\u00e9 \u00e0&hellip;\n","protected":false},"author":2,"featured_media":395849,"comment_status":"","ping_status":"","sticky":false,"template":"","format":"standard","meta":{"footnotes":""},"categories":[1415],"tags":[1011,27,60,1467],"class_list":{"0":"post-521785","1":"post","2":"type-post","3":"status-publish","4":"format-standard","5":"has-post-thumbnail","7":"category-tennis","8":"tag-fr","9":"tag-france","10":"tag-sports","11":"tag-tennis"},"share_on_mastodon":{"url":"https:\/\/pubeurope.com\/@fr\/115517282245791173","error":""},"_links":{"self":[{"href":"https:\/\/www.europesays.com\/fr\/wp-json\/wp\/v2\/posts\/521785","targetHints":{"allow":["GET"]}}],"collection":[{"href":"https:\/\/www.europesays.com\/fr\/wp-json\/wp\/v2\/posts"}],"about":[{"href":"https:\/\/www.europesays.com\/fr\/wp-json\/wp\/v2\/types\/post"}],"author":[{"embeddable":true,"href":"https:\/\/www.europesays.com\/fr\/wp-json\/wp\/v2\/users\/2"}],"replies":[{"embeddable":true,"href":"https:\/\/www.europesays.com\/fr\/wp-json\/wp\/v2\/comments?post=521785"}],"version-history":[{"count":0,"href":"https:\/\/www.europesays.com\/fr\/wp-json\/wp\/v2\/posts\/521785\/revisions"}],"wp:featuredmedia":[{"embeddable":true,"href":"https:\/\/www.europesays.com\/fr\/wp-json\/wp\/v2\/media\/395849"}],"wp:attachment":[{"href":"https:\/\/www.europesays.com\/fr\/wp-json\/wp\/v2\/media?parent=521785"}],"wp:term":[{"taxonomy":"category","embeddable":true,"href":"https:\/\/www.europesays.com\/fr\/wp-json\/wp\/v2\/categories?post=521785"},{"taxonomy":"post_tag","embeddable":true,"href":"https:\/\/www.europesays.com\/fr\/wp-json\/wp\/v2\/tags?post=521785"}],"curies":[{"name":"wp","href":"https:\/\/api.w.org\/{rel}","templated":true}]}}