{"id":521800,"date":"2025-11-09T02:16:23","date_gmt":"2025-11-09T02:16:23","guid":{"rendered":"https:\/\/www.europesays.com\/fr\/521800\/"},"modified":"2025-11-09T02:16:23","modified_gmt":"2025-11-09T02:16:23","slug":"ce-petit-dejeuner-adore-nuit-au-cerveau-des-enfants","status":"publish","type":"post","link":"https:\/\/www.europesays.com\/fr\/521800\/","title":{"rendered":"Ce petit-d\u00e9jeuner ador\u00e9 nuit au cerveau des enfants"},"content":{"rendered":"<p class=\"post-excerpt\">Fourr\u00e9es, sucr\u00e9es ou croustillantes, les<br \/>\nc\u00e9r\u00e9ales du petit-d\u00e9jeuner s\u00e9duisent les enfants\u2026 mais nuisent \u00e0<br \/>\nleurs capacit\u00e9s d\u2019attention. Selon Futura Sciences, leur<br \/>\ncomposition ultra-transform\u00e9e et leur fort taux de sucre auraient<br \/>\nun impact direct sur le cerveau et les apprentissages<br \/>\nscolaires.<\/p>\n<p><a href=\"https:\/\/www.aufeminin.com\/forme\/ces-barres-de-cereales-au-chocolat-excellentes-sur-yuka-sont-les-meilleures-pour-votre-sante-ideales-pour-le-gouter-2657384.html\" target=\"_blank\" rel=\"noopener\"><br \/>\nLes c\u00e9r\u00e9ales du petit-d\u00e9jeuner<\/a> font partie des habitudes les<br \/>\nplus ancr\u00e9es dans les foyers. <strong>Rapides, sucr\u00e9es et souvent<br \/>\npr\u00e9sent\u00e9es comme \u00e9quilibr\u00e9es<\/strong>, elles s\u00e9duisent petits et<br \/>\ngrands. Pourtant, <a href=\"https:\/\/www.futura-sciences.com\/sante\/actualites\/nutrition-produit-plus-vendu-enfants-aussi-pire-leur-cerveau-125171\/\" rel=\"nofollow noopener\" target=\"_blank\">selon Futura Sciences<\/a>, elles seraient<br \/>\n<strong>loin d\u2019\u00eatre l\u2019alli\u00e9 du cerveau des enfants<\/strong>.<br \/>\nDerri\u00e8re leur apparente innocence, elles cachent <strong>une bombe<br \/>\nsucr\u00e9e ultra-transform\u00e9e, susceptible de perturber la concentration<br \/>\net la m\u00e9moire<\/strong>. Des ingr\u00e9dients industriels, des additifs<br \/>\net un index glyc\u00e9mique \u00e9lev\u00e9 transforment ce petit plaisir matinal<br \/>\nen <strong>ennemi invisible des apprentissages scolaires<\/strong>,<br \/>\nen particulier lorsqu\u2019elles sont consomm\u00e9es quotidiennement.<\/p>\n<p>Fourr\u00e9es, enrob\u00e9es de miel ou souffl\u00e9es, ces c\u00e9r\u00e9ales promettent<br \/>\nde \u00ab\u00a0bien commencer la journ\u00e9e\u00a0\u00bb. Pourtant, leur composition<br \/>\ntrahit un tout autre effet : <strong>le sucre arrive souvent en<br \/>\ndeuxi\u00e8me position sur la liste des ingr\u00e9dients, suivi de sirop de<br \/>\nglucose, maltodextrine et ar\u00f4mes artificiels<\/strong>. M\u00eame les<br \/>\nversions \u00ab\u00a0bio\u00a0\u00bb ou \u00ab\u00a0sans huile de palme\u00a0\u00bb ne font<br \/>\npas exception, car les proc\u00e9d\u00e9s industriels (cuisson-extrusion)<br \/>\n<strong>d\u00e9gradent les glucides complexes<\/strong>. R\u00e9sultat : une<br \/>\nabsorption ultra-rapide du sucre, suivie d\u2019une chute brutale de la<br \/>\n<a href=\"https:\/\/www.aufeminin.com\/forme\/manger-equilibre\/glycemie\/glycemie-ce-riz-meconnu-diminue-significativement-les-pics-de-sucre-dans-le-sang-2673522.html\" target=\"_blank\" rel=\"noopener\"><br \/>\nglyc\u00e9mie<\/a>. Le cerveau, priv\u00e9 d\u2019\u00e9nergie stable,<br \/>\n<strong>fonctionne alors en montagnes russes<\/strong>.<\/p>\n<p>Un pic de sucre qui fait d\u00e9crocher les \u00e9l\u00e8ves en classe<\/p>\n<p><a href=\"https:\/\/www.futura-sciences.com\/sante\/actualites\/nutrition-produit-plus-vendu-enfants-aussi-pire-leur-cerveau-125171\/\" rel=\"nofollow noopener\" target=\"_blank\">Selon Futura Sciences<\/a>, ces variations brutales<br \/>\nde glyc\u00e9mie ont <strong>des cons\u00e9quences directes sur les capacit\u00e9s<br \/>\ncognitives<\/strong>. Apr\u00e8s un bol de c\u00e9r\u00e9ales industrielles, le<br \/>\ntaux de sucre dans le sang grimpe, entra\u00eenant <strong>une s\u00e9cr\u00e9tion<br \/>\nmassive d\u2019insuline<\/strong>. Quelques heures plus tard, c\u2019est<br \/>\nl\u2019<strong>hypoglyc\u00e9mie r\u00e9actionnelle<\/strong> : fatigue, manque<br \/>\nd\u2019attention et perte de vigilance. Ces \u00ab\u00a0coups de barre\u00a0\u00bb<br \/>\nsont fr\u00e9quents chez <a href=\"https:\/\/www.aufeminin.com\/societe\/des-millions-de-parents-ayant-des-enfants-a-lecole-vont-devoir-dire-adieu-a-cet-avantage-fiscal-150-euros-en-moyenne-2673597.html\" target=\"_blank\" rel=\"noopener\"><br \/>\nles enfants<\/a> qui mangent sucr\u00e9 le matin et expliquent pourquoi<br \/>\n<strong>certains peinent \u00e0 rester concentr\u00e9s d\u00e8s la fin de la<br \/>\nmatin\u00e9e<\/strong> \u00e0 l\u2019\u00e9cole.<\/p>\n<p>Les scientifiques sont formels : un petit-d\u00e9jeuner \u00e0 index<br \/>\nglyc\u00e9mique bas <strong>am\u00e9liore la m\u00e9moire, la compr\u00e9hension et la<br \/>\nperformance scolaire<\/strong>. Le probl\u00e8me, c\u2019est que les produits<br \/>\nmarketing des rayons enfants misent sur le plaisir et la rapidit\u00e9,<br \/>\nau d\u00e9triment de <a href=\"https:\/\/www.aufeminin.com\/forme\/manger-equilibre\/nutrition-et-sante\/ces-experts-en-nutrition-sont-formels-voici-les-3-meilleurs-pains-de-mie-industriels-de-supermarche-que-vous-pouvez-manger-pour-votre-sante-2664037.html\" target=\"_blank\" rel=\"noopener\"><br \/>\nla nutrition<\/a>. C\u00e9r\u00e9ales croustillantes, biscuits \u00ab\u00a0sp\u00e9ciaux<br \/>\npetit-d\u00e9jeuner\u00a0\u00bb ou jus de fruits pr\u00e9tendument sains cr\u00e9ent<br \/>\n<strong>un cocktail explosif pour la glyc\u00e9mie<\/strong>. \u00c0 long<br \/>\nterme, ces habitudes pourraient m\u00eame influencer les comportements<br \/>\nalimentaires, <strong>en renfor\u00e7ant la d\u00e9pendance au sucre d\u00e8s<br \/>\nl\u2019enfance<\/strong>.<\/p>\n<p><img loading=\"lazy\" decoding=\"async\" itemprop=\"thumbnailUrl\" class=\"alignnone size-large wp-image-2673721 img-responsive pinit-here\" src=\"https:\/\/www.europesays.com\/fr\/wp-content\/uploads\/2025\/11\/cereales-enfants-2-1024x502.jpg\" alt=\"Cet aliment ador\u00e9 des enfants au petit-d\u00e9jeuner est &quot;le pire pour le cerveau&quot;, il limite leurs apprentissages \u00e0 l\" width=\"1024\" height=\"502\" data-pin-media=\"https:\/\/sf1.afcdn.com\/wp-content\/uploads\/aufeminin\/2025\/11\/cereales-enfants-2-736x361.jpg\"\/><br \/>\n\u00a9<br \/>\nKabachki.photo &#8211; Shutterstock<\/p>\n<p>Comment repenser le petit-d\u00e9jeuner des enfants ?<\/p>\n<p>Bonne nouvelle : il est possible de <strong>garder le plaisir du<br \/>\npetit-d\u00e9jeuner sans sacrifier la sant\u00e9 du cerveau<\/strong>.<br \/>\n<a href=\"https:\/\/www.futura-sciences.com\/sante\/actualites\/nutrition-produit-plus-vendu-enfants-aussi-pire-leur-cerveau-125171\/\" rel=\"nofollow noopener\" target=\"_blank\">Les experts cit\u00e9s par Futura Sciences<\/a><br \/>\nrecommandent de miser sur trois piliers : <strong>un fruit frais<br \/>\npour les fibres, un produit laitier nature pour les prot\u00e9ines et<br \/>\nune source de glucides complexes<\/strong> comme le pain complet,<br \/>\nles flocons d\u2019avoine ou le muesli non sucr\u00e9. Ces aliments offrent<br \/>\n<strong>une \u00e9nergie constante<\/strong>, \u00e9vitent <a href=\"https:\/\/www.aufeminin.com\/forme\/petit-dejeuner-apres-50-ans-voici-par-quoi-remplacer-le-beurre-et-la-confiture-pour-eviter-les-pics-de-glycemie-2671017.html\" target=\"_blank\" rel=\"noopener\"><br \/>\nles pics de glyc\u00e9mie<\/a> et <strong>am\u00e9liorent la concentration sur<br \/>\nla dur\u00e9e<\/strong>. C\u2019est la cl\u00e9 d\u2019<strong>une matin\u00e9e productive et<br \/>\nd\u2019un apprentissage efficace<\/strong>.<\/p>\n<p>Pour les enfants qui refusent d\u2019abandonner les saveurs sucr\u00e9es,<br \/>\nles alternatives maison sont id\u00e9ales : <strong>granola aux fruits<br \/>\nsecs, tartines de pur\u00e9e d\u2019amande, smoothie banane-lait v\u00e9g\u00e9tal ou<br \/>\n\u0153uf \u00e0 la coque accompagn\u00e9 de tranches de pomme<\/strong>. <a href=\"https:\/\/www.futura-sciences.com\/sante\/actualites\/nutrition-produit-plus-vendu-enfants-aussi-pire-leur-cerveau-125171\/\" rel=\"nofollow noopener\" target=\"_blank\">Une \u00e9tude relay\u00e9e par Futura Sciences<\/a> souligne<br \/>\nd\u2019ailleurs que les enfants qui prennent r\u00e9guli\u00e8rement un<br \/>\npetit-d\u00e9jeuner \u00e9quilibr\u00e9 obtiennent <strong>de meilleurs r\u00e9sultats<br \/>\nscolaires<\/strong>. L\u2019enjeu n\u2019est pas seulement nutritionnel : il<br \/>\ntouche \u00e0 <strong>la m\u00e9moire, \u00e0 la cr\u00e9ativit\u00e9 et \u00e0 l\u2019\u00e9quilibre<br \/>\n\u00e9motionnel<\/strong>. Un cerveau bien nourri, c\u2019est un esprit pr\u00eat \u00e0<br \/>\napprendre.<\/p>\n","protected":false},"excerpt":{"rendered":"Fourr\u00e9es, sucr\u00e9es ou croustillantes, les c\u00e9r\u00e9ales du petit-d\u00e9jeuner s\u00e9duisent les enfants\u2026 mais nuisent \u00e0 leurs capacit\u00e9s d\u2019attention. Selon&hellip;\n","protected":false},"author":2,"featured_media":521801,"comment_status":"","ping_status":"","sticky":false,"template":"","format":"standard","meta":{"footnotes":""},"categories":[10],"tags":[64251,2161,1011,27,72,34340,71],"class_list":{"0":"post-521800","1":"post","2":"type-post","3":"status-publish","4":"format-standard","5":"has-post-thumbnail","7":"category-sante","8":"tag-alimentation-de-lenfant","9":"tag-cereales","10":"tag-fr","11":"tag-france","12":"tag-health","13":"tag-petit-dejeuner","14":"tag-sante"},"share_on_mastodon":{"url":"https:\/\/pubeurope.com\/@fr\/115517338017676573","error":""},"_links":{"self":[{"href":"https:\/\/www.europesays.com\/fr\/wp-json\/wp\/v2\/posts\/521800","targetHints":{"allow":["GET"]}}],"collection":[{"href":"https:\/\/www.europesays.com\/fr\/wp-json\/wp\/v2\/posts"}],"about":[{"href":"https:\/\/www.europesays.com\/fr\/wp-json\/wp\/v2\/types\/post"}],"author":[{"embeddable":true,"href":"https:\/\/www.europesays.com\/fr\/wp-json\/wp\/v2\/users\/2"}],"replies":[{"embeddable":true,"href":"https:\/\/www.europesays.com\/fr\/wp-json\/wp\/v2\/comments?post=521800"}],"version-history":[{"count":0,"href":"https:\/\/www.europesays.com\/fr\/wp-json\/wp\/v2\/posts\/521800\/revisions"}],"wp:featuredmedia":[{"embeddable":true,"href":"https:\/\/www.europesays.com\/fr\/wp-json\/wp\/v2\/media\/521801"}],"wp:attachment":[{"href":"https:\/\/www.europesays.com\/fr\/wp-json\/wp\/v2\/media?parent=521800"}],"wp:term":[{"taxonomy":"category","embeddable":true,"href":"https:\/\/www.europesays.com\/fr\/wp-json\/wp\/v2\/categories?post=521800"},{"taxonomy":"post_tag","embeddable":true,"href":"https:\/\/www.europesays.com\/fr\/wp-json\/wp\/v2\/tags?post=521800"}],"curies":[{"name":"wp","href":"https:\/\/api.w.org\/{rel}","templated":true}]}}