{"id":521804,"date":"2025-11-09T02:18:12","date_gmt":"2025-11-09T02:18:12","guid":{"rendered":"https:\/\/www.europesays.com\/fr\/521804\/"},"modified":"2025-11-09T02:18:12","modified_gmt":"2025-11-09T02:18:12","slug":"julie-ex-candidate-de-pekin-express-revele-etre-atteinte-dun-cancer","status":"publish","type":"post","link":"https:\/\/www.europesays.com\/fr\/521804\/","title":{"rendered":"Julie, ex-candidate de \u00abP\u00e9kin Express\u00bb, r\u00e9v\u00e8le \u00eatre atteinte d\u2019un cancer"},"content":{"rendered":"<p>    Julie Rosso<br \/>\n                Marie Etchegoyen 6Play<\/p>\n<p>\n    La femme d\u2019origine corse avait marqu\u00e9 les esprits des t\u00e9l\u00e9spectateurs par ses deux participations au programme de M6, et de sa victoire aux c\u00f4t\u00e9s de son ancien compagnon en 2020.<\/p>\n<p class=\"fig-paragraph\">\u00abQuand la vie bascule.\u00bb Ce vendredi 7 novembre,\u00a0<a href=\"https:\/\/tvmag.lefigaro.fr\/programme-tv\/pekin-express-julie-et-denis-remportent-la-finale-de-retour-sur-la-route-mythique_458976fe-7960-11ea-ae87-f757a46fe2ef\" target=\"_blank\" data-fig-type=\"Article\" rel=\"noopener nofollow\" data-gtm-custom-categorie=\"navigation\" data-gtm-custom-action=\"crossclick\" data-gtm-custom-label=\"Contextuel\" data-gtm-event=\"customEventSPE\" data-fig-domain=\"TVMAG\">Julie Rosso<\/a>, ancienne candidate de\u00a0<a href=\"http:\/\/tvmag.lefigaro.fr\/tele-realite\/dossier\/pekin-express\" data-fig-type=\"Topic\" data-gtm-custom-categorie=\"navigation\" data-gtm-custom-action=\"crossclick\" data-gtm-custom-label=\"Contextuel\" data-gtm-event=\"customEventSPE\" data-fig-domain=\"TVMAG\" rel=\"nofollow noopener\" target=\"_blank\">\u00abP\u00e9kin Express\u00bb<\/a>\u00a0s\u2019est confi\u00e9e \u00e0 ses abonn\u00e9s. Douze ann\u00e9es apr\u00e8s sa premi\u00e8re participation &#8211; et 5 ans apr\u00e8s sa victoire avec son ex-compagnon, Denis Pierinelli &#8211; la femme \u00e9volue d\u00e9sormais sur les r\u00e9seaux sociaux en tant que cr\u00e9atrice de contenu.<\/p>\n<p class=\"fig-paragraph\">Et si le couple, parent d\u2019une petite fille pr\u00e9nomm\u00e9e Dea, a r\u00e9v\u00e9l\u00e9 s\u2019\u00eatre s\u00e9par\u00e9 il y a quelques mois, c\u2019est une nouvelle \u00e9preuve que vit aujourd\u2019hui Julie Rosso. \u00abJe traverse une p\u00e9riode de ma vie compliqu\u00e9e en ce moment. [&#8230;] Je r\u00e9alise chaque jour qu\u2019\u00eatre aim\u00e9e c\u2019est pr\u00e9cieux pour affronter les \u00e9preuves de la vie\u00bb, avait-elle myst\u00e9rieusement partag\u00e9 il y a deux semaines en l\u00e9gende d\u2019une publication Instagram. Ce vendredi, elle a fini par lever le voile sur l\u2019actualit\u00e9 qui la frappe.\u00abJ\u2019ai r\u00e9fl\u00e9chi des jours et des jours \u00e0 comment j\u2019allais aborder le sujet ici. Comment j\u2019allais vous dire que la maladie avait frapp\u00e9 \u00e0 ma porte\u2026Du jour au lendemain, sans signes avant-coureurs, sans un bruit.\u00bb Et de poursuivre\u00a0: \u00abJ\u2019ai un cancer du sein&#8230; Voil\u00e0 je l\u2019ai dit&#8230; un Put*** de cancer&#8230;\u00bb<\/p>\n<p class=\"fig-body-link\">\n            \u00c0 lire aussi<br \/>\n        <a class=\"fig-body-link__link\" href=\"http:\/\/tvmag.lefigaro.fr\/programme-tv\/ce-soir-tele\/pekin-express-dans-le-froid-kazakh-20251107\" target=\"_blank\" data-fig-type=\"Article\" rel=\"noopener nofollow\" data-gtm-custom-categorie=\"navigation\" data-gtm-custom-action=\"crossclick\" data-gtm-custom-label=\"Contextuel\" data-gtm-event=\"customEventSPE\" data-fig-domain=\"TVMAG\"><\/p>\n<p>        Conditions polaires et \u00e9preuves in\u00e9dites&#8230; Tout ce qu\u2019il faut savoir sur \u00abP\u00e9kin Express\u00a0: la route des glaces\u00bb<br \/>\n    <\/a>\n<\/p>\n<p>                                    <a class=\"fig-a11y-skip a11y-hidden\" href=\"#fig-a11y-skip-main-inarticle\"><br \/>\n        Passer la publicit\u00e9<br \/>\n    <\/a><\/p>\n<p class=\"fig-paragraph\">La m\u00e8re de famille a ensuite pr\u00e9cis\u00e9 son \u00e9tat d\u2019esprit et les sentiments qui la traversent. \u00abDu jour au lendemain, j\u2019ai l\u2019impression que l\u2019enfer s\u2019est ouvert sous mes pieds\u2026Je pleure, je m\u2019effondre, je me reprends, je ris and repeat&#8230; Je tiens bon mais c\u2019est si dur, si injuste&#8230;\u00bb Et d\u2019expliquer la raison de son silence jusqu\u2019alors\u00a0: \u00abJe ne l\u2019ai pas dit jusqu\u2019\u00e0 aujourd\u2019hui car ma priorit\u00e9 c\u2019est Dea, je veux la prot\u00e9ger au maximum. Les allers-retours \u00e0 l\u2019h\u00f4pital &amp; le combat ont d\u00e9j\u00e0 d\u00e9marr\u00e9\u00a0: il va falloir \u00eatre forte, se battre, rien l\u00e2cher\u2026 j\u2019ai autant peur que je suis pr\u00eate. Je suis tr\u00e8s entour\u00e9e et je sais qu\u2019ils vont d\u00e9cupler mes forces.\u00bb<\/p>\n<p class=\"fig-paragraph\">Malgr\u00e9 la maladie, l\u2019ancienne candidate de l\u2019\u00e9mission de M6 ne compte pas changer radicalement de vie. \u00abAujourd\u2019hui, j\u2019ai pass\u00e9 une \u00e9tape importante \u00e0 l\u2019h\u00f4pital et demain je prendrai l\u2019avion pour le Vietnam parce que la vie m\u00e9rite d\u2019\u00eatre v\u00e9cue. Alors la vie doit et va continuer un peu diff\u00e9remment mais je veux qu\u2019elle continue comme avant\u00a0: le quotidien, le travail, le sport, les aventures. C\u2019est une sacr\u00e9e \u00e9preuve que la vie a d\u00e9cid\u00e9 de me donner\u00a0: Je vais aller au combat\u00bb, a-t-elle conclu. En commentaires, nombreux sont les participants du programme \u00e0 avoir r\u00e9agi. \u00abForce \u00e0 toi ma Julie!! Je t\u2019envoie tout mon amour pour cette \u00e9preuve on est avec toi!\u00bb, a \u00e9crit Rose-Marie de la saison 14 tandis qu\u2019Aurore, de la m\u00eame \u00e9dition, a soutenu\u00a0: \u00abJulie tu es une guerri\u00e8re la vie te l\u2019a prouv\u00e9 \u00e0 plusieurs reprises et tu vas vaincre cette m\u2026. Je prie pour toi.\u00bb Les chroniqueuses\u00a0<a href=\"https:\/\/tvmag.lefigaro.fr\/programme-tv\/ariane-brodier-camping-paradis-le-personnage-de-juliette-a-ete-cree-sur-mesure-pour-moi-_a6681830-c635-11e7-bd8f-097994d2be37\" data-fig-type=\"Article\" data-gtm-custom-categorie=\"navigation\" data-gtm-custom-action=\"crossclick\" data-gtm-custom-label=\"Contextuel\" data-gtm-event=\"customEventSPE\" data-fig-domain=\"TVMAG\" rel=\"nofollow noopener\" target=\"_blank\">Ariane Brodier<\/a>, Francesca Antoniotti ou encore l\u2019ancienne candidate de \u00abKoh Lanta\u00bb\u00a0<a href=\"http:\/\/tvmag.lefigaro.fr\/programme-tv\/people\/je-suis-bouleversee-clemence-castel-et-sa-compagne-marie-sont-mamans-20250223\" target=\"_blank\" data-fig-type=\"Article\" rel=\"noopener nofollow\" data-gtm-custom-categorie=\"navigation\" data-gtm-custom-action=\"crossclick\" data-gtm-custom-label=\"Contextuel\" data-gtm-event=\"customEventSPE\" data-fig-domain=\"TVMAG\">Cl\u00e9mence Castel<\/a>\u00a0ont \u00e9galement envoy\u00e9 leurs pens\u00e9es \u00e0 l\u2019int\u00e9ress\u00e9e.<\/p>\n","protected":false},"excerpt":{"rendered":"Julie Rosso Marie Etchegoyen 6Play La femme d\u2019origine corse avait marqu\u00e9 les esprits des t\u00e9l\u00e9spectateurs par ses deux&hellip;\n","protected":false},"author":2,"featured_media":521805,"comment_status":"","ping_status":"","sticky":false,"template":"","format":"standard","meta":{"footnotes":""},"categories":[8],"tags":[58,59,1011,27,3172],"class_list":{"0":"post-521804","1":"post","2":"type-post","3":"status-publish","4":"format-standard","5":"has-post-thumbnail","7":"category-divertissement","8":"tag-divertissement","9":"tag-entertainment","10":"tag-fr","11":"tag-france","12":"tag-pekin-express"},"share_on_mastodon":{"url":"https:\/\/pubeurope.com\/@fr\/115517345343079482","error":""},"_links":{"self":[{"href":"https:\/\/www.europesays.com\/fr\/wp-json\/wp\/v2\/posts\/521804","targetHints":{"allow":["GET"]}}],"collection":[{"href":"https:\/\/www.europesays.com\/fr\/wp-json\/wp\/v2\/posts"}],"about":[{"href":"https:\/\/www.europesays.com\/fr\/wp-json\/wp\/v2\/types\/post"}],"author":[{"embeddable":true,"href":"https:\/\/www.europesays.com\/fr\/wp-json\/wp\/v2\/users\/2"}],"replies":[{"embeddable":true,"href":"https:\/\/www.europesays.com\/fr\/wp-json\/wp\/v2\/comments?post=521804"}],"version-history":[{"count":0,"href":"https:\/\/www.europesays.com\/fr\/wp-json\/wp\/v2\/posts\/521804\/revisions"}],"wp:featuredmedia":[{"embeddable":true,"href":"https:\/\/www.europesays.com\/fr\/wp-json\/wp\/v2\/media\/521805"}],"wp:attachment":[{"href":"https:\/\/www.europesays.com\/fr\/wp-json\/wp\/v2\/media?parent=521804"}],"wp:term":[{"taxonomy":"category","embeddable":true,"href":"https:\/\/www.europesays.com\/fr\/wp-json\/wp\/v2\/categories?post=521804"},{"taxonomy":"post_tag","embeddable":true,"href":"https:\/\/www.europesays.com\/fr\/wp-json\/wp\/v2\/tags?post=521804"}],"curies":[{"name":"wp","href":"https:\/\/api.w.org\/{rel}","templated":true}]}}