{"id":521824,"date":"2025-11-09T02:34:15","date_gmt":"2025-11-09T02:34:15","guid":{"rendered":"https:\/\/www.europesays.com\/fr\/521824\/"},"modified":"2025-11-09T02:34:15","modified_gmt":"2025-11-09T02:34:15","slug":"le-cadavre-dun-randonneur-retrouve-dans-le-massif-de-la-gardiole","status":"publish","type":"post","link":"https:\/\/www.europesays.com\/fr\/521824\/","title":{"rendered":"le cadavre d&rsquo;un randonneur retrouv\u00e9 dans le massif de la Gardiole"},"content":{"rendered":"<p>            Par<br \/>\n        <strong><br \/>\n            <a href=\"https:\/\/actu.fr\/auteur\/jm-aubert\" title=\"Consulter tous les articles de Jean-Marc Aubert\" target=\"_blank\" rel=\"noopener\">Jean-Marc Aubert<\/a><br \/>\n        <\/strong><\/p>\n<p>        Publi\u00e9 le<\/p>\n<p>            8 nov. 2025 \u00e0 20h48<br \/>\n        ; mis \u00e0 jour le 8 nov. 2025 \u00e0 22h15    <\/p>\n<p>Le <strong>cadavre d\u2019un randonneur<\/strong> qui \u00e9tait port\u00e9 disparu dans <strong>la Gardiole<\/strong>, a \u00e9t\u00e9 retrouv\u00e9 ce samedi matin, sur un sentier isol\u00e9 \u00e0 l\u2019ouest du massif h\u00e9raultais. Une enqu\u00eate est ouverte.<\/p>\n<p class=\" wall-content\">Actuellement en cure aux<strong> Thermes de Balaruc-les-Bains,<\/strong> cet homme \u00e2g\u00e9 d\u2019environ 60 ans \u00e9tait parti vendredi 7 novembre 2025 en matin\u00e9e pour faire une randonn\u00e9e dans le massif de la Gardiole, mais n\u2019\u00e9tait pas rentr\u00e9 dans la soir\u00e9e.<\/p>\n<p>    <a href=\"https:\/\/www.google.com\/maps\/embed?pb=!1m18!1m12!1m3!1d4819.87880639841!2d3.702159310383606!3d43.46331666617061!2m3!1f0!2f0!3f0!3m2!1i1024!2i768!4f13.1!3m3!1m2!1s0x12b14b0011a10d87%3A0x9955bfea8be29b1f!2sChem.%20de%20la%20Gardiole%2C%2034540%20Balaruc-le-Vieux!5e0!3m2!1sfr!2sfr!4v1762631231554!5m2!1sfr!2sfr\" title=\"Ouvrie le lien\" target=\"_blank\" rel=\"noopener\">Cliquez ici pour visualiser le contenu<\/a><\/p>\n<p class=\" wall-content\">D\u00e8s ce samedi 8 novembre, des recherches ont \u00e9t\u00e9 lanc\u00e9es, notamment par des <strong>gendarmes<\/strong> des brigades de la compagnie de P\u00e9zenas, avec un ratissage dans une zone o\u00f9 le disparu avait l\u2019habitude de se rendre.<\/p>\n<p class=\" wall-content\">Son corps a \u00e9t\u00e9 d\u00e9couvert vers 14h, sur un sentier. Il \u00e9tait d\u00e9c\u00e9d\u00e9 depuis de nombreuses heures, selon un m\u00e9decin de ville qui s\u2019est rendu sur les lieux de la macabre d\u00e9couverte. Un m\u00e9decin l\u00e9giste du D\u00e9partement de m\u00e9decine l\u00e9gale de l\u2019h\u00f4pital Lapeyronie, \u00e0 Montpellier s\u2019est d\u00e9plac\u00e9 avec les pompes fun\u00e8bres pour la lev\u00e9e de la d\u00e9pouille. L\u2019hypoth\u00e8se d\u2019une mort naturelle est privil\u00e9gi\u00e9e.<\/p>\n<p class=\" wall-content\">Personnalisez votre actualit\u00e9 en ajoutant vos villes et m\u00e9dias en favori avec <a href=\"https:\/\/moncompte.actu.fr\" title=\"D\u00e9couvez Mon Actu\" rel=\"nofollow noopener\" data-trk=\"{&quot;cta&quot;:{&quot;action&quot;:&quot;https:\\\/\\\/moncompte.actu.fr&quot;,&quot;category&quot;:&quot;mon compte&quot;,&quot;from&quot;:&quot;article footer&quot;,&quot;name&quot;:&quot;Mon actu&quot;,&quot;type&quot;:&quot;cta&quot;}}\" target=\"_blank\">Mon Actu<\/a>.<\/p>\n","protected":false},"excerpt":{"rendered":"Par Jean-Marc Aubert Publi\u00e9 le 8 nov. 2025 \u00e0 20h48 ; mis \u00e0 jour le 8 nov. 2025&hellip;\n","protected":false},"author":2,"featured_media":521825,"comment_status":"","ping_status":"","sticky":false,"template":"","format":"standard","meta":{"footnotes":""},"categories":[9599],"tags":[1111,11,1777,674,118,1011,27,3381,2208,12,2680,7553,25],"class_list":{"0":"post-521824","1":"post","2":"type-post","3":"status-publish","4":"format-standard","5":"has-post-thumbnail","7":"category-montpellier","8":"tag-actu","9":"tag-actualites","10":"tag-eu","11":"tag-europe","12":"tag-faits-divers","13":"tag-fr","14":"tag-france","15":"tag-gendarmerie","16":"tag-montpellier","17":"tag-news","18":"tag-occitanie","19":"tag-randonnee","20":"tag-republique-francaise"},"share_on_mastodon":{"url":"https:\/\/pubeurope.com\/@fr\/115517408077337778","error":""},"_links":{"self":[{"href":"https:\/\/www.europesays.com\/fr\/wp-json\/wp\/v2\/posts\/521824","targetHints":{"allow":["GET"]}}],"collection":[{"href":"https:\/\/www.europesays.com\/fr\/wp-json\/wp\/v2\/posts"}],"about":[{"href":"https:\/\/www.europesays.com\/fr\/wp-json\/wp\/v2\/types\/post"}],"author":[{"embeddable":true,"href":"https:\/\/www.europesays.com\/fr\/wp-json\/wp\/v2\/users\/2"}],"replies":[{"embeddable":true,"href":"https:\/\/www.europesays.com\/fr\/wp-json\/wp\/v2\/comments?post=521824"}],"version-history":[{"count":0,"href":"https:\/\/www.europesays.com\/fr\/wp-json\/wp\/v2\/posts\/521824\/revisions"}],"wp:featuredmedia":[{"embeddable":true,"href":"https:\/\/www.europesays.com\/fr\/wp-json\/wp\/v2\/media\/521825"}],"wp:attachment":[{"href":"https:\/\/www.europesays.com\/fr\/wp-json\/wp\/v2\/media?parent=521824"}],"wp:term":[{"taxonomy":"category","embeddable":true,"href":"https:\/\/www.europesays.com\/fr\/wp-json\/wp\/v2\/categories?post=521824"},{"taxonomy":"post_tag","embeddable":true,"href":"https:\/\/www.europesays.com\/fr\/wp-json\/wp\/v2\/tags?post=521824"}],"curies":[{"name":"wp","href":"https:\/\/api.w.org\/{rel}","templated":true}]}}