{"id":521828,"date":"2025-11-09T02:38:48","date_gmt":"2025-11-09T02:38:48","guid":{"rendered":"https:\/\/www.europesays.com\/fr\/521828\/"},"modified":"2025-11-09T02:38:48","modified_gmt":"2025-11-09T02:38:48","slug":"grenoble-la-femme-ne-repond-pas-aux-appels-les-pompiers-font-une-terrible-decouverte","status":"publish","type":"post","link":"https:\/\/www.europesays.com\/fr\/521828\/","title":{"rendered":"Grenoble. La femme ne r\u00e9pond pas aux appels, les pompiers font une terrible d\u00e9couverte"},"content":{"rendered":"<p>            Par<br \/>\n        <strong><br \/>\n            <a href=\"https:\/\/actu.fr\/auteur\/julien-sournies\" title=\"Consulter tous les articles de Julien Sournies\" rel=\"nofollow noopener\" target=\"_blank\">Julien Sournies<\/a><br \/>\n        <\/strong><\/p>\n<p>        Publi\u00e9 le<\/p>\n<p>            7 nov. 2025 \u00e0 11h03        <\/p>\n<p>Elle demeurait totalement injoignable durant plusieurs heures. En fin d\u2019apr\u00e8s-midi ce jeudi 6\u00a0novembre, les pompiers sont intervenus dans le quartier de la gare \u00e0 <a href=\"https:\/\/actu.fr\/grenoble\/\" rel=\"nofollow noopener\" target=\"_blank\">Grenoble<\/a> (<a href=\"https:\/\/actu.fr\/auvergne-rhone-alpes\/isere_38\" rel=\"nofollow noopener\" target=\"_blank\">Is\u00e8re<\/a>), rue \u00c9douard-Branly, pour prendre des nouvelles d\u2019une femme d\u2019une quarantaine d\u2019ann\u00e9es qui ne r\u00e9pondait pas aux <strong>multiples appels t\u00e9l\u00e9phoniques<\/strong> qu\u2019elle recevait.<\/p>\n<p>\u00ab\u2009Les conditions du d\u00e9c\u00e8s sont suspectes\u2009\u00bb<\/p>\n<p class=\" wall-content\">Selon les informations transmises par la Direction interd\u00e9partementale de la police nationale, les pompiers, apr\u00e8s avoir r\u00e9ussi \u00e0 p\u00e9n\u00e9trer dans son appartement, ont retrouv\u00e9 son <strong>cadavre<\/strong> gisant au sol.<\/p>\n<p>    <a href=\"https:\/\/www.google.com\/maps\/embed?pb=!1m18!1m12!1m3!1d2264.351808709169!2d5.713440899982176!3d45.19148198100725!2m3!1f0!2f0!3f0!3m2!1i1024!2i768!4f13.1!3m3!1m2!1s0x478af48732c569b1%3A0xdc1ec5d4a8fefaef!2sRue%20Edouard%20Branly%2C%2038000%20Grenoble!5e1!3m2!1sfr!2sfr!4v1762508214716!5m2!1sfr!2sfr\" title=\"Ouvrie le lien\" rel=\"nofollow noopener\" target=\"_blank\">Cliquez ici pour visualiser le contenu<\/a><\/p>\n<p class=\" wall-content\">Alors que des constatations ont \u00e9t\u00e9 effectu\u00e9es sur place, les forces de l\u2019ordre indiquent que \u00ab\u2009les conditions du d\u00e9c\u00e8s sont <strong>suspectes<\/strong>\u2009\u00bb.<\/p>\n<p class=\" wall-content\">Une <strong>enqu\u00eate<\/strong> a \u00e9t\u00e9 ouverte par la police nationale pour comprendre les circonstances exactes de ce drame.<\/p>\n<p class=\" wall-content\">Personnalisez votre actualit\u00e9 en ajoutant vos villes et m\u00e9dias en favori avec <a href=\"https:\/\/moncompte.actu.fr\" title=\"D\u00e9couvez Mon Actu\" rel=\"nofollow noopener\" data-trk=\"{&quot;cta&quot;:{&quot;action&quot;:&quot;https:\\\/\\\/moncompte.actu.fr&quot;,&quot;category&quot;:&quot;mon compte&quot;,&quot;from&quot;:&quot;article footer&quot;,&quot;name&quot;:&quot;Mon actu&quot;,&quot;type&quot;:&quot;cta&quot;}}\" target=\"_blank\">Mon Actu<\/a>.<\/p>\n","protected":false},"excerpt":{"rendered":"Par Julien Sournies Publi\u00e9 le 7 nov. 2025 \u00e0 11h03 Elle demeurait totalement injoignable durant plusieurs heures. En&hellip;\n","protected":false},"author":2,"featured_media":501712,"comment_status":"","ping_status":"","sticky":false,"template":"","format":"standard","meta":{"footnotes":""},"categories":[9566],"tags":[1111,11,2430,1777,674,118,1011,27,2731,12,1072,1311,25],"class_list":{"0":"post-521828","1":"post","2":"type-post","3":"status-publish","4":"format-standard","5":"has-post-thumbnail","7":"category-grenoble","8":"tag-actu","9":"tag-actualites","10":"tag-auvergne-rhone-alpes","11":"tag-eu","12":"tag-europe","13":"tag-faits-divers","14":"tag-fr","15":"tag-france","16":"tag-grenoble","17":"tag-news","18":"tag-police","19":"tag-pompiers","20":"tag-republique-francaise"},"share_on_mastodon":{"url":"https:\/\/pubeurope.com\/@fr\/115517427767021276","error":""},"_links":{"self":[{"href":"https:\/\/www.europesays.com\/fr\/wp-json\/wp\/v2\/posts\/521828","targetHints":{"allow":["GET"]}}],"collection":[{"href":"https:\/\/www.europesays.com\/fr\/wp-json\/wp\/v2\/posts"}],"about":[{"href":"https:\/\/www.europesays.com\/fr\/wp-json\/wp\/v2\/types\/post"}],"author":[{"embeddable":true,"href":"https:\/\/www.europesays.com\/fr\/wp-json\/wp\/v2\/users\/2"}],"replies":[{"embeddable":true,"href":"https:\/\/www.europesays.com\/fr\/wp-json\/wp\/v2\/comments?post=521828"}],"version-history":[{"count":0,"href":"https:\/\/www.europesays.com\/fr\/wp-json\/wp\/v2\/posts\/521828\/revisions"}],"wp:featuredmedia":[{"embeddable":true,"href":"https:\/\/www.europesays.com\/fr\/wp-json\/wp\/v2\/media\/501712"}],"wp:attachment":[{"href":"https:\/\/www.europesays.com\/fr\/wp-json\/wp\/v2\/media?parent=521828"}],"wp:term":[{"taxonomy":"category","embeddable":true,"href":"https:\/\/www.europesays.com\/fr\/wp-json\/wp\/v2\/categories?post=521828"},{"taxonomy":"post_tag","embeddable":true,"href":"https:\/\/www.europesays.com\/fr\/wp-json\/wp\/v2\/tags?post=521828"}],"curies":[{"name":"wp","href":"https:\/\/api.w.org\/{rel}","templated":true}]}}