{"id":521829,"date":"2025-11-09T02:40:13","date_gmt":"2025-11-09T02:40:13","guid":{"rendered":"https:\/\/www.europesays.com\/fr\/521829\/"},"modified":"2025-11-09T02:40:13","modified_gmt":"2025-11-09T02:40:13","slug":"temoignage-ada-26-ans-je-suis-devenue-famille-daccueil-pour-mon-frere","status":"publish","type":"post","link":"https:\/\/www.europesays.com\/fr\/521829\/","title":{"rendered":"T\u00c9MOIGNAGE. Ada, 26\u00a0ans\u00a0: \u00ab\u00a0Je suis devenue famille d\u2019accueil pour mon fr\u00e8re\u00a0\u00bb"},"content":{"rendered":"<p><a href=\"https:\/\/zep.media\/\" target=\"_self\" rel=\"noopener\"> La Zone d\u2019expression prioritaire (Zep) <\/a>  \u00e9labore ces r\u00e9cits avec des jeunes de 14 \u00e0 30\u00a0ans, lors d\u2019ateliers d\u2019\u00e9criture encadr\u00e9s par des journalistes. Ces t\u00e9moignages sont ensuite publi\u00e9s par des m\u00e9dias. Ouest-France a choisi d\u2019\u00eatre l\u2019un d\u2019eux. Tous les mois, dans le journal et <a href=\"https:\/\/www.ouest-france.fr\/education\/etudiant\/la-zep\/\" target=\"_self\" rel=\"noopener\">sur ouest-france.fr, on peut lire ces r\u00e9cits de vie<\/a>, comme celui d\u2019Ada, 26\u00a0ans.<\/p>\n<p>\u00ab\u00a0Depuis ses 3\u00a0ans, mon petit fr\u00e8re a grandi dans une famille d\u2019accueil, sous la responsabilit\u00e9 d\u2019une assistante familiale. Mais \u00e0 ses 16\u00a0ans, il a d\u00fb quitter ce foyer. L\u2019assistante familiale, ne souhaitant plus le garder, a pris la d\u00e9cision de le laisser partir. Mon fr\u00e8re s\u2019est retrouv\u00e9 sans cadre familial.<\/p>\n<p>En apprenant cela, j\u2019ai d\u00e9cid\u00e9 de m\u2019impliquer. Mon objectif \u00e9tait clair\u00a0: lui offrir un soutien \u00e9motionnel, physique et \u00e9conomique. Je voulais \u00eatre ce rep\u00e8re que personne ne lui avait vraiment offert. Mon premier r\u00e9flexe a \u00e9t\u00e9 de demander \u00e0 ma m\u00e8re le contact de l\u2019\u00e9ducatrice en charge de son suivi, sans lui expliquer pourquoi, car je redoutais sa r\u00e9action.\u00a0\u00bb<\/p>\n<p>\u00ab\u00a0La s\u00e9curit\u00e9 de mon fr\u00e8re \u00e9tait la priorit\u00e9\u00a0\u00bb<\/p>\n<p>\u00ab\u00a0Avant de passer ce coup de fil, j\u2019\u00e9tais tr\u00e8s anxieuse \u00e0 l\u2019id\u00e9e de m\u2019opposer \u00e0 ma m\u00e8re. Mais je m\u2019y \u00e9tais pr\u00e9par\u00e9e psychologiquement\u00a0: la s\u00e9curit\u00e9 de mon fr\u00e8re \u00e9tait la priorit\u00e9. Notre \u00e9change ayant \u00e9t\u00e9 froid et ferm\u00e9, j\u2019ai pr\u00e9f\u00e9r\u00e9 attendre le jugement pour lui en reparler. Une fois le num\u00e9ro entre mes mains, j\u2019ai appel\u00e9 l\u2019\u00e9ducatrice pour lui faire part de mon souhait d\u2019accueillir mon fr\u00e8re.<\/p>\n<p>J\u2019avais 24\u00a0ans \u00e0 l\u2019\u00e9poque. Je vivais avec mon conjoint, notre situation financi\u00e8re \u00e9tait stable, et nous occupions une grande maison avec trois chambres \u2014 dont l\u2019une n\u2019attendant que d\u2019\u00eatre occup\u00e9e.<\/p>\n<p>J\u2019ai donc adress\u00e9 une lettre au juge des enfants pour d\u00e9poser ma requ\u00eate. Peu de temps apr\u00e8s, j\u2019ai \u00e9t\u00e9 convoqu\u00e9e en pr\u00e9sentiel. Ma m\u00e8re aussi \u00e9tait convi\u00e9e. J\u2019\u00e9tais mal \u00e0 l\u2019aise \u00e0 l\u2019id\u00e9e de prendre la place qu\u2019elle avait toujours eue, d\u2019endosser ses responsabilit\u00e9s. L\u2019ambiance \u00e9tait pesante, et j\u2019avais de la peine pour elle. Mais je devais faire preuve de d\u00e9termination pour prouver que j\u2019\u00e9tais capable de m\u2019occuper de mon fr\u00e8re. Cela a cr\u00e9\u00e9 une tension et une distance entre ma m\u00e8re et moi pendant toute la proc\u00e9dure.\u00a0\u00bb<\/p>\n<p>\u00ab\u00a0Cr\u00e9er un lien de filiation que nous n\u2019avions jamais connu\u00a0\u00bb<\/p>\n<p>\u00ab\u00a0J\u2019ai aussi d\u00fb affronter des tensions avec l\u2019\u00e9ducatrice de mon fr\u00e8re, qui ne me prenait pas au s\u00e9rieux \u00e0 cause de mon \u00e2ge. Il a m\u00eame fallu un rendez-vous avec la juge pour remettre les choses \u00e0 plat.<\/p>\n<p>Finalement, j\u2019ai obtenu le placement de mon fr\u00e8re, avec une aide financi\u00e8re de 500\u00a0\u20ac par mois pour subvenir \u00e0 ses besoins. En revanche, je n\u2019ai re\u00e7u aucune aide psychologique \u2013 ni avant ni pendant.<\/p>\n<p>Mais pour moi, c\u2019\u00e9tait l\u2019opportunit\u00e9 de cr\u00e9er un lien de filiation que nous n\u2019avions jamais connu jusque-l\u00e0. Un accueil encadr\u00e9, avec un id\u00e9al de vie en communaut\u00e9, de partage et de stabilit\u00e9.\u00a0\u00bb<\/p>\n<p>\u00a0<\/p>\n","protected":false},"excerpt":{"rendered":"La Zone d\u2019expression prioritaire (Zep) \u00e9labore ces r\u00e9cits avec des jeunes de 14 \u00e0 30\u00a0ans, lors d\u2019ateliers d\u2019\u00e9criture&hellip;\n","protected":false},"author":2,"featured_media":521830,"comment_status":"","ping_status":"","sticky":false,"template":"","format":"standard","meta":{"footnotes":""},"categories":[2821],"tags":[3269,14073,1111,11,64253,1764,829,42980,1777,674,652,1011,27,22101,12,584,25,240],"class_list":{"0":"post-521829","1":"post","2":"type-post","3":"status-publish","4":"format-standard","5":"has-post-thumbnail","7":"category-rennes","8":"tag-3269","9":"tag-accueil","10":"tag-actu","11":"tag-actualites","12":"tag-ada","13":"tag-ans","14":"tag-bretagne","15":"tag-devenue","16":"tag-eu","17":"tag-europe","18":"tag-famille","19":"tag-fr","20":"tag-france","21":"tag-frere","22":"tag-news","23":"tag-rennes","24":"tag-republique-francaise","25":"tag-temoignage"},"share_on_mastodon":{"url":"https:\/\/pubeurope.com\/@fr\/115517431726321635","error":""},"_links":{"self":[{"href":"https:\/\/www.europesays.com\/fr\/wp-json\/wp\/v2\/posts\/521829","targetHints":{"allow":["GET"]}}],"collection":[{"href":"https:\/\/www.europesays.com\/fr\/wp-json\/wp\/v2\/posts"}],"about":[{"href":"https:\/\/www.europesays.com\/fr\/wp-json\/wp\/v2\/types\/post"}],"author":[{"embeddable":true,"href":"https:\/\/www.europesays.com\/fr\/wp-json\/wp\/v2\/users\/2"}],"replies":[{"embeddable":true,"href":"https:\/\/www.europesays.com\/fr\/wp-json\/wp\/v2\/comments?post=521829"}],"version-history":[{"count":0,"href":"https:\/\/www.europesays.com\/fr\/wp-json\/wp\/v2\/posts\/521829\/revisions"}],"wp:featuredmedia":[{"embeddable":true,"href":"https:\/\/www.europesays.com\/fr\/wp-json\/wp\/v2\/media\/521830"}],"wp:attachment":[{"href":"https:\/\/www.europesays.com\/fr\/wp-json\/wp\/v2\/media?parent=521829"}],"wp:term":[{"taxonomy":"category","embeddable":true,"href":"https:\/\/www.europesays.com\/fr\/wp-json\/wp\/v2\/categories?post=521829"},{"taxonomy":"post_tag","embeddable":true,"href":"https:\/\/www.europesays.com\/fr\/wp-json\/wp\/v2\/tags?post=521829"}],"curies":[{"name":"wp","href":"https:\/\/api.w.org\/{rel}","templated":true}]}}