{"id":521832,"date":"2025-11-09T02:42:30","date_gmt":"2025-11-09T02:42:30","guid":{"rendered":"https:\/\/www.europesays.com\/fr\/521832\/"},"modified":"2025-11-09T02:42:30","modified_gmt":"2025-11-09T02:42:30","slug":"carole-mathelin-recoit-le-prix-europe-2025","status":"publish","type":"post","link":"https:\/\/www.europesays.com\/fr\/521832\/","title":{"rendered":"Carole Mathelin re\u00e7oit le Prix Europe 2025"},"content":{"rendered":"<p>L\u2019Acad\u00e9mie rh\u00e9nane pr\u00e9sid\u00e9e par Jean-Luc Seegmuller a remis ce samedi 8\u00a0novembre prochain son Prix Europe annuel \u00e0 <a href=\"https:\/\/www.dna.fr\/actualite\/2025\/01\/15\/carole-mathelin-premiere-femme-elue-a-la-presidence-de-l-academie-nationale-de-chirurgie\" target=\"_blank\" rel=\"nofollow noopener\">Carole Mathelin,<\/a> une chirurgienne alsacienne experte dans le traitement du cancer du sein. L\u2019Acad\u00e9mie rh\u00e9nane a souhait\u00e9 mettre en lumi\u00e8re Carole Mathelin, professeur de gyn\u00e9cologie et d\u2019obst\u00e9trique \u00e0 la Facult\u00e9 de m\u00e9decine et au CHU de Strasbourg, cheffe du service de chirurgie de <a href=\"https:\/\/www.dna.fr\/sante\/2024\/12\/11\/institut-de-cancerologie-strasbourg-europe-de-l-utopie-au-cauchemar\" target=\"_blank\" rel=\"nofollow noopener\">l\u2019Institut de canc\u00e9rologie de Strasbourg (ICANS)<\/a> , sp\u00e9cialis\u00e9e en chirurgie conservatrice. <a href=\"https:\/\/www.dna.fr\/environnement\/2025\/10\/10\/une-etude-strasbourgeoise-etablit-un-lien-entre-cancer-du-sein-et-environnement\" target=\"_blank\" rel=\"nofollow noopener\">Chercheuse en parall\u00e8le \u00e0 son activit\u00e9 de praticienne<\/a> dans l\u2019\u00e9quipe de biologie mol\u00e9culaire et cellulaire des cancers du sein dirig\u00e9e par Catherine-Laure Tomasetto, elle contribue \u00e0 faire avancer les connaissances scientifiques dans ce domaine.<\/p>\n<p>La c\u00e9r\u00e9monie, qui s\u2019est tenue \u00e0 l\u2019Agora ICANS | Institut de canc\u00e9rologie Strasbourg Europe a d\u00e9but\u00e9 par une intervention de Jean-Luc Seegmuller, pr\u00e9sident de l\u2019Academie Rh\u00e9nane avant une conf\u00e9rence du Professeur Jacques Marescaux sur la chirurgie \u00e0 l\u2019\u00e8re de l\u2019intelligence artificielle. Apr\u00e8s une intervention musicale de Hideaki Tsuji \u00e0 la guitare, le professeur Jean-Marie Le Minor a c\u00e9l\u00e9br\u00e9 les m\u00e9rites du Professeur Carole Mathelin avant que lui soit officiellement remis son prix. <br \/>Apr\u00e8s une passionnante intervention de la r\u00e9cipiendaire qui a remont\u00e9 le temps dans l\u2019histoire de la s\u00e9nologie, les nombreux participants ont pu d\u00e9couvrir, lors d\u2019un moment convivial, les dessins de Val\u00e9rie Gobyn.<\/p>\n<p>Fond\u00e9e en 1950 sous le nom d\u2019Academie des marches de l\u2019Est, l\u2019Acad\u00e9mie rh\u00e9nane a pour but d&rsquo;accro\u00eetre le rayonnement de la culture en Alsace et au-del\u00e0 de ses fronti\u00e8res imm\u00e9diates. <br \/>Au cours de la s\u00e9ance de printemps, quatre prix sont d\u00e9cern\u00e9s dans le domaine des arts, des lettres, de la musique et des sciences \u00e0 des personnalit\u00e9s de la r\u00e9gion, remarquables par la qualit\u00e9 et la cr\u00e9ativit\u00e9 de leur travail. La s\u00e9ance d\u2019automne honore par la remise du Prix Europe, une personnalit\u00e9 \u0153uvrant en faveur de l\u2019id\u00e9e europ\u00e9enne et de son rayonnement.<\/p>\n<p class=\"note\">www.academierehane.info<\/p>\n","protected":false},"excerpt":{"rendered":"L\u2019Acad\u00e9mie rh\u00e9nane pr\u00e9sid\u00e9e par Jean-Luc Seegmuller a remis ce samedi 8\u00a0novembre prochain son Prix Europe annuel \u00e0 Carole&hellip;\n","protected":false},"author":2,"featured_media":521833,"comment_status":"","ping_status":"","sticky":false,"template":"","format":"standard","meta":{"footnotes":""},"categories":[2820],"tags":[1111,11,2389,2649,2880,1777,674,107,1011,27,775,12,25,71,640,2879],"class_list":{"0":"post-521832","1":"post","2":"type-post","3":"status-publish","4":"format-standard","5":"has-post-thumbnail","7":"category-strasbourg","8":"tag-actu","9":"tag-actualites","10":"tag-alsace","11":"tag-bas-rhin","12":"tag-edition-strasbourg","13":"tag-eu","14":"tag-europe","15":"tag-fil-info","16":"tag-fr","17":"tag-france","18":"tag-grand-est","19":"tag-news","20":"tag-republique-francaise","21":"tag-sante","22":"tag-strasbourg","23":"tag-strasbourg-ville"},"share_on_mastodon":{"url":"https:\/\/pubeurope.com\/@fr\/115517439547252424","error":""},"_links":{"self":[{"href":"https:\/\/www.europesays.com\/fr\/wp-json\/wp\/v2\/posts\/521832","targetHints":{"allow":["GET"]}}],"collection":[{"href":"https:\/\/www.europesays.com\/fr\/wp-json\/wp\/v2\/posts"}],"about":[{"href":"https:\/\/www.europesays.com\/fr\/wp-json\/wp\/v2\/types\/post"}],"author":[{"embeddable":true,"href":"https:\/\/www.europesays.com\/fr\/wp-json\/wp\/v2\/users\/2"}],"replies":[{"embeddable":true,"href":"https:\/\/www.europesays.com\/fr\/wp-json\/wp\/v2\/comments?post=521832"}],"version-history":[{"count":0,"href":"https:\/\/www.europesays.com\/fr\/wp-json\/wp\/v2\/posts\/521832\/revisions"}],"wp:featuredmedia":[{"embeddable":true,"href":"https:\/\/www.europesays.com\/fr\/wp-json\/wp\/v2\/media\/521833"}],"wp:attachment":[{"href":"https:\/\/www.europesays.com\/fr\/wp-json\/wp\/v2\/media?parent=521832"}],"wp:term":[{"taxonomy":"category","embeddable":true,"href":"https:\/\/www.europesays.com\/fr\/wp-json\/wp\/v2\/categories?post=521832"},{"taxonomy":"post_tag","embeddable":true,"href":"https:\/\/www.europesays.com\/fr\/wp-json\/wp\/v2\/tags?post=521832"}],"curies":[{"name":"wp","href":"https:\/\/api.w.org\/{rel}","templated":true}]}}