{"id":521843,"date":"2025-11-09T02:50:23","date_gmt":"2025-11-09T02:50:23","guid":{"rendered":"https:\/\/www.europesays.com\/fr\/521843\/"},"modified":"2025-11-09T02:50:23","modified_gmt":"2025-11-09T02:50:23","slug":"pourquoi-lune-des-plus-longues-rues-de-toulouse-est-devenue-un-piege-inextricable-pour-les-automobilistes","status":"publish","type":"post","link":"https:\/\/www.europesays.com\/fr\/521843\/","title":{"rendered":"Pourquoi l&rsquo;une des plus longues rues de Toulouse est devenue un pi\u00e8ge inextricable pour les automobilistes"},"content":{"rendered":"<p>            Par<br \/>\n        <strong><br \/>\n            <a href=\"https:\/\/actu.fr\/auteur\/david-saint-sernin\" title=\"Consulter tous les articles de David Saint-Sernin\" rel=\"nofollow noopener\" target=\"_blank\">David Saint-Sernin<\/a><br \/>\n        <\/strong><\/p>\n<p>        Publi\u00e9 le<\/p>\n<p>            7 nov. 2025 \u00e0 17h44        <\/p>\n<p>Jeudi 6\u00a0novembre 2025, les automobilistes de <a href=\"https:\/\/actu.fr\/toulouse\/\" rel=\"nofollow noopener\" target=\"_blank\">l\u2019agglom\u00e9ration de Toulouse<\/a> ont v\u00e9cu <strong>une journ\u00e9e calamiteuse sur les routes et autoroutes<\/strong>. L\u2019une des pires de l\u2019ann\u00e9e avec des <strong>bouchons tout au long de la journ\u00e9e<\/strong>, notamment en raison de nombreux accidents.<br \/>Mais jeudi soir, alors que la nuit tombait et que le niveau de bouchon \u00e9tait encore \u00e0 son maximum, certains automobilistes sont tomb\u00e9s dans un <strong>v\u00e9ritable traquenard<\/strong> dans l\u2019une des plus longues rues de la Ville rose. Actu Toulouse en \u00e9tait. R\u00e9cit\u2026<\/p>\n<p>Un pi\u00e8ge inextricable<\/p>\n<p class=\" wall-content\">Ceux qui ont circul\u00e9 du c\u00f4t\u00e9 de la Barri\u00e8re-de-Paris, l\u2019un des n\u0153uds de circulation probl\u00e9matique depuis plus de 50 ans, sont en effet tomb\u00e9s dans <strong>un pi\u00e8ge inextricable.<\/strong><\/p>\n<p class=\" wall-content\">Jeudi, en fin de journ\u00e9e, pour r\u00e9aliser le trajet allant de la Barri\u00e8re-de-Paris au carrefour de La Vache, route de Launaguet, soit m\u00eame pas 2 kilom\u00e8tres, il fallait environ patienter 45\u00a0minutes, v\u00e9hicule pare-chocs contre pare-chocs.<\/p>\n<p>    <img   decoding=\"async\" loading=\"lazy\" src=\"https:\/\/www.europesays.com\/fr\/wp-content\/uploads\/2025\/11\/img-6114-2-960x640.jpg\" alt=\"La rue Pierre-et-Marie Curie, juste apr\u00e8s la Barri\u00e8re-de-Paris,  litt\u00e9rallement bloqu\u00e9e jeudi 6 novembre 2025, vers 17h30.\" width=\"960\" height=\"640\"\/><br \/>\n    La rue Pierre-et-Marie Curie, juste apr\u00e8s la Barri\u00e8re-de-Paris, litt\u00e9ralement bloqu\u00e9e jeudi 6\u00a0novembre 2025, vers 17h30. (\u00a9David Saint-Sernin\/Actu Toulouse)La rue la plus asphyxi\u00e9e de Toulouse jeudi soir<\/p>\n<p class=\" wall-content\">Cela n\u2019avan\u00e7ait plus au rond-point de la Barri\u00e8re-de-Paris, c\u2019\u00e9tait compl\u00e8tement bloqu\u00e9 boulevard Pierre-et-Marie-Curie\u2026 Ceux qui ont alors tent\u00e9 de s\u2019aventurer sur la route de Launaguet en ont fait les frais.<\/p>\n<p class=\" wall-content\">Ce jeudi soir, celle qui est <a href=\"https:\/\/actu.fr\/occitanie\/toulouse_31555\/elle-traverse-pas-moins-de-cinq-quartiers-quelle-est-la-rue-la-plus-longue-de-toulouse_49252075.html\" rel=\"nofollow noopener\" target=\"_blank\">l\u2019une des plus longues rues de Toulouse<\/a> aurait bien m\u00e9rit\u00e9 l\u2019oscar de <strong>la rue la plus asphyxi\u00e9e de la Ville rose.<\/strong><\/p>\n<p class=\" wall-content\">Des v\u00e9hicules qui d\u00e9bouchaient sur des petites rues environnantes pour venir s\u2019engluer dans l\u2019entonnoir. Des garages priv\u00e9s qui \u00e9taient inaccessibles pendant plusieurs minutes en raison de v\u00e9hicules bloqu\u00e9s sur la chauss\u00e9e, pile \u00e0 l\u2019entr\u00e9e. Des automobilistes qui s\u2019invectivaient depuis leurs habitacles. Une sc\u00e8ne du quotidien toulousain, en mode XXL cette fois-ci\u2026<\/p>\n<p>Votre r\u00e9gion, votre actu !<\/p>\n<p>Recevez chaque jour les infos qui comptent pour vous.<\/p>\n<p>\t<a href=\"https:\/\/actu.fr\/newsletter\" class=\"ac-btn ac-btn--corner ac-btn--medium ac-btn--blue800\" rel=\"nofollow noopener\" target=\"_blank\">S&rsquo;incrire<\/a><\/p>\n<p>    <img   decoding=\"async\" loading=\"lazy\" src=\"https:\/\/www.europesays.com\/fr\/wp-content\/uploads\/2025\/11\/img-6122-960x640.jpg\" alt=\"Route de Launaguet, vers 17h45, jeudi 6 novembre. Les v\u00e9hiculent s'engouffrent dans cette reu, devenue un pi\u00e8ge en raison d'une circulation altern\u00e9e mal r\u00e9gul\u00e9e.\" width=\"960\" height=\"640\"\/><br \/>\n    Route de Launaguet, vers 17h45, jeudi 6 novembre. Les v\u00e9hicules s\u2019engouffrent dans cette rue, devenue un pi\u00e8ge en raison d\u2019une circulation altern\u00e9e mal r\u00e9gul\u00e9e. (\u00a9David Saint-Sernin\/Actu Toulouse)Une circulation altern\u00e9e d\u00e9r\u00e8gle tout<\/p>\n<p class=\" wall-content\">Mais pourquoi la route de Launaguet s\u2019est-elle retrouv\u00e9e \u00e0 l\u2019arr\u00eat pendant plusieurs heures hier soir ? Une raison simple et implacable\u2026<\/p>\n<p class=\" wall-content\">C\u2019est un feu r\u00e9gulant la circulation altern\u00e9e au niveau d\u2019un chantier men\u00e9 par Enedis sur le r\u00e9seau haute tension qui a g\u00e9n\u00e9r\u00e9 ce blocage. Un feu arr\u00eatant les v\u00e9hicules une bonne minute avant de les laisser avancer pendant quelques secondes\u2026<\/p>\n<p class=\" wall-content\">Si l\u2019on s\u2019en tient au calendrier officiel, ce chantier doit s\u2019arr\u00eater le 10\u00a0novembre. Mais \u00e0 quelques hectom\u00e8tres, un deuxi\u00e8me chantier de Toulouse M\u00e9tropole, n\u00e9cessitant lui aussi une circulation altern\u00e9e, doit s\u2019arr\u00eater en d\u00e9cembre.<\/p>\n<p>    <img   decoding=\"async\" loading=\"lazy\" src=\"https:\/\/www.europesays.com\/fr\/wp-content\/uploads\/2025\/11\/img-6134-960x640.jpg\" alt=\"Sous le pont de la voie ferr\u00e9e, pr\u00e8s de la station La Vache, le bout du tunnel.\" width=\"960\" height=\"640\"\/><br \/>\n    Sous le pont de la voie ferr\u00e9e, pr\u00e8s de la station La Vache, le bout du tunnel. (\u00a9David Saint-Sernin\/Actu Toulouse)De nombreux chantiers<\/p>\n<p class=\" wall-content\">Depuis quelques semaines, la route de Launaguet est aussi l\u2019une de celles qui conna\u00eet le plus de travaux. Enedis, Toulouse M\u00e9tropole et RTE interviennent sur le r\u00e9seau \u00e9lectrique, ceci sur plusieurs centaines de m\u00e8tres. Ce qui ne manque pas de rendre le secteur tr\u00e8s compliqu\u00e9 chaque jour. La route a en effet d\u00fb \u00eatre coup\u00e9e depuis la rentr\u00e9e de septembre.<\/p>\n<p class=\" wall-content\">C\u2019est le 20\u00a0d\u00e9cembre 2025 que le chantier sur le r\u00e9seau \u00e9lectrique doit se terminer route de Launaguet. C\u2019est seulement \u00e0 ce moment-l\u00e0 que le retour \u00e0 la normale sera effectif.<\/p>\n<p class=\" wall-content\">Personnalisez votre actualit\u00e9 en ajoutant vos villes et m\u00e9dias en favori avec <a href=\"https:\/\/moncompte.actu.fr\" title=\"D\u00e9couvez Mon Actu\" rel=\"nofollow noopener\" data-trk=\"{&quot;cta&quot;:{&quot;action&quot;:&quot;https:\\\/\\\/moncompte.actu.fr&quot;,&quot;category&quot;:&quot;mon compte&quot;,&quot;from&quot;:&quot;article footer&quot;,&quot;name&quot;:&quot;Mon actu&quot;,&quot;type&quot;:&quot;cta&quot;}}\" target=\"_blank\">Mon Actu<\/a>.<\/p>\n","protected":false},"excerpt":{"rendered":"Par David Saint-Sernin Publi\u00e9 le 7 nov. 2025 \u00e0 17h44 Jeudi 6\u00a0novembre 2025, les automobilistes de l\u2019agglom\u00e9ration de&hellip;\n","protected":false},"author":2,"featured_media":521844,"comment_status":"","ping_status":"","sticky":false,"template":"","format":"standard","meta":{"footnotes":""},"categories":[2816],"tags":[1111,11,3542,1777,674,1011,27,12,2680,25,104,2312],"class_list":{"0":"post-521843","1":"post","2":"type-post","3":"status-publish","4":"format-standard","5":"has-post-thumbnail","7":"category-toulouse","8":"tag-actu","9":"tag-actualites","10":"tag-circulation","11":"tag-eu","12":"tag-europe","13":"tag-fr","14":"tag-france","15":"tag-news","16":"tag-occitanie","17":"tag-republique-francaise","18":"tag-societe","19":"tag-toulouse"},"share_on_mastodon":{"url":"https:\/\/pubeurope.com\/@fr\/115517471621864984","error":""},"_links":{"self":[{"href":"https:\/\/www.europesays.com\/fr\/wp-json\/wp\/v2\/posts\/521843","targetHints":{"allow":["GET"]}}],"collection":[{"href":"https:\/\/www.europesays.com\/fr\/wp-json\/wp\/v2\/posts"}],"about":[{"href":"https:\/\/www.europesays.com\/fr\/wp-json\/wp\/v2\/types\/post"}],"author":[{"embeddable":true,"href":"https:\/\/www.europesays.com\/fr\/wp-json\/wp\/v2\/users\/2"}],"replies":[{"embeddable":true,"href":"https:\/\/www.europesays.com\/fr\/wp-json\/wp\/v2\/comments?post=521843"}],"version-history":[{"count":0,"href":"https:\/\/www.europesays.com\/fr\/wp-json\/wp\/v2\/posts\/521843\/revisions"}],"wp:featuredmedia":[{"embeddable":true,"href":"https:\/\/www.europesays.com\/fr\/wp-json\/wp\/v2\/media\/521844"}],"wp:attachment":[{"href":"https:\/\/www.europesays.com\/fr\/wp-json\/wp\/v2\/media?parent=521843"}],"wp:term":[{"taxonomy":"category","embeddable":true,"href":"https:\/\/www.europesays.com\/fr\/wp-json\/wp\/v2\/categories?post=521843"},{"taxonomy":"post_tag","embeddable":true,"href":"https:\/\/www.europesays.com\/fr\/wp-json\/wp\/v2\/tags?post=521843"}],"curies":[{"name":"wp","href":"https:\/\/api.w.org\/{rel}","templated":true}]}}