{"id":521847,"date":"2025-11-09T02:53:37","date_gmt":"2025-11-09T02:53:37","guid":{"rendered":"https:\/\/www.europesays.com\/fr\/521847\/"},"modified":"2025-11-09T02:53:37","modified_gmt":"2025-11-09T02:53:37","slug":"dernier-jour-au-zoo-pierres-precieuses-brocantes-que-faire-a-lille-et-autour-dimanche-9-novembre","status":"publish","type":"post","link":"https:\/\/www.europesays.com\/fr\/521847\/","title":{"rendered":"Dernier jour au zoo, pierres pr\u00e9cieuses, brocantes&#8230; Que faire \u00e0 Lille et autour dimanche 9 novembre\u00a0?"},"content":{"rendered":"<p>            Par<br \/>\n        <strong><br \/>\n            <a href=\"https:\/\/actu.fr\/auteur\/margot-nicodeme\" title=\"Consulter tous les articles de Margot Nicod\u00e8me\" rel=\"nofollow noopener\" target=\"_blank\">Margot Nicod\u00e8me<\/a><br \/>\n        <\/strong><\/p>\n<p>        Publi\u00e9 le<\/p>\n<p>            8 nov. 2025 \u00e0 16h54        <\/p>\n<p>Pour certains, ce n\u2019est que le d\u00e9but d\u2019un long week-end, avec un pont lundi, qui prolonge le repos jusqu\u2019au mardi 11 novembre au soir, jour f\u00e9ri\u00e9. Alors on peut exceptionnellement <b>zapper le repos dominical<\/b>, et en profiter pour faire <b>une sortie en famille ou entre amis<\/b>. Dans <b>la m\u00e9tropole de <a href=\"https:\/\/actu.fr\/hauts-de-france\/lille_59350\" rel=\"nofollow noopener\" target=\"_blank\">Lille<\/a><\/b> (Nord) et dans <b>le Nord<\/b>, les activit\u00e9s ne manquent pas ! Voici celles que l\u2019on a rep\u00e9r\u00e9es pour la journ\u00e9e du dimanche 9 novembre 2025.\u00a0<\/p>\n<ul class=\" wall-content\">\n<li><a href=\"https:\/\/actu.fr\/hauts-de-france\/villeneuve-d-ascq_59009\/pierres-precieuses-bijoux-le-grand-evenement-fossilium-de-retour-a-villeneuve-dascq-ce-week-end_63398814.html\" rel=\"nofollow noopener\" target=\"_blank\"><b>Pierres pr\u00e9cieuses, bijoux\u2026 Le grand \u00e9v\u00e9nement Fossilium de retour \u00e0 Villeneuve-d\u2019Ascq ce week-end<\/b><\/a><\/li>\n<\/ul>\n<p class=\" wall-content\">C\u2019est un rendez-vous tr\u00e8s attendu des collectionneurs qui attire aussi de nombreux curieux. Du 7 au 9\u00a0novembre, Fossilium revient \u00e0 Villeneuve-d\u2019Ascq.<\/p>\n<ul class=\" wall-content\">\n<li><b><a href=\"https:\/\/actu.fr\/loisirs-culture\/ou-chiner-ce-week-end-dans-le-nord-voici-la-liste-des-brocantes-et-bourses-aux-jouets-des-8-et-9-novembre_63387353.html\" rel=\"nofollow noopener\" target=\"_blank\">O\u00f9 chiner ce week-end dans le Nord ? Voici la liste des brocantes et bourses aux jouets des 8 et 9 novembre<\/a><\/b><\/li>\n<\/ul>\n<p class=\" wall-content\">Le week-end du samedi\u00a08 et du dimanche 9\u00a0novembre, de nombreux vide-greniers, brocantes et bourses aux jouets sont organis\u00e9s dans le Nord. La liste des \u00e9v\u00e9nements<b>.<\/b><b\/><\/p>\n<ul class=\" wall-content\">\n<li><a href=\"https:\/\/actu.fr\/hauts-de-france\/lille_59350\/zoo-de-lille-plus-quune-semaine-pour-en-profiter-avant-la-fermeture-hivernale_63378684.html\" rel=\"nofollow noopener\" target=\"_blank\"><b>Zoo de Lille : dernier jour pour en profiter avant la fermeture hivernale<\/b><\/a><\/li>\n<\/ul>\n<p class=\" wall-content\">Dimanche 9 novembre, le parc zoologique de Lille fermera ses portes jusqu\u2019en f\u00e9vrier 2026. Derni\u00e8re chance de profiter des animaux et animations avant la pause hivernale !<\/p>\n<ul class=\" wall-content\">\n<li><a href=\"https:\/\/actu.fr\/hauts-de-france\/lille_59350\/une-grande-fiesta-finale-a-lille-ce-week-end-pour-cloturer-la-saison-de-lille3000-voici-le-programme_63385369.html\" rel=\"nofollow noopener\" target=\"_blank\"><b>Une grande \u00ab\u00a0\u2009fiesta finale\u2009\u00a0\u00bb \u00e0 Lille ce week-end pour cl\u00f4turer la saison de lille3000\u2009: voici le programme<\/b><\/a><\/li>\n<\/ul>\n<p>Votre r\u00e9gion, votre actu !<\/p>\n<p>Recevez chaque jour les infos qui comptent pour vous.<\/p>\n<p>\t<a href=\"https:\/\/actu.fr\/newsletter\" class=\"ac-btn ac-btn--corner ac-btn--medium ac-btn--blue800\" rel=\"nofollow noopener\" target=\"_blank\">S&rsquo;incrire<\/a><\/p>\n<p class=\" wall-content\">La saison culturelle 2025 de lille3000 se cl\u00f4ture le week-end des 8 et 9\u00a0novembre, dans plusieurs lieux de la ville. Assur\u00e9ment une \u00ab\u00a0\u2009grande fiesta\u2009\u00a0\u00bb \u00e0 ne pas manquer\u2009!<\/p>\n<ul class=\" wall-content\">\n<li><a href=\"https:\/\/actu.fr\/hauts-de-france\/lille_59350\/deco-defiles-menus-le-grand-salon-du-mariage-et-du-pacs-bientot-de-retour-a-lille_63354743.html\" rel=\"nofollow noopener\" target=\"_blank\"><b>D\u00e9co, d\u00e9fil\u00e9s, menus\u2026 Le grand salon du mariage et du pacs bient\u00f4t de retour \u00e0 Lille<\/b><\/a><\/li>\n<\/ul>\n<p class=\" wall-content\">Bonne nouvelle pour celles et ceux qui pr\u00e9parent un mariage ou un pacs\u2009: le salon th\u00e9matique revient \u00e0 Lille d\u00e9but novembre. Les grandes lignes de cette \u00e9dition.<\/p>\n<ul class=\" wall-content\">\n<li><a href=\"https:\/\/actu.fr\/hauts-de-france\/lille_59350\/lille-le-palais-des-beaux-arts-devoile-les-petits-secrets-des-geants-dans-une-expo_63270143.html\" rel=\"nofollow noopener\" target=\"_blank\"><b>Lille. Le Palais des beaux-arts d\u00e9voile les petits secrets des g\u00e9ants dans une expo<\/b><\/a><\/li>\n<\/ul>\n<p class=\" wall-content\">Jusqu\u2019au 5\u00a0janvier, le Palais des Beaux-Arts de Lille d\u00e9voile les petits secrets des g\u00e9ants. Avec en point d\u2019orgue un film d\u2019animation du dessinateur nordiste Fran\u00e7ois Boucq.<\/p>\n<ul class=\" wall-content\">\n<li><a href=\"https:\/\/actu.fr\/hauts-de-france\/villeneuve-d-ascq_59009\/villeneuve-dascq-limpressionnant-planetarium-du-forum-des-sciences-rouvre-ses-portes-ce-samedi_63315604.html\" rel=\"nofollow noopener\" target=\"_blank\"><b>Villeneuve-d\u2019Ascq\u2009: l\u2019impressionnant plan\u00e9tarium du Forum des sciences a rouvert ses portes<\/b><\/a><\/li>\n<\/ul>\n<p class=\" wall-content\">Vous allez litt\u00e9ralement en prendre plein les yeux\u2009! Le plan\u00e9tarium du Forum des sciences de Villeneuve-d\u2019Ascq a rouvert ses portes. S\u2019il n\u2019y a plus de places, de belles expositions sont \u00e0 parcourir sur place.<\/p>\n<ul class=\" wall-content\">\n<li><a href=\"https:\/\/actu.fr\/hauts-de-france\/marcq-en-baroeul_59378\/raclette-skis-et-igloos-la-friche-gourmande-de-marcq-passe-en-mode-hiver_45581862.html\" rel=\"nofollow noopener\" target=\"_blank\"><b>Raclette, skis et igloos\u2026 La Friche Gourmande de Marcq passe en mode hiver<\/b><\/a><\/li>\n<\/ul>\n<p class=\" wall-content\">Avis aux fondus de raclette et autres fromages montagnards. Depuis le 19\u00a0octobre, la Friche Gourmande de Marcq-en-Bar\u0153ul est pass\u00e9e en mode hiver et a adapt\u00e9 son offre\u2026<\/p>\n<ul class=\" wall-content\">\n<li><a href=\"https:\/\/actu.fr\/loisirs-culture\/hauts-de-france-le-next-festival-investit-17-lieux-et-propose-un-tour-du-monde-de-spectacles_63389576.html\" rel=\"nofollow noopener\" target=\"_blank\"><b>Hauts-de-France. Le Next Festival investit 17 lieux et propose un tour du monde de spectacles<\/b><\/a><\/li>\n<\/ul>\n<p class=\" wall-content\">Jusqu\u2019au 28 novembre, le Next Festival unit une vingtaine de structures qui proposent 31 spectacles dans 17 lieux de la r\u00e9gion. Une vraie agence de voyages culturelle\u2009!<\/p>\n<ul class=\" wall-content\">\n<li><a href=\"https:\/\/actu.fr\/hauts-de-france\/roubaix_59512\/roubaix-la-styliste-du-graffiti-expose-a-la-piscine-ou-quand-le-vetement-dialogue-avec-lart-de-rue_63364384.html\" rel=\"nofollow noopener\" target=\"_blank\"><b>Roubaix. La styliste du graffiti expose \u00e0 La Piscine, ou quand le v\u00eatement dialogue avec l\u2019art de rue<\/b><\/a><\/li>\n<\/ul>\n<p class=\" wall-content\">Quel est le point commun entre les graffitis, une robe et un mus\u00e9e\u2009? C\u2019est ce que vous d\u00e9couvrirez \u00e0 la Piscine de Roubaix jusqu\u2019au 11\u00a0janvier prochain.<\/p>\n<p class=\" wall-content\">Personnalisez votre actualit\u00e9 en ajoutant vos villes et m\u00e9dias en favori avec <a href=\"https:\/\/moncompte.actu.fr\" title=\"D\u00e9couvez Mon Actu\" rel=\"nofollow noopener\" data-trk=\"{&quot;cta&quot;:{&quot;action&quot;:&quot;https:\\\/\\\/moncompte.actu.fr&quot;,&quot;category&quot;:&quot;mon compte&quot;,&quot;from&quot;:&quot;article footer&quot;,&quot;name&quot;:&quot;Mon actu&quot;,&quot;type&quot;:&quot;cta&quot;}}\" target=\"_blank\">Mon Actu<\/a>.<\/p>\n","protected":false},"excerpt":{"rendered":"Par Margot Nicod\u00e8me Publi\u00e9 le 8 nov. 2025 \u00e0 16h54 Pour certains, ce n\u2019est que le d\u00e9but d\u2019un&hellip;\n","protected":false},"author":2,"featured_media":521848,"comment_status":"","ping_status":"","sticky":false,"template":"","format":"standard","meta":{"footnotes":""},"categories":[2815],"tags":[1111,11,1777,674,652,1011,27,811,1307,1652,12,25],"class_list":{"0":"post-521847","1":"post","2":"type-post","3":"status-publish","4":"format-standard","5":"has-post-thumbnail","7":"category-lille","8":"tag-actu","9":"tag-actualites","10":"tag-eu","11":"tag-europe","12":"tag-famille","13":"tag-fr","14":"tag-france","15":"tag-hauts-de-france","16":"tag-lille","17":"tag-loisirs-culture","18":"tag-news","19":"tag-republique-francaise"},"share_on_mastodon":{"url":"https:\/\/pubeurope.com\/@fr\/115517482889847491","error":""},"_links":{"self":[{"href":"https:\/\/www.europesays.com\/fr\/wp-json\/wp\/v2\/posts\/521847","targetHints":{"allow":["GET"]}}],"collection":[{"href":"https:\/\/www.europesays.com\/fr\/wp-json\/wp\/v2\/posts"}],"about":[{"href":"https:\/\/www.europesays.com\/fr\/wp-json\/wp\/v2\/types\/post"}],"author":[{"embeddable":true,"href":"https:\/\/www.europesays.com\/fr\/wp-json\/wp\/v2\/users\/2"}],"replies":[{"embeddable":true,"href":"https:\/\/www.europesays.com\/fr\/wp-json\/wp\/v2\/comments?post=521847"}],"version-history":[{"count":0,"href":"https:\/\/www.europesays.com\/fr\/wp-json\/wp\/v2\/posts\/521847\/revisions"}],"wp:featuredmedia":[{"embeddable":true,"href":"https:\/\/www.europesays.com\/fr\/wp-json\/wp\/v2\/media\/521848"}],"wp:attachment":[{"href":"https:\/\/www.europesays.com\/fr\/wp-json\/wp\/v2\/media?parent=521847"}],"wp:term":[{"taxonomy":"category","embeddable":true,"href":"https:\/\/www.europesays.com\/fr\/wp-json\/wp\/v2\/categories?post=521847"},{"taxonomy":"post_tag","embeddable":true,"href":"https:\/\/www.europesays.com\/fr\/wp-json\/wp\/v2\/tags?post=521847"}],"curies":[{"name":"wp","href":"https:\/\/api.w.org\/{rel}","templated":true}]}}