{"id":521851,"date":"2025-11-09T02:55:20","date_gmt":"2025-11-09T02:55:20","guid":{"rendered":"https:\/\/www.europesays.com\/fr\/521851\/"},"modified":"2025-11-09T02:55:20","modified_gmt":"2025-11-09T02:55:20","slug":"lom-recrute-encore-un-ancien-de-la-juve-france-olympique-de-marseille","status":"publish","type":"post","link":"https:\/\/www.europesays.com\/fr\/521851\/","title":{"rendered":"L\u2019OM recrute encore un ancien de la Juve &#8211; France &#8211; Olympique de Marseille"},"content":{"rendered":"<p>Marseille muscle son jeu.<\/p>\n<p>Deux heures apr\u00e8s <a target=\"_blank\" href=\"https:\/\/www.sofoot.com\/articles\/ligue-1-marseille-ecrase-facilement-le-stade-brestois-et-prend-la-premiere-place-du-championnat\" rel=\"noopener\">la victoire contre Brest<\/a>, qui a propuls\u00e9 l\u2019OM \u00e0 la premi\u00e8re place de la Ligue 1, le club phoc\u00e9en a annonc\u00e9 le nom de <strong>sa nouvelle recrue : Federico Balzaretti<\/strong>. L\u2019ancien international italien, <strong>pass\u00e9 par le Torino, la Juventus, Palerme et la Roma<\/strong>, rejoint Marseille comme <strong>directeur sportif adjoint<\/strong>. Il sera le bras droit de Medhi Benatia. \u00ab\u202fIl aura pour principales missions de <strong>superviser la cellule de recrutement<\/strong> et de participer \u00e0 la valorisation des jeunes talents du club\u202f\u00bb, pr\u00e9cise le communiqu\u00e9 de l\u2019OM.<\/p>\n<p>Balzaretti a d\u00e9j\u00e0 offici\u00e9 comme directeur sportif en Italie, notamment \u00e0 l\u2019Udinese et \u00e0 Rome.\u00a0\u00ab\u00a0C\u2019est quelqu\u2019un que je connais tr\u00e8s bien, avec qui j\u2019ai jou\u00e9 \u00e0 Rome, confiait Benatia en zone mixte apr\u00e8s le succ\u00e8s du soir. C\u2019est <strong>un super mec et un tr\u00e8s grand professionnel<\/strong>. C\u2019est quelqu\u2019un qui conna\u00eet le milieu, qui conna\u00eet bien le ballon et il va nous donner un coup de main sur tout ce qui est mercato, valorisation des jeunes joueurs. On a envie d\u2019\u00eatre de plus en plus actif sur ce march\u00e9-l\u00e0. On sait qu\u2019aujourd\u2019hui, quand tu veux prendre un top joueur de 19 ou 20 ans, tu es en concurrence avec Liverpool, Arsenal, etc. Ils ne viennent pas forc\u00e9ment, donc peut-\u00eatre qu\u2019il faut chercher des joueurs un peu plus jeunes et essayer de les accompagner.\u00a0\u00bb<\/p>\n<p>Y a plus qu\u2019\u00e0.<\/p>\n<p>\t\t\t\t\t\t\t\t\t\t<a class=\"lien-connexe\" href=\"https:\/\/www.sofoot.com\/articles\/ligue-1-les-tops-et-les-flops-de-marseille-brest\" target=\"_blank\" rel=\"noopener\">Les tops et les flops de Marseille-Brest<\/a>\t\t\t\t\t<\/p>\n","protected":false},"excerpt":{"rendered":"Marseille muscle son jeu. Deux heures apr\u00e8s la victoire contre Brest, qui a propuls\u00e9 l\u2019OM \u00e0 la premi\u00e8re&hellip;\n","protected":false},"author":2,"featured_media":510174,"comment_status":"","ping_status":"","sticky":false,"template":"","format":"standard","meta":{"footnotes":""},"categories":[2814],"tags":[1111,47,11,61,69,65,64,1777,674,63,1011,27,68,66,884,12,62,70,882,25,67],"class_list":{"0":"post-521851","1":"post","2":"type-post","3":"status-publish","4":"format-standard","5":"has-post-thumbnail","7":"category-marseille","8":"tag-actu","9":"tag-actualite","10":"tag-actualites","11":"tag-actus-football","12":"tag-bundesliga","13":"tag-championnats-europeens","14":"tag-equipe-de-france","15":"tag-eu","16":"tag-europe","17":"tag-football","18":"tag-fr","19":"tag-france","20":"tag-ligua","21":"tag-ligue-1","22":"tag-marseille","23":"tag-news","24":"tag-news-foot","25":"tag-premier-league","26":"tag-provence-alpes-cote-dazur","27":"tag-republique-francaise","28":"tag-serie-a"},"share_on_mastodon":{"url":"https:\/\/pubeurope.com\/@fr\/115517490697112824","error":""},"_links":{"self":[{"href":"https:\/\/www.europesays.com\/fr\/wp-json\/wp\/v2\/posts\/521851","targetHints":{"allow":["GET"]}}],"collection":[{"href":"https:\/\/www.europesays.com\/fr\/wp-json\/wp\/v2\/posts"}],"about":[{"href":"https:\/\/www.europesays.com\/fr\/wp-json\/wp\/v2\/types\/post"}],"author":[{"embeddable":true,"href":"https:\/\/www.europesays.com\/fr\/wp-json\/wp\/v2\/users\/2"}],"replies":[{"embeddable":true,"href":"https:\/\/www.europesays.com\/fr\/wp-json\/wp\/v2\/comments?post=521851"}],"version-history":[{"count":0,"href":"https:\/\/www.europesays.com\/fr\/wp-json\/wp\/v2\/posts\/521851\/revisions"}],"wp:featuredmedia":[{"embeddable":true,"href":"https:\/\/www.europesays.com\/fr\/wp-json\/wp\/v2\/media\/510174"}],"wp:attachment":[{"href":"https:\/\/www.europesays.com\/fr\/wp-json\/wp\/v2\/media?parent=521851"}],"wp:term":[{"taxonomy":"category","embeddable":true,"href":"https:\/\/www.europesays.com\/fr\/wp-json\/wp\/v2\/categories?post=521851"},{"taxonomy":"post_tag","embeddable":true,"href":"https:\/\/www.europesays.com\/fr\/wp-json\/wp\/v2\/tags?post=521851"}],"curies":[{"name":"wp","href":"https:\/\/api.w.org\/{rel}","templated":true}]}}