{"id":521852,"date":"2025-11-09T02:56:21","date_gmt":"2025-11-09T02:56:21","guid":{"rendered":"https:\/\/www.europesays.com\/fr\/521852\/"},"modified":"2025-11-09T02:56:21","modified_gmt":"2025-11-09T02:56:21","slug":"tirs-en-pleine-rue-un-jeune-homme-touche-au-genou","status":"publish","type":"post","link":"https:\/\/www.europesays.com\/fr\/521852\/","title":{"rendered":"tirs en pleine rue, un jeune homme touch\u00e9 au genou"},"content":{"rendered":"<p itemprop=\"description\"><strong>Un groupe a \u00e9t\u00e9 pris pour cible par deux individus masqu\u00e9s sur une trottinette, vendredi soir, rue St\u00e9phane-Coignet. \u00a0<\/strong><\/p>\n<p>Les coups de feu ont r\u00e9sonn\u00e9 dans le quartier Santy-Viviani (Lyon 8e), vendredi en fin de journ\u00e9e. Un jeune homme a \u00e9t\u00e9 bless\u00e9 au genou droit apr\u00e8s qu\u2019un duo, arriv\u00e9 sur une trottinette et le visage dissimul\u00e9, a ouvert le feu en direction d\u2019un groupe, rapporte Le Progr\u00e8s.\u00a0<\/p>\n<p>D\u2019apr\u00e8s les premiers \u00e9l\u00e9ments, les tirs ont vis\u00e9 principalement les jambes des personnes pr\u00e9sentes, ainsi que le ciel, laissant penser \u00e0 une action destin\u00e9e \u00e0 impressionner plut\u00f4t qu\u2019\u00e0 tuer. Les deux individus ont imm\u00e9diatement pris la fuite.<\/p>\n<p>La victime, l\u00e9g\u00e8rement touch\u00e9e, a \u00e9t\u00e9 conduite par des proches \u00e0 l\u2019h\u00f4pital priv\u00e9 Jean-Mermoz, avant d\u2019\u00eatre transf\u00e9r\u00e9e vers l\u2019h\u00f4pital \u00c9douard-Herriot pour une intervention chirurgicale. Elle est connue des services de police et n\u2019avait pas encore pu \u00eatre entendue le lendemain en milieu de journ\u00e9e.<\/p>\n<p>Sur place, les enqu\u00eateurs ont d\u00e9couvert sept douilles lors des constatations.<\/p>\n","protected":false},"excerpt":{"rendered":"Un groupe a \u00e9t\u00e9 pris pour cible par deux individus masqu\u00e9s sur une trottinette, vendredi soir, rue St\u00e9phane-Coignet.&hellip;\n","protected":false},"author":2,"featured_media":521853,"comment_status":"","ping_status":"","sticky":false,"template":"","format":"standard","meta":{"footnotes":""},"categories":[1889],"tags":[1111,11,2813,2190,2430,1109,251,1112,2811,1777,674,118,1011,27,1922,1110,1114,2428,2810,12,241,316,25,2812,517,800],"class_list":{"0":"post-521852","1":"post","2":"type-post","3":"status-publish","4":"format-standard","5":"has-post-thumbnail","7":"category-lyon","8":"tag-actu","9":"tag-actualites","10":"tag-article","11":"tag-asvel","12":"tag-auvergne-rhone-alpes","13":"tag-breves","14":"tag-culture","15":"tag-depeches","16":"tag-economique","17":"tag-eu","18":"tag-europe","19":"tag-faits-divers","20":"tag-fr","21":"tag-france","22":"tag-info","23":"tag-informations","24":"tag-infos","25":"tag-lyon","26":"tag-lyonmag","27":"tag-news","28":"tag-ol","29":"tag-politique","30":"tag-republique-francaise","31":"tag-sociale","32":"tag-sport","33":"tag-transports"},"share_on_mastodon":{"url":"https:\/\/pubeurope.com\/@fr\/115517494617876123","error":""},"_links":{"self":[{"href":"https:\/\/www.europesays.com\/fr\/wp-json\/wp\/v2\/posts\/521852","targetHints":{"allow":["GET"]}}],"collection":[{"href":"https:\/\/www.europesays.com\/fr\/wp-json\/wp\/v2\/posts"}],"about":[{"href":"https:\/\/www.europesays.com\/fr\/wp-json\/wp\/v2\/types\/post"}],"author":[{"embeddable":true,"href":"https:\/\/www.europesays.com\/fr\/wp-json\/wp\/v2\/users\/2"}],"replies":[{"embeddable":true,"href":"https:\/\/www.europesays.com\/fr\/wp-json\/wp\/v2\/comments?post=521852"}],"version-history":[{"count":0,"href":"https:\/\/www.europesays.com\/fr\/wp-json\/wp\/v2\/posts\/521852\/revisions"}],"wp:featuredmedia":[{"embeddable":true,"href":"https:\/\/www.europesays.com\/fr\/wp-json\/wp\/v2\/media\/521853"}],"wp:attachment":[{"href":"https:\/\/www.europesays.com\/fr\/wp-json\/wp\/v2\/media?parent=521852"}],"wp:term":[{"taxonomy":"category","embeddable":true,"href":"https:\/\/www.europesays.com\/fr\/wp-json\/wp\/v2\/categories?post=521852"},{"taxonomy":"post_tag","embeddable":true,"href":"https:\/\/www.europesays.com\/fr\/wp-json\/wp\/v2\/tags?post=521852"}],"curies":[{"name":"wp","href":"https:\/\/api.w.org\/{rel}","templated":true}]}}