{"id":521854,"date":"2025-11-09T02:57:23","date_gmt":"2025-11-09T02:57:23","guid":{"rendered":"https:\/\/www.europesays.com\/fr\/521854\/"},"modified":"2025-11-09T02:57:23","modified_gmt":"2025-11-09T02:57:23","slug":"municipales-2026-jean-michel-aulas-bouscule-la-campagne-a-lyon-journal-de-20-heures","status":"publish","type":"post","link":"https:\/\/www.europesays.com\/fr\/521854\/","title":{"rendered":"Municipales 2026 : Jean-Michel Aulas bouscule la campagne \u00e0 Lyon &#8211; Journal de 20 heures"},"content":{"rendered":"<p id=\"descriptionPanel\" class=\"text-secondary mr-2 line-clamp-2 pr-2.5 overflow-visible\">La s\u00e9curit\u00e9 sera au c\u0153ur des batailles des municipales 2026. Et c&rsquo;est d\u00e9j\u00e0 le cas \u00e0 Lyon o\u00f9 un duel se profile, celui entre Gr\u00e9gory Doucet, maire sortant \u00e9cologiste qui a lanc\u00e9 sa campagne cette semaine et Jean-Michel Aulas, ancien propri\u00e9taire de l&rsquo;OL. Le monde du football qui lui a donn\u00e9 un solide sens de la comp\u00e9tition. En soutenant l&rsquo;ancien pr\u00e9sident des Gones, la droite et le camp pr\u00e9sidentiel ont-ils trouv\u00e9 comment renverser Gr\u00e9gory Doucet et ses alli\u00e9s socialistes et communistes ?<\/p>\n<p>TF1 | Reportage L. ATTAL, V. PIERRON, A. DUBAIL<\/p>\n<p>Afficher la version longue du r\u00e9sum\u00e9<a class=\"shrink-0\" href=\"https:\/\/www.tf1.fr\/tf1\/jt-20h\" target=\"_blank\" rel=\"noopener\"><img decoding=\"async\" src=\"https:\/\/www.europesays.com\/fr\/wp-content\/uploads\/2025\/09\/program-card-portrait-1-2a6a1e-2a3b77-0@1x.jpg\" width=\"138\" height=\"184\" alt=\"\" loading=\"eager\" fetchpriority=\"auto\" class=\"rounded-3px aspect-[3\/4] h-24 w-auto\" aria-hidden=\"true\"\/><\/a><\/p>\n","protected":false},"excerpt":{"rendered":"La s\u00e9curit\u00e9 sera au c\u0153ur des batailles des municipales 2026. Et c&rsquo;est d\u00e9j\u00e0 le cas \u00e0 Lyon o\u00f9&hellip;\n","protected":false},"author":2,"featured_media":521855,"comment_status":"","ping_status":"","sticky":false,"template":"","format":"standard","meta":{"footnotes":""},"categories":[1889],"tags":[1111,11,2430,1777,674,3483,3697,41323,41321,1011,27,3699,3698,41324,41329,41333,41322,41330,41334,41327,41326,2428,12,25,41331,41332,3701,41328,3700,41325],"class_list":{"0":"post-521854","1":"post","2":"type-post","3":"status-publish","4":"format-standard","5":"has-post-thumbnail","7":"category-lyon","8":"tag-actu","9":"tag-actualites","10":"tag-auvergne-rhone-alpes","11":"tag-eu","12":"tag-europe","13":"tag-extrait","14":"tag-extrait-journal-de-20-heures","15":"tag-extrait-journal-de-20-heures-tf1","16":"tag-extrait-tf1","17":"tag-fr","18":"tag-france","19":"tag-journal-de-20-heures","20":"tag-journal-de-20-heures-extrait","21":"tag-journal-de-20-heures-extrait-tf1","22":"tag-journal-de-20-heures-streaming","23":"tag-journal-de-20-heures-streaming-gratuit","24":"tag-journal-de-20-heures-tf1","25":"tag-journal-de-20-heures-tf1-streaming","26":"tag-journal-de-20-heures-tf1-streaming-gratuit","27":"tag-journal-de-20-heures-tf1-video","28":"tag-journal-de-20-heures-video","29":"tag-lyon","30":"tag-news","31":"tag-republique-francaise","32":"tag-streaming-gratuit-journal-de-20-heures","33":"tag-streaming-gratuit-journal-de-20-heures-tf1","34":"tag-streaming-journal-de-20-heures","35":"tag-streaming-journal-de-20-heures-tf1","36":"tag-video-journal-de-20-heures","37":"tag-video-journal-de-20-heures-tf1"},"share_on_mastodon":{"url":"","error":"Validation failed: Text character limit of 500 exceeded"},"_links":{"self":[{"href":"https:\/\/www.europesays.com\/fr\/wp-json\/wp\/v2\/posts\/521854","targetHints":{"allow":["GET"]}}],"collection":[{"href":"https:\/\/www.europesays.com\/fr\/wp-json\/wp\/v2\/posts"}],"about":[{"href":"https:\/\/www.europesays.com\/fr\/wp-json\/wp\/v2\/types\/post"}],"author":[{"embeddable":true,"href":"https:\/\/www.europesays.com\/fr\/wp-json\/wp\/v2\/users\/2"}],"replies":[{"embeddable":true,"href":"https:\/\/www.europesays.com\/fr\/wp-json\/wp\/v2\/comments?post=521854"}],"version-history":[{"count":0,"href":"https:\/\/www.europesays.com\/fr\/wp-json\/wp\/v2\/posts\/521854\/revisions"}],"wp:featuredmedia":[{"embeddable":true,"href":"https:\/\/www.europesays.com\/fr\/wp-json\/wp\/v2\/media\/521855"}],"wp:attachment":[{"href":"https:\/\/www.europesays.com\/fr\/wp-json\/wp\/v2\/media?parent=521854"}],"wp:term":[{"taxonomy":"category","embeddable":true,"href":"https:\/\/www.europesays.com\/fr\/wp-json\/wp\/v2\/categories?post=521854"},{"taxonomy":"post_tag","embeddable":true,"href":"https:\/\/www.europesays.com\/fr\/wp-json\/wp\/v2\/tags?post=521854"}],"curies":[{"name":"wp","href":"https:\/\/api.w.org\/{rel}","templated":true}]}}