{"id":521866,"date":"2025-11-09T03:04:20","date_gmt":"2025-11-09T03:04:20","guid":{"rendered":"https:\/\/www.europesays.com\/fr\/521866\/"},"modified":"2025-11-09T03:04:20","modified_gmt":"2025-11-09T03:04:20","slug":"si-tout-le-monde-sen-va-qui-va-agir-ici-lexpress","status":"publish","type":"post","link":"https:\/\/www.europesays.com\/fr\/521866\/","title":{"rendered":"\u00ab\u00a0Si tout le monde s\u2019en va, qui va agir ici ?\u00a0\u00bb \u2013 L&rsquo;Express"},"content":{"rendered":"<p class=\"paragraph article-body-paragraph article__item   article-body-paragraph--first \">Ils s\u2019appellent Sofia, Viktor, Lena et Pavel. Ou plut\u00f4t, nous les appellerons ainsi. Sofia travaille avec <a href=\"https:\/\/www.lexpress.fr\/monde\/europe\/russie-la-liquidation-de-l-ong-memorial-un-nouveau-coup-dur-pour-la-societe-civile_2165121.html\" target=\"_self\" rel=\"nofollow noopener\" title=\"https:\/\/www.lexpress.fr\/monde\/europe\/russie-la-liquidation-de-l-ong-memorial-un-nouveau-coup-dur-pour-la-societe-civile_2165121.html\">l\u2019association M\u00e9morial, interdite en Russie<\/a>. Viktor, employ\u00e9 sur une base militaire, fait passer des informations \u00e0 l\u2019arm\u00e9e ukrainienne. Lena combat dans les rangs d\u2019une unit\u00e9 de volontaires russes int\u00e9gr\u00e9e aux forces arm\u00e9es de Kiev. Pavel aide les r\u00e9fugi\u00e9s des r\u00e9gions russes touch\u00e9es par la guerre, et en profite pour distiller des messages pacifistes.<\/p>\n<p class=\"paragraph article-body-paragraph article__item   \">Les contacter nous a pris plusieurs mois. Les conversations ont eu lieu par la messagerie crypt\u00e9e Signal, plut\u00f4t que Telegram, soup\u00e7onn\u00e9e d\u2019\u00eatre infiltr\u00e9e par le FSB. Deux d\u2019entre eux ont pr\u00e9f\u00e9r\u00e9 garder \u00e9teinte leur cam\u00e9ra au moment de t\u00e9moigner. Tous ont relu, avant publication, leurs interviews, pour s\u2019assurer qu\u2019il n\u2019y restait aucune information risquant de les identifier formellement. Le risque qu\u2019ils ont pris, en nous parlant, est consid\u00e9rable tant, depuis le d\u00e9but de <a href=\"https:\/\/www.lexpress.fr\/monde\/europe\/l-ukraine-hesite-entre-est-et-ouest_1302698.html\" target=\"_self\" rel=\"nofollow noopener\" title=\"https:\/\/www.lexpress.fr\/monde\/europe\/l-ukraine-hesite-entre-est-et-ouest_1302698.html\">l\u2019invasion de l\u2019Ukraine<\/a>, la r\u00e9pression est omnipr\u00e9sente<b> <\/b>en Russie. <\/p>\n<p class=\"paragraph article-body-paragraph article__item   \">Elle a pr\u00e9f\u00e9r\u00e9 ne pas allumer sa cam\u00e9ra, mais on devine son sourire quand elle parle de M\u00e9morial, qu\u2019elle a rejoint \u00ab\u00a0juste \u00e0 temps pour sa dissolution\u00a0\u00bb. L\u2019association consacr\u00e9e \u00e0 la m\u00e9moire des r\u00e9pressions sovi\u00e9tiques et \u00e0 la d\u00e9fense des droits de l&rsquo;homme a \u00e9t\u00e9 interdite en Russie en d\u00e9cembre 2021, juste avant <a href=\"https:\/\/www.lexpress.fr\/monde\/europe\/l-ukraine-hesite-entre-est-et-ouest_1302698.html\" target=\"_self\" rel=\"nofollow noopener\" title=\"https:\/\/www.lexpress.fr\/monde\/europe\/l-ukraine-hesite-entre-est-et-ouest_1302698.html\">le d\u00e9clenchement de l\u2019invasion de l\u2019Ukraine<\/a>. Comme \u00e0 l\u2019\u00e9poque de l\u2019URSS, elle est d\u00e9sormais forc\u00e9e \u00e0 la clandestinit\u00e9. Et Sofia en fait d\u00e9sormais partie.<\/p>\n<\/p>\n<p class=\"paragraph article-body-paragraph article__item   \">\u00ab\u00a0J\u2019ai grandi \u00e0 l\u2019\u00e9poque des grandes manifestations contre Poutine [NDLR : entre les \u00e9lections l\u00e9gislatives contest\u00e9es de 2011 et l\u2019arrestation d\u2019<a href=\"https:\/\/www.lexpress.fr\/idees-et-debats\/le-regime-sinistre-de-poutine-est-condamne-le-dechirant-testament-dalexei-navalny-3DJ5VGRM3NCK7FVE2EKVQQFD4I\/\" target=\"_blank\" rel=\"nofollow noopener\" title=\"https:\/\/www.lexpress.fr\/idees-et-debats\/le-regime-sinistre-de-poutine-est-condamne-le-dechirant-testament-dalexei-navalny-3DJ5VGRM3NCK7FVE2EKVQQFD4I\/\">Alexe\u00ef Navalny<\/a> en 2021]. Pour quelqu\u2019un comme moi, c\u2019\u00e9tait difficile de ne pas devenir activiste ! M\u00e9morial est une organisation qui m\u2019a toujours tenu \u00e0 c\u0153ur. A l\u2019universit\u00e9, pour pr\u00e9parer un expos\u00e9 sur la Grande terreur [sous Staline], j\u2019\u00e9tais all\u00e9e chercher des infos sur leur site. Et j\u2019y ai retrouv\u00e9 la trace d\u2019un de mes anc\u00eatres qui avait \u00e9t\u00e9 d\u00e9port\u00e9 ! Quand j\u2019ai appris que l\u2019association avait \u00e9t\u00e9 dissoute [NDLR : en d\u00e9cembre 2021], j\u2019ai d\u00e9cid\u00e9 de rejoindre ses membres pour les aider \u00e0 continuer, co\u00fbte que co\u00fbte.<\/p>\n<p>\u201cConcevoir la m\u00e9moire comme une r\u00e9sistance\u201d<\/p>\n<p class=\"paragraph article-body-paragraph article__item   \">Et puis il y a eu le 24 f\u00e9vrier 2022. Je m\u2019\u00e9tais r\u00e9veill\u00e9e tr\u00e8s t\u00f4t, \u00e0 6 heures. J\u2019\u00e9tais sortie dans la rue fumer une cigarette, et c\u2019est la concierge qui me l\u2019a dit : &lsquo;\u00c7a y est, c\u2019est la guerre.&rsquo; L\u00e0, j\u2019ai pleur\u00e9 pendant deux heures, puis je suis all\u00e9e manifester. J\u2019ai coll\u00e9 des affiches antiguerre dans la ville, j\u2019en ai mis une sur le tableau d\u2019affichage de mon immeuble. Elle a tenu quatre jours. On l\u2019a remis. Et comme \u00e7a 5-6 fois de suite. J\u2019ai pens\u00e9 \u00e0 quitter le pays, puis je me suis dit : &lsquo;C&rsquo;est important de continuer de protester depuis la Russie. Si tout le monde s\u2019en va, qui va agir ici ?&rsquo;<\/p>\n<p><strong class=\"article-body-link-list__item text-gray-800 article-body-link-list__item--one-item\">LIRE AUSSI : <a class=\"article-body-link-list__item-link\" href=\"https:\/\/www.lexpress.fr\/idees-et-debats\/je-nai-pas-realise-que-cetait-poutine-qui-membrassait-les-confidences-de-lex-cheffe-du-bureau-de-cnn-HTWWOKA2WRH5TG2LIAHFRP6Z6Y\/\" rel=\"nofollow noopener\" target=\"_blank\">\u00ab\u00a0Vladimir Poutine est de plus en plus seul\u2026\u00a0\u00bb : les confidences de l\u2019ex-cheffe du bureau de CNN \u00e0 Moscou<\/a><\/strong><\/p>\n<p class=\"paragraph article-body-paragraph article__item   \">Avec M\u00e9morial, j\u2019organise des envois de lettres aux prisonniers politiques, je cherche des personnes pr\u00eates \u00e0 travailler avec nous, et je fais de l\u2019activisme m\u00e9moriel. Cela consiste \u00e0 afficher la m\u00e9moire dans la rue : des projets comme &lsquo;Derni\u00e8re adresse&rsquo; [NDLR : des plaques appos\u00e9es sur la derni\u00e8re adresse connue des personnes d\u00e9port\u00e9es pendant les r\u00e9pressions staliniennes] ou &lsquo;Retour des noms&rsquo; [des lectures publiques des noms des personnes fusill\u00e9es]. C\u2019est, aussi, porter des fleurs \u00e0 la Pierre des Solovki [NDLR : un monument aux victimes des r\u00e9pressions, situ\u00e9 en face du quartier g\u00e9n\u00e9ral du FSB, ex-KGB], restaurer un monument ou \u00e9crire des slogans \u00e0 la craie dans la rue, coller des affiches\u2026 Bref, c\u2019est concevoir la m\u00e9moire comme une r\u00e9sistance. Quand les autorit\u00e9s font retirer les plaques &lsquo;Derni\u00e8re adresse&rsquo; dans les villes de Russie et qu\u2019ensuite, on les remet en place\u2026 \u00e7a dit quelque chose de la soci\u00e9t\u00e9 civile.<\/p>\n<p><strong class=\"article-body-link-list__item text-gray-800 article-body-link-list__item--one-item\">LIRE AUSSI : <a class=\"article-body-link-list__item-link\" href=\"https:\/\/www.lexpress.fr\/monde\/europe\/exclusif-vladislav-sourkov-le-vrai-mage-du-kremlin-la-russie-setendra-dans-toutes-les-directions-PU4FYE4TZBET7GJIXHXIEPJN7A\/\" rel=\"nofollow noopener\" target=\"_blank\">EXCLUSIF. Vladislav Sourkov, le vrai mage du Kremlin : \u00ab\u00a0La guerre en Ukraine permettra de s\u00e9parer les brebis et les boucs\u00a0\u00bb<\/a><\/strong><\/p>\n<p class=\"paragraph article-body-paragraph article__item   \">Le pass\u00e9 est li\u00e9 au pr\u00e9sent, surtout de nos jours. Des r\u00e9pressions ont eu lieu dans le pass\u00e9, elles existent toujours \u2013 certes, sous des formes diff\u00e9rentes, nous ne vivons pas sous la Grande terreur, mais il y a un lien. Aujourd\u2019hui, l\u2019Etat voudrait que le pass\u00e9 soit invisible, que l\u2019on oublie les millions de personnes qui ont \u00e9t\u00e9 tu\u00e9es. Ils voudraient dire que nous sommes le camp du bien, que ce qui se passe en Ukraine n\u2019est pas une guerre, mais une op\u00e9ration militaire sp\u00e9ciale, tout comme les r\u00e9pressions n\u2019\u00e9taient pas des r\u00e9pressions, mais juste des proc\u00e8s avec quelques exc\u00e8s\u2026 Mais ce pass\u00e9 ne s\u2019en ira pas. On ne peut pas s\u2019en d\u00e9tourner. C\u2019est celui de mon pays, qui a fait des choses affreuses et continue d\u2019en faire. Si l\u2019on ne s\u2019en souvient pas, on ne peut pas avancer. Les crimes de l\u2019Etat n\u2019ont pas de prescription. C\u2019est \u00e0 \u00e7a que sert l\u2019activisme m\u00e9moriel.<\/p>\n<p>\u201cCe sera un processus tr\u00e8s long pour que la Russie reconnaisse ses crimes\u201d<\/p>\n<p class=\"paragraph article-body-paragraph article__item   \">Bien s\u00fbr, parfois j\u2019ai peur. Je ne fais rien d\u2019ill\u00e9gal, mais c\u2019est tout de m\u00eame compliqu\u00e9 [NDLR : plusieurs Russes ont \u00e9t\u00e9 condamn\u00e9s \u00e0 des peines de prison pour avoir diffus\u00e9 des messages antiguerres]. Qu\u2019est-ce qu\u2019on peut y faire ? Parce que j\u2019ai peur, je devrais rester \u00e0 ne rien faire ? Je ne veux pas. Je ne peux pas. Bien s\u00fbr, il y a un risque de se faire arr\u00eater. C\u2019est compl\u00e8tement al\u00e9atoire, \u00e7a peut tomber demain sur moi ou sur quelqu\u2019un d\u2019autre.<\/p>\n<p class=\"paragraph article-body-paragraph article__item   \">J\u2019ai v\u00e9cu toute ma vie sous Poutine. Je ne me suis jamais fait d\u2019illusions sur la fragilit\u00e9 du r\u00e9gime. Mais je crois que la valeur de cette r\u00e9sistance est dans sa constance. On ne peut pas se permettre de baisser les bras, de dire &lsquo;bon, on a essay\u00e9, \u00e7a n\u2019a pas march\u00e9, tant pis, on laisse tomber&rsquo;. Notre Etat tue tous les jours. Et s\u2019il est peu probable qu\u2019il s\u2019effondre bient\u00f4t, il vaut mieux faire quelque chose que ne rien faire du tout. La protestation peut prendre beaucoup de formes, et chacune d\u2019elles est importante, car elles composent un tableau d\u2019ensemble. Je ne sais pas si ce que je fais servira un jour \u00e0 quelque chose. Je ne peux qu\u2019esp\u00e9rer et continuer. Dans ma famille, tout le monde sait ce que je fais. Ils ne soutiennent pas la guerre, mais ils ne sont pas non plus opposants. Ils se mettent en retrait, ne veulent rien faire. D\u00e8s qu\u2019on en discute, on finit toujours par se disputer. Mais j\u2019ai de la chance : j\u2019ai des amis, un copain, tous sont dans le m\u00eame bateau que moi. Sans \u00e7a, ce serait beaucoup plus difficile.<\/p>\n<p><strong class=\"article-body-link-list__item text-gray-800 article-body-link-list__item--one-item\">LIRE AUSSI : <a class=\"article-body-link-list__item-link\" href=\"https:\/\/www.lexpress.fr\/monde\/europe\/vacances-en-coree-du-nord-business-avec-la-chine-le-grand-virage-oriental-de-la-russie-OJM5URCUTZC5PKIW7X763KM5TM\/\" rel=\"nofollow noopener\" target=\"_blank\">Dans la Russie de Poutine, le grand pivot vers l&rsquo;Est : vacances en Cor\u00e9e du Nord, business avec la Chine\u2026<\/a><\/strong><\/p>\n<p class=\"paragraph article-body-paragraph article__item   \">Je ne sais pas ce qui devrait se passer pour que j\u2019arr\u00eate. M\u00eame si le r\u00e9gime s\u2019effondrait demain, il resterait beaucoup \u00e0 faire. D\u00e9j\u00e0, il faut bien comprendre qu\u2019il ne peut pas y avoir de happy end. C\u2019est d\u00e9j\u00e0 trop tard, il y a eu trop de morts et de destruction pour qu\u2019un jour on puisse se dire &lsquo;tout \u00e7a s\u2019est bien fini&rsquo;.<\/p>\n<p class=\"paragraph article-body-paragraph article__item    article__text__endpicto\">Je n\u2019ai que 24 ans, mais je sens que j\u2019ai une part de responsabilit\u00e9 dans tout \u00e7a. Ce sera un processus tr\u00e8s long pour que la Russie reconnaisse les crimes d\u2019Etat et les crimes de guerre, et que tous les coupables jug\u00e9s. J\u2019esp\u00e8re qu\u2019un jour, nous le m\u00e8nerons \u00e0 bien.\u00a0\u00bb<\/p>\n<p>.<\/p>\n","protected":false},"excerpt":{"rendered":"Ils s\u2019appellent Sofia, Viktor, Lena et Pavel. Ou plut\u00f4t, nous les appellerons ainsi. Sofia travaille avec l\u2019association M\u00e9morial,&hellip;\n","protected":false},"author":2,"featured_media":521867,"comment_status":"","ping_status":"","sticky":false,"template":"","format":"standard","meta":{"footnotes":""},"categories":[1591],"tags":[11,674,1887,74,12,1885,1886,132],"class_list":{"0":"post-521866","1":"post","2":"type-post","3":"status-publish","4":"format-standard","5":"has-post-thumbnail","7":"category-russie","8":"tag-actualites","9":"tag-europe","10":"tag-federation-de-russie","11":"tag-monde","12":"tag-news","13":"tag-russia","14":"tag-russian-federation","15":"tag-russie"},"share_on_mastodon":{"url":"https:\/\/pubeurope.com\/@fr\/115517527014253229","error":""},"_links":{"self":[{"href":"https:\/\/www.europesays.com\/fr\/wp-json\/wp\/v2\/posts\/521866","targetHints":{"allow":["GET"]}}],"collection":[{"href":"https:\/\/www.europesays.com\/fr\/wp-json\/wp\/v2\/posts"}],"about":[{"href":"https:\/\/www.europesays.com\/fr\/wp-json\/wp\/v2\/types\/post"}],"author":[{"embeddable":true,"href":"https:\/\/www.europesays.com\/fr\/wp-json\/wp\/v2\/users\/2"}],"replies":[{"embeddable":true,"href":"https:\/\/www.europesays.com\/fr\/wp-json\/wp\/v2\/comments?post=521866"}],"version-history":[{"count":0,"href":"https:\/\/www.europesays.com\/fr\/wp-json\/wp\/v2\/posts\/521866\/revisions"}],"wp:featuredmedia":[{"embeddable":true,"href":"https:\/\/www.europesays.com\/fr\/wp-json\/wp\/v2\/media\/521867"}],"wp:attachment":[{"href":"https:\/\/www.europesays.com\/fr\/wp-json\/wp\/v2\/media?parent=521866"}],"wp:term":[{"taxonomy":"category","embeddable":true,"href":"https:\/\/www.europesays.com\/fr\/wp-json\/wp\/v2\/categories?post=521866"},{"taxonomy":"post_tag","embeddable":true,"href":"https:\/\/www.europesays.com\/fr\/wp-json\/wp\/v2\/tags?post=521866"}],"curies":[{"name":"wp","href":"https:\/\/api.w.org\/{rel}","templated":true}]}}