{"id":521870,"date":"2025-11-09T03:06:23","date_gmt":"2025-11-09T03:06:23","guid":{"rendered":"https:\/\/www.europesays.com\/fr\/521870\/"},"modified":"2025-11-09T03:06:23","modified_gmt":"2025-11-09T03:06:23","slug":"la-bolivie-et-les-etats-unis-vont-retablir-leurs-relations-au-niveau-des-ambassadeurs","status":"publish","type":"post","link":"https:\/\/www.europesays.com\/fr\/521870\/","title":{"rendered":"La Bolivie et les \u00c9tats-Unis vont r\u00e9tablir leurs relations au niveau des ambassadeurs"},"content":{"rendered":"<p>\n    \u00abNous allons \u00e9tablir ces relations\u00bb, a d\u00e9clar\u00e9 le nouveau pr\u00e9sident bolivien lors d\u2019une rencontre avec le repr\u00e9sentant am\u00e9ricain.<\/p>\n<p class=\"fig-paragraph\">La Bolivie et les \u00c9tats-Unis vont r\u00e9tablir leurs relations diplomatiques au niveau des ambassadeurs, rompues depuis 2008, ont annonc\u00e9 samedi le pr\u00e9sident bolivien, Rodrigo Paz, et le secr\u00e9taire d&rsquo;\u00c9tat adjoint am\u00e9ricain, Christopher Landau. \u00abNous allons \u00e9tablir ces relations\u00bb, a d\u00e9clar\u00e9 le nouveau pr\u00e9sident bolivien lors d&rsquo;une rencontre avec le repr\u00e9sentant am\u00e9ricain, qui a pr\u00e9cis\u00e9 qu&rsquo;elles seraient r\u00e9tablies \u00abau niveau des ambassadeurs, comme cela aurait toujours d\u00fb \u00eatre\u00bb.<\/p>\n<p class=\"fig-paragraph\">L&rsquo;ex-pr\u00e9sident de gauche,\u00a0<a href=\"http:\/\/www.lefigaro.fr\/flash-actu\/bolivie-l-ancien-president-evo-morales-vise-par-une-enquete-pour-terrorisme-20250610\" data-fig-type=\"NewsFlash\" data-gtm-custom-categorie=\"navigation\" data-gtm-custom-action=\"crossclick\" data-gtm-custom-label=\"Contextuel\" data-gtm-event=\"customEventSPE\" data-fig-domain=\"LEFIGARO\" rel=\"nofollow noopener\" target=\"_blank\">Evo Morales<\/a>, avait expuls\u00e9, il y a 17 ans, le plus haut repr\u00e9sentant diplomatique des \u00c9tats-Unis dans le pays, l&rsquo;accusant de soutenir un complot de la droite. Washington avait r\u00e9pliqu\u00e9 en faisant de m\u00eame.<\/p>\n","protected":false},"excerpt":{"rendered":"\u00abNous allons \u00e9tablir ces relations\u00bb, a d\u00e9clar\u00e9 le nouveau pr\u00e9sident bolivien lors d\u2019une rencontre avec le repr\u00e9sentant am\u00e9ricain.&hellip;\n","protected":false},"author":2,"featured_media":521871,"comment_status":"","ping_status":"","sticky":false,"template":"","format":"standard","meta":{"footnotes":""},"categories":[1589],"tags":[11,75,73,1866,12,1864,1865,1863,308],"class_list":{"0":"post-521870","1":"post","2":"type-post","3":"status-publish","4":"format-standard","5":"has-post-thumbnail","7":"category-etats-unis","8":"tag-actualites","9":"tag-donald-trump","10":"tag-etats-unis","11":"tag-etats-unis-damerique","12":"tag-news","13":"tag-united-states","14":"tag-united-states-of-america","15":"tag-us","16":"tag-usa"},"share_on_mastodon":{"url":"https:\/\/pubeurope.com\/@fr\/115517534085196270","error":""},"_links":{"self":[{"href":"https:\/\/www.europesays.com\/fr\/wp-json\/wp\/v2\/posts\/521870","targetHints":{"allow":["GET"]}}],"collection":[{"href":"https:\/\/www.europesays.com\/fr\/wp-json\/wp\/v2\/posts"}],"about":[{"href":"https:\/\/www.europesays.com\/fr\/wp-json\/wp\/v2\/types\/post"}],"author":[{"embeddable":true,"href":"https:\/\/www.europesays.com\/fr\/wp-json\/wp\/v2\/users\/2"}],"replies":[{"embeddable":true,"href":"https:\/\/www.europesays.com\/fr\/wp-json\/wp\/v2\/comments?post=521870"}],"version-history":[{"count":0,"href":"https:\/\/www.europesays.com\/fr\/wp-json\/wp\/v2\/posts\/521870\/revisions"}],"wp:featuredmedia":[{"embeddable":true,"href":"https:\/\/www.europesays.com\/fr\/wp-json\/wp\/v2\/media\/521871"}],"wp:attachment":[{"href":"https:\/\/www.europesays.com\/fr\/wp-json\/wp\/v2\/media?parent=521870"}],"wp:term":[{"taxonomy":"category","embeddable":true,"href":"https:\/\/www.europesays.com\/fr\/wp-json\/wp\/v2\/categories?post=521870"},{"taxonomy":"post_tag","embeddable":true,"href":"https:\/\/www.europesays.com\/fr\/wp-json\/wp\/v2\/tags?post=521870"}],"curies":[{"name":"wp","href":"https:\/\/api.w.org\/{rel}","templated":true}]}}