{"id":521874,"date":"2025-11-09T03:08:22","date_gmt":"2025-11-09T03:08:22","guid":{"rendered":"https:\/\/www.europesays.com\/fr\/521874\/"},"modified":"2025-11-09T03:08:22","modified_gmt":"2025-11-09T03:08:22","slug":"lallemagne-va-approuver-un-programme-de-defense-de-35-mds-de-dollars-avec-airbus-et-dautres-entreprises-bloomberg","status":"publish","type":"post","link":"https:\/\/www.europesays.com\/fr\/521874\/","title":{"rendered":"L&rsquo;Allemagne va approuver un programme de d\u00e9fense de 3,5 mds de dollars avec Airbus et d&rsquo;autres entreprises-Bloomberg"},"content":{"rendered":"<p>(Reuters) -L&rsquo;Allemagne s&rsquo;appr\u00eate \u00e0 valider un achat d&rsquo;\u00e9quipements de d\u00e9fense d&rsquo;un total de 3,47 milliards de dollars, incluant l&rsquo;acquisition de 20 h\u00e9licopt\u00e8res de combats d&rsquo;Airbus SE, a rapport\u00e9 samedi Bloomberg News, citant un document du gouvernement.<\/p>\n<p>\n              Les d\u00e9put\u00e9s doivent donner leur accord durant une r\u00e9union \u00e0 huis clos mercredi, selon Bloomberg.<\/p>\n<p>\n              Le programme de d\u00e9fense contient \u00e9galement un accord d&rsquo;un montant d&rsquo;un milliard de dollars avec Hensoldt AG et Theon International.<\/p>\n<p>\n              Un porte-parole du minist\u00e8re allemand de la D\u00e9fense a d\u00e9clin\u00e9 une demande de commentaire.<\/p>\n<p>\n               (Reportage de Preetika Parashuraman \u00e0 Bengaluru, avec la contribution de Thomas Escritt; version fran\u00e7aise Zhifan Liu)<\/p>\n","protected":false},"excerpt":{"rendered":"(Reuters) -L&rsquo;Allemagne s&rsquo;appr\u00eate \u00e0 valider un achat d&rsquo;\u00e9quipements de d\u00e9fense d&rsquo;un total de 3,47 milliards de dollars, incluant&hellip;\n","protected":false},"author":2,"featured_media":521875,"comment_status":"","ping_status":"","sticky":false,"template":"","format":"standard","meta":{"footnotes":""},"categories":[1587],"tags":[11,672,340,1804,1805,1803,1777,674,1801,12,1802],"class_list":{"0":"post-521874","1":"post","2":"type-post","3":"status-publish","4":"format-standard","5":"has-post-thumbnail","7":"category-allemagne","8":"tag-actualites","9":"tag-allemagne","10":"tag-bourse","11":"tag-bundesrepublik-deutschland","12":"tag-de","13":"tag-deutschland","14":"tag-eu","15":"tag-europe","16":"tag-germany","17":"tag-news","18":"tag-republique-federale-dallemagne"},"share_on_mastodon":{"url":"https:\/\/pubeurope.com\/@fr\/115517541919497057","error":""},"_links":{"self":[{"href":"https:\/\/www.europesays.com\/fr\/wp-json\/wp\/v2\/posts\/521874","targetHints":{"allow":["GET"]}}],"collection":[{"href":"https:\/\/www.europesays.com\/fr\/wp-json\/wp\/v2\/posts"}],"about":[{"href":"https:\/\/www.europesays.com\/fr\/wp-json\/wp\/v2\/types\/post"}],"author":[{"embeddable":true,"href":"https:\/\/www.europesays.com\/fr\/wp-json\/wp\/v2\/users\/2"}],"replies":[{"embeddable":true,"href":"https:\/\/www.europesays.com\/fr\/wp-json\/wp\/v2\/comments?post=521874"}],"version-history":[{"count":0,"href":"https:\/\/www.europesays.com\/fr\/wp-json\/wp\/v2\/posts\/521874\/revisions"}],"wp:featuredmedia":[{"embeddable":true,"href":"https:\/\/www.europesays.com\/fr\/wp-json\/wp\/v2\/media\/521875"}],"wp:attachment":[{"href":"https:\/\/www.europesays.com\/fr\/wp-json\/wp\/v2\/media?parent=521874"}],"wp:term":[{"taxonomy":"category","embeddable":true,"href":"https:\/\/www.europesays.com\/fr\/wp-json\/wp\/v2\/categories?post=521874"},{"taxonomy":"post_tag","embeddable":true,"href":"https:\/\/www.europesays.com\/fr\/wp-json\/wp\/v2\/tags?post=521874"}],"curies":[{"name":"wp","href":"https:\/\/api.w.org\/{rel}","templated":true}]}}