{"id":521890,"date":"2025-11-09T03:21:21","date_gmt":"2025-11-09T03:21:21","guid":{"rendered":"https:\/\/www.europesays.com\/fr\/521890\/"},"modified":"2025-11-09T03:21:21","modified_gmt":"2025-11-09T03:21:21","slug":"victor-lafay-vise-le-tour-de-france","status":"publish","type":"post","link":"https:\/\/www.europesays.com\/fr\/521890\/","title":{"rendered":"Victor Lafay vise le Tour de France !"},"content":{"rendered":"<p><strong>Alors qu&rsquo;il s&rsquo;est engag\u00e9 cette<br \/>\nsemaine avec Unibet Rose Rockets, Victor Lafay (29 ans), qui a un<br \/>\ntemps pens\u00e9 \u00e0 prendre sa retraite, est revenu pour Eurosport sur ce<br \/>\nchoix.<\/strong><\/p>\n<p>En fin de contrat \u00e0 l\u2019issue de l\u2019ann\u00e9e avec Decathlon-AG2R La<br \/>\nMondiale, Victor Lafay ne prendra pas tout de suite sa retraite. En<br \/>\neffet, s\u2019il a pens\u00e9 \u00e0 raccrocher (et m\u00eame \u00e0 ouvrir une fromagerie<br \/>\nau Japon), le Fran\u00e7ais a finalement fait le choix de continuer et<br \/>\ns\u2019est engag\u00e9 cette semaine avec Unibet Rose Rockets, l\u2019\u00e9quipe cr\u00e9\u00e9e<br \/>\npar l\u2019ancien coureur et d\u00e9sormais Youtubeur n\u00e9erlandais Bas<br \/>\nTietema. Une jeune formation qui progresse petit \u00e0 petit et se veut<br \/>\ntr\u00e8s ambitieuse.<\/p>\n<p>\u00ab Quand je vois les retours sur ma signature chez Unibet<br \/>\nRose Rockets, je crois que tout le monde a bien compris que ce<br \/>\nserait une \u00e9quipe o\u00f9 je serai vraiment bien. (\u2026) L\u2019\u00e9quipe est quand<br \/>\nm\u00eame d\u2019un bon niveau et surtout elle progresse tr\u00e8s rapidement<br \/>\n\u00bb, a notamment expliqu\u00e9 Lafay, qui \u00e9tait suivi par des \u00e9quipes<br \/>\n\u00e9voluant en World Tour. Surtout apr\u00e8s sa 2e place du classement<br \/>\ng\u00e9n\u00e9ral du Tour du Guangxi.<\/p>\n<p>Lafay pr\u00eat \u00e0 se sacrifier pour<br \/>\nGroenewegen<\/p>\n<p>\u00ab L\u2019\u00e9quipe a \u00e9t\u00e9 cr\u00e9\u00e9e pour aller sur le Tour de France,<br \/>\npour essayer de gagner une \u00e9tape. Je pense que leur recrutement<br \/>\npour l\u2019ann\u00e9e prochaine a \u00e9t\u00e9 ax\u00e9 autour de \u00e7a. Ils ont d\u00fb voir<br \/>\nqu\u2019avec ce qui se passait, des \u00e9quipes qui disparaissaient, c\u2019\u00e9tait<br \/>\npeut-\u00eatre l\u2019ann\u00e9e o\u00f9 ils avaient le plus de chances d\u2019aller sur le<br \/>\nTour de France. Je pense que c\u2019est aussi pour \u00e7a qu\u2019ils<br \/>\nsouhaitaient vraiment m\u2019avoir avec eux \u00bb, a par la suite<br \/>\nd\u00e9clar\u00e9 le Fran\u00e7ais.<\/p>\n<p>\u00ab On a parl\u00e9 notamment du Tour de France. Je leur ai dit que<br \/>\ns\u2019ils veulent aller chercher une victoire sur le Tour, il ne faut<br \/>\npas trop se disperser \u00e0 vouloir chasser plusieurs types d\u2019\u00e9tapes.<br \/>\nTu ne peux pas arriver avec une \u00e9quipe coup\u00e9e en deux. J\u2019\u00e9tais<br \/>\ncarr\u00e9ment pr\u00eat \u00e0 aider l\u2019\u00e9quipe pour les sprints dans le train<br \/>\nautour de Dylan (Groenewegen). Je pense que c\u2019est la meilleure<br \/>\nchance de victoire sur le Tour \u00bb, a \u00e9galement confi\u00e9 Lafay,<br \/>\nlors d\u2019un entretien accord\u00e9 \u00e0 Eurosport.<\/p>\n","protected":false},"excerpt":{"rendered":"Alors qu&rsquo;il s&rsquo;est engag\u00e9 cette semaine avec Unibet Rose Rockets, Victor Lafay (29 ans), qui a un temps&hellip;\n","protected":false},"author":2,"featured_media":521891,"comment_status":"","ping_status":"","sticky":false,"template":"","format":"standard","meta":{"footnotes":""},"categories":[1411],"tags":[1154,207,1011,27,64255,57681,60,64256],"class_list":{"0":"post-521890","1":"post","2":"type-post","3":"status-publish","4":"format-standard","5":"has-post-thumbnail","7":"category-cyclisme","8":"tag-cycling","9":"tag-cyclisme","10":"tag-fr","11":"tag-france","12":"tag-lafay","13":"tag-sport365-fr","14":"tag-sports","15":"tag-unibet-rose-rockets"},"share_on_mastodon":{"url":"https:\/\/pubeurope.com\/@fr\/115517592906143288","error":""},"_links":{"self":[{"href":"https:\/\/www.europesays.com\/fr\/wp-json\/wp\/v2\/posts\/521890","targetHints":{"allow":["GET"]}}],"collection":[{"href":"https:\/\/www.europesays.com\/fr\/wp-json\/wp\/v2\/posts"}],"about":[{"href":"https:\/\/www.europesays.com\/fr\/wp-json\/wp\/v2\/types\/post"}],"author":[{"embeddable":true,"href":"https:\/\/www.europesays.com\/fr\/wp-json\/wp\/v2\/users\/2"}],"replies":[{"embeddable":true,"href":"https:\/\/www.europesays.com\/fr\/wp-json\/wp\/v2\/comments?post=521890"}],"version-history":[{"count":0,"href":"https:\/\/www.europesays.com\/fr\/wp-json\/wp\/v2\/posts\/521890\/revisions"}],"wp:featuredmedia":[{"embeddable":true,"href":"https:\/\/www.europesays.com\/fr\/wp-json\/wp\/v2\/media\/521891"}],"wp:attachment":[{"href":"https:\/\/www.europesays.com\/fr\/wp-json\/wp\/v2\/media?parent=521890"}],"wp:term":[{"taxonomy":"category","embeddable":true,"href":"https:\/\/www.europesays.com\/fr\/wp-json\/wp\/v2\/categories?post=521890"},{"taxonomy":"post_tag","embeddable":true,"href":"https:\/\/www.europesays.com\/fr\/wp-json\/wp\/v2\/tags?post=521890"}],"curies":[{"name":"wp","href":"https:\/\/api.w.org\/{rel}","templated":true}]}}