{"id":521902,"date":"2025-11-09T03:28:24","date_gmt":"2025-11-09T03:28:24","guid":{"rendered":"https:\/\/www.europesays.com\/fr\/521902\/"},"modified":"2025-11-09T03:28:24","modified_gmt":"2025-11-09T03:28:24","slug":"cest-le-film-numero-1-sur-netflix-et-il-faut-absolument-le-voir-ce-week-end","status":"publish","type":"post","link":"https:\/\/www.europesays.com\/fr\/521902\/","title":{"rendered":"C\u2019est le film num\u00e9ro 1 sur Netflix et il faut absolument le voir ce week-end !"},"content":{"rendered":"<p>Quand le ma\u00eetre du cin\u00e9ma fantastique adapte un classique de la litt\u00e9rature gothique. Depuis sa sortie sur Netflix le vendredi 7 novembre 2025, ce film de Guillermo Del Toro a conquis le public et la critique. Et il vient de passer en t\u00eate du classement de la plateforme de streaming en France.<\/p>\n<p>Un long-m\u00e9trage monstrueusement r\u00e9ussi. Depuis vendredi 7 novembre 2025, le Frankenstein de Guillermo Del Toro est en ligne sur Netflix. Une nouvelle mise en sc\u00e8ne du livre de Mary Shelley, roman culte du genre litt\u00e9raire gothique, publi\u00e9 en 1818, et de tr\u00e8s nombreuses adapt\u00e9 en litt\u00e9rature, en bande dessin\u00e9e, sur petit \u00e9cran ou encore au cin\u00e9ma. Mais cette version, sign\u00e9e des mains du r\u00e9alisateur oscaris\u00e9 pour La Forme de l&rsquo;eau (2017) ou pour son <a href=\"https:\/\/www.programme-tv.net\/news\/cinema\/315438-pinocchio-netflix-faut-il-voir-cette-nouvelle-version-signee-guillermo-del-toro\/\" data-api-deeplink=\"teleloisirs:\/\/news\/315438\" target=\"_blank\" rel=\"noopener\">Pinocchio<\/a> (2022), vient tout juste de passer num\u00e9ro un en France ce samedi 8 novembre 2025.<\/p>\n<p>Frankenstein sur Netflix : Un casting cinq \u00e9toiles pour Guillermo Del Toro<\/p>\n<p>Une r\u00e9ussite donc pour cette nouvelle adaptation r\u00e9alis\u00e9e par le ma\u00eetre du cin\u00e9ma fantastique, que <a href=\"https:\/\/www.programme-tv.net\/news\/cinema\/391528-frankenstein-netflix-est-un-pur-envoutement-et-il-ne-faut-pas-le-manquer-ce-week-end\/\" data-api-deeplink=\"teleloisirs:\/\/news\/391528\" target=\"_blank\" rel=\"noopener\">la r\u00e9daction de T\u00e9l\u00e9-Loisirs<\/a> a particuli\u00e8rement appr\u00e9ci\u00e9e. Avec le g\u00e9nial <a href=\"https:\/\/www.programme-tv.net\/biographie\/121635-isaac-oscar\/\" data-link-people=\"f43b6d26-6f5d-4b30-bad6-1db60c595125\" target=\"_blank\" rel=\"noopener\">Oscar Isaac<\/a> dans le r\u00f4le du docteur Victor Frankenstein et <a href=\"https:\/\/www.programme-tv.net\/biographie\/411748-elordi-jacob\/\" data-link-people=\"506108c0-eac6-4c41-b183-ff94149e61bd\" target=\"_blank\" rel=\"noopener\">Jacob Elordi<\/a> dans celui de la cr\u00e9ature, le papa du Labyrinthe de Pan s&rsquo;\u00e9tait offert deux t\u00eates d&rsquo;affiche de choix. La star d&rsquo;Euphoria brille dans son incarnation du Prom\u00e9th\u00e9e moderne et la narration altern\u00e9e entre les points de vue permet au mieux de se plonger dans les \u00e9motions contraires du cr\u00e9ateur et de son monstre. On retrouve \u00e9galement au casting Mia Goth, actrice connue pour ses r\u00f4les dans la trilogie de films de Ti West compos\u00e9e de X (2022), Pearl (2022) et MaXXXine (2024), qui interpr\u00e8te Elizabeth Lavenza, la compagne du savant fou, ou Felix Kammerer, acteur principal du tr\u00e8s r\u00e9compens\u00e9 \u00c0 l&rsquo;ouest rien de nouveau (2022), qui joue son fr\u00e8re William Frankenstein. Enfin, le nouveau personnage du riche financier Henrich Harlander est incarn\u00e9 par <a href=\"https:\/\/www.programme-tv.net\/biographie\/10960-waltz-christoph\/\" data-link-people=\"49fa3146-7ce2-4997-886a-86f347e51753\" target=\"_blank\" rel=\"noopener\">Christoph Waltz<\/a>, double laur\u00e9at du tripl\u00e9 Oscar, Golden Globe et BAFTA du meilleur second r\u00f4le pour Inglorious Basterds (2009) et Django Unchained (2012).<\/p>\n<p>                        Un r\u00e9alisateur oscaris\u00e9 en devance une autre<\/p>\n<p>En prenant la place de num\u00e9ro un sur Netflix en France, le film de Guillermo Del Toro d\u00e9passe une autre grosse production. Depuis sa sortie en streaming le 10 octobre 2025, le thriller <a href=\"https:\/\/www.programme-tv.net\/news\/cinema\/390637-a-house-of-dynamite-lavis-des-experts-du-nucleaire-sur-le-film-netflix-classe-numero-1-du-top\/\" data-api-deeplink=\"teleloisirs:\/\/news\/390637\" target=\"_blank\" rel=\"noopener\">A House of Dynamite<\/a> de <a href=\"https:\/\/www.programme-tv.net\/biographie\/15133-bigelow-kathryn\/\" data-link-people=\"b0c53222-336a-4e9e-ba6b-a6dd0b7aa420\" target=\"_blank\" rel=\"noopener\">Kathryn Bigelow<\/a>, premi\u00e8re femme cin\u00e9aste \u00e0 recevoir l&rsquo;Oscar du meilleur r\u00e9alisateur pour D\u00e9mineurs (2009), culminait tout en haut du top de la plateforme am\u00e9ricaine.<\/p>\n<p>Article \u00e9crit en collaboration avec 6Medias<\/p>\n","protected":false},"excerpt":{"rendered":"Quand le ma\u00eetre du cin\u00e9ma fantastique adapte un classique de la litt\u00e9rature gothique. Depuis sa sortie sur Netflix&hellip;\n","protected":false},"author":2,"featured_media":521903,"comment_status":"","ping_status":"","sticky":false,"template":"","format":"standard","meta":{"footnotes":""},"categories":[1354],"tags":[244,58,59,6214,1346,1011,27,55983,47639,1360,127,1722,129],"class_list":{"0":"post-521902","1":"post","2":"type-post","3":"status-publish","4":"format-standard","5":"has-post-thumbnail","7":"category-films","8":"tag-commentaire","9":"tag-divertissement","10":"tag-entertainment","11":"tag-film-netflix","12":"tag-films","13":"tag-fr","14":"tag-france","15":"tag-frankenstein","16":"tag-guillermo-del-toro","17":"tag-movies","18":"tag-netflix","19":"tag-pub-streaming-netflix","20":"tag-svod"},"share_on_mastodon":{"url":"https:\/\/pubeurope.com\/@fr\/115517620477094016","error":""},"_links":{"self":[{"href":"https:\/\/www.europesays.com\/fr\/wp-json\/wp\/v2\/posts\/521902","targetHints":{"allow":["GET"]}}],"collection":[{"href":"https:\/\/www.europesays.com\/fr\/wp-json\/wp\/v2\/posts"}],"about":[{"href":"https:\/\/www.europesays.com\/fr\/wp-json\/wp\/v2\/types\/post"}],"author":[{"embeddable":true,"href":"https:\/\/www.europesays.com\/fr\/wp-json\/wp\/v2\/users\/2"}],"replies":[{"embeddable":true,"href":"https:\/\/www.europesays.com\/fr\/wp-json\/wp\/v2\/comments?post=521902"}],"version-history":[{"count":0,"href":"https:\/\/www.europesays.com\/fr\/wp-json\/wp\/v2\/posts\/521902\/revisions"}],"wp:featuredmedia":[{"embeddable":true,"href":"https:\/\/www.europesays.com\/fr\/wp-json\/wp\/v2\/media\/521903"}],"wp:attachment":[{"href":"https:\/\/www.europesays.com\/fr\/wp-json\/wp\/v2\/media?parent=521902"}],"wp:term":[{"taxonomy":"category","embeddable":true,"href":"https:\/\/www.europesays.com\/fr\/wp-json\/wp\/v2\/categories?post=521902"},{"taxonomy":"post_tag","embeddable":true,"href":"https:\/\/www.europesays.com\/fr\/wp-json\/wp\/v2\/tags?post=521902"}],"curies":[{"name":"wp","href":"https:\/\/api.w.org\/{rel}","templated":true}]}}