{"id":521904,"date":"2025-11-09T03:29:10","date_gmt":"2025-11-09T03:29:10","guid":{"rendered":"https:\/\/www.europesays.com\/fr\/521904\/"},"modified":"2025-11-09T03:29:10","modified_gmt":"2025-11-09T03:29:10","slug":"les-deputes-rejettent-la-vaccination-obligatoire-pour-les-residents-dehpad","status":"publish","type":"post","link":"https:\/\/www.europesays.com\/fr\/521904\/","title":{"rendered":"les d\u00e9put\u00e9s rejettent la vaccination obligatoire pour les r\u00e9sidents d&rsquo;Ehpad"},"content":{"rendered":"<p>\n    La mesure figure au projet de budget de la S\u00e9curit\u00e9 sociale pour 2026, actuellement \u00e9tudi\u00e9 en premi\u00e8re lecture dans l\u2019h\u00e9micycle de l\u2019Assembl\u00e9e. Elle a \u00e9t\u00e9 rejet\u00e9e par 108 voix contre 95.<\/p>\n<p class=\"fig-paragraph\">L&rsquo;Assembl\u00e9e a rejet\u00e9 samedi un article posant les bases l\u00e9gales d&rsquo;une\u00a0<a href=\"http:\/\/www.lefigaro.fr\/sciences\/faut-il-rendre-obligatoire-la-vaccination-des-soignants-contre-la-grippe-comme-pour-le-covid-19-20221212\" data-fig-type=\"Article\" data-gtm-custom-categorie=\"navigation\" data-gtm-custom-action=\"crossclick\" data-gtm-custom-label=\"Contextuel\" data-gtm-event=\"customEventSPE\" data-fig-domain=\"LEFIGARO\" target=\"_blank\" rel=\"noopener\">vaccination obligatoire contre la grippe<\/a>\u00a0pour les r\u00e9sidents d&rsquo;Ehpad et certains professionnels de sant\u00e9, le RN s&rsquo;opposant \u00e0 l&rsquo;obligation, LFI demandant ce qui se passerait si des r\u00e9sidents refusaient le vaccin. La mesure figure au projet de budget de la S\u00e9curit\u00e9 sociale pour 2026, actuellement \u00e9tudi\u00e9 en premi\u00e8re lecture dans l&rsquo;h\u00e9micycle de l&rsquo;Assembl\u00e9e. Elle a \u00e9t\u00e9 rejet\u00e9e par 108 voix contre 95.<\/p>\n<p class=\"fig-paragraph\">L&rsquo;article pr\u00e9voit que \u00absous r\u00e9serve d&rsquo;une recommandation\u00bb de la HAS (Haute autorit\u00e9 de sant\u00e9), la vaccination contre la grippe soit obligatoire pour les personnes r\u00e9sidant en Ehpad \u00abpendant la p\u00e9riode \u00e9pid\u00e9mique\u00bb. La m\u00eame obligation conditionn\u00e9e \u00e0 une recommandation de la HAS est pr\u00e9vue pour \u00ables professionnels de sant\u00e9 exer\u00e7ants, \u00e0 titre lib\u00e9ral, une profession list\u00e9e dans un d\u00e9cret en Conseil d&rsquo;\u00c9tat\u00bb.<\/p>\n<p>                                    <a class=\"fig-a11y-skip a11y-hidden\" href=\"#fig-a11y-skip-main-inarticle\"><br \/>\n        Passer la publicit\u00e9<br \/>\n    <\/a><\/p>\n<p class=\"fig-paragraph\">Ce d\u00e9cret devrait pr\u00e9ciser les \u00abconditions d&rsquo;exercice\u00bb des soignants et \u00abl&rsquo;exposition \u00e0 des risques de contamination\u00bb, notamment pour les personnes dont ils sont charg\u00e9s. \u00ab82% des patients en Ehpad sont vaccin\u00e9s\u00bb mais \u00ab25% seulement des soignants sont vaccin\u00e9s \u00e0 ce jour pour la grippe\u00bb, a point\u00e9 dans l&rsquo;h\u00e9micycle la ministre de la Sant\u00e9 St\u00e9phanie Rist (Renaissance), rappelant des obligations vaccinales existant pour des soignants contre \u00abla dipht\u00e9rie, le t\u00e9tanos, la polio\u00bb ou \u00abl&rsquo;h\u00e9patite B\u00bb. Elle a act\u00e9 avec \u00abtristesse\u00bb le rejet de l&rsquo;article\u00a0: \u00abon a encore beaucoup de boulot il me semble pour que la science revienne au c\u0153ur de notre soci\u00e9t\u00e9\u00bb.<\/p>\n<p>\u00abL\u2019un des outils les plus efficaces de sant\u00e9 publique\u00bb<\/p>\n<p class=\"fig-paragraph\">Les d\u00e9put\u00e9s Renaissance, MoDem, Horizons, PS et \u00c9cologistes ont quasiment tous vot\u00e9 pour. \u00abC&rsquo;est l&rsquo;un des outils les plus efficaces de sant\u00e9 publique\u00bb, a soutenu Hendrik Davi (groupe \u00e9cologiste). Les R\u00e9publicains se sont divis\u00e9s (quatre pour, trois contre). L&rsquo;alliance RN-UDR a vot\u00e9 contre. \u00abLa libert\u00e9 vaccinale, pour nous, c&rsquo;est un principe fondamental\u00bb, a argu\u00e9 Christophe Bentz (RN), appelant \u00e0 \u00abconvaincre plut\u00f4t que contraindre\u00bb.<\/p>\n<p class=\"fig-paragraph\">Une large majorit\u00e9 des Insoumis a vot\u00e9 contre. Estimant que la couverture vaccinale \u00e0 82% des r\u00e9sidents en Ehpad est \u00abune bonne chose\u00bb, Hadrien Clouet (LFI) a point\u00e9 une absence de \u00abr\u00e9ponse\u00bb sur le sort des r\u00e9sidents qui refuseraient. \u00abQuelle est la cons\u00e9quence contractuelle\u00a0? Est-ce qu&rsquo;ils peuvent rester chez eux\u00a0?\u00bb (dans leur Ehpad).<\/p>\n<p class=\"fig-paragraph\">\u00abLes d\u00e9cisions, vont se faire en concertation avec les directeurs d&rsquo;\u00e9tablissements, avec les comit\u00e9s de patients en Ehpad, pour d\u00e9cider de retirer ou pas les gens. Notre volont\u00e9 n&rsquo;est pas d&rsquo;exclure des gens des Ehpad\u00bb, avait d\u00e9clar\u00e9 un peu plus t\u00f4t la ministre.<\/p>\n","protected":false},"excerpt":{"rendered":"La mesure figure au projet de budget de la S\u00e9curit\u00e9 sociale pour 2026, actuellement \u00e9tudi\u00e9 en premi\u00e8re lecture&hellip;\n","protected":false},"author":2,"featured_media":521905,"comment_status":"","ping_status":"","sticky":false,"template":"","format":"standard","meta":{"footnotes":""},"categories":[10],"tags":[416,1003,1011,27,29786,72,71],"class_list":{"0":"post-521904","1":"post","2":"type-post","3":"status-publish","4":"format-standard","5":"has-post-thumbnail","7":"category-sante","8":"tag-assemblee-nationale","9":"tag-budget","10":"tag-fr","11":"tag-france","12":"tag-grippe","13":"tag-health","14":"tag-sante"},"share_on_mastodon":{"url":"https:\/\/pubeurope.com\/@fr\/115517624428507154","error":""},"_links":{"self":[{"href":"https:\/\/www.europesays.com\/fr\/wp-json\/wp\/v2\/posts\/521904","targetHints":{"allow":["GET"]}}],"collection":[{"href":"https:\/\/www.europesays.com\/fr\/wp-json\/wp\/v2\/posts"}],"about":[{"href":"https:\/\/www.europesays.com\/fr\/wp-json\/wp\/v2\/types\/post"}],"author":[{"embeddable":true,"href":"https:\/\/www.europesays.com\/fr\/wp-json\/wp\/v2\/users\/2"}],"replies":[{"embeddable":true,"href":"https:\/\/www.europesays.com\/fr\/wp-json\/wp\/v2\/comments?post=521904"}],"version-history":[{"count":0,"href":"https:\/\/www.europesays.com\/fr\/wp-json\/wp\/v2\/posts\/521904\/revisions"}],"wp:featuredmedia":[{"embeddable":true,"href":"https:\/\/www.europesays.com\/fr\/wp-json\/wp\/v2\/media\/521905"}],"wp:attachment":[{"href":"https:\/\/www.europesays.com\/fr\/wp-json\/wp\/v2\/media?parent=521904"}],"wp:term":[{"taxonomy":"category","embeddable":true,"href":"https:\/\/www.europesays.com\/fr\/wp-json\/wp\/v2\/categories?post=521904"},{"taxonomy":"post_tag","embeddable":true,"href":"https:\/\/www.europesays.com\/fr\/wp-json\/wp\/v2\/tags?post=521904"}],"curies":[{"name":"wp","href":"https:\/\/api.w.org\/{rel}","templated":true}]}}