{"id":521911,"date":"2025-11-09T03:33:15","date_gmt":"2025-11-09T03:33:15","guid":{"rendered":"https:\/\/www.europesays.com\/fr\/521911\/"},"modified":"2025-11-09T03:33:15","modified_gmt":"2025-11-09T03:33:15","slug":"les-francais-precaires-inquiets-de-la-fin-du-decouvert-automatique-liberation","status":"publish","type":"post","link":"https:\/\/www.europesays.com\/fr\/521911\/","title":{"rendered":"les Fran\u00e7ais pr\u00e9caires inquiets de la fin du d\u00e9couvert automatique \u2013 Lib\u00e9ration"},"content":{"rendered":"<p class=\"sc-cPiKLX AiZTS text-element\">L\u2019adieu au d\u00e9couvert bancaire automatique ? Dans le creux de l\u2019hiver et en plein milieu de difficiles discussions budg\u00e9taires, la nouvelle aurait presque pu passer inaper\u00e7ue. D\u2019ailleurs, elle a mis le temps : apr\u00e8s <a href=\"https:\/\/www.liberation.fr\/checknews\/decouvert-bancaire-quels-partis-ont-vote-pour-cette-reforme-aujourdhui-decriee-a-droite-comme-a-gauche-20251101_4EEVFLS7ENHB7K7HVG55ZSEBP4\/\" target=\"_blank\" rel=\"noopener\">l\u2019adoption d\u2019une directive en 2023 au Parlement europ\u00e9en<\/a>, une loi d\u2019habilitation permettant sa transcription dans la loi fran\u00e7aise au printemps et la publication d\u2019une ordonnance au Journal officiel d\u00e9but septembre, il aura fallu attendre la fin octobre pour que cette information aux allures de bombe ne se fraye un chemin jusqu\u2019aux oreilles des Fran\u00e7ais. Et ne fasse l\u2019effet d\u2019un choc.<\/p>\n<p class=\"sc-cPiKLX AiZTS text-element\">A partir du 20 novembre 2026, donc, pour transposer dans le droit fran\u00e7ais une mesure destin\u00e9e \u00e0 harmoniser les r\u00e8gles en vigueur \u00e0 travers l\u2019Europe sur le sujet, le d\u00e9couvert bancaire deviendra d\u2019office un cr\u00e9dit \u00e0 la consommation, avec examen du profil financier et v\u00e9rification de la solvabilit\u00e9, m\u00eame pour des petites sommes \u2013 jusqu\u2019ici, les d\u00e9couverts inf\u00e9rieurs \u00e0 200 euros y \u00e9chappaient. Si un client est surendett\u00e9 ou poss\u00e8de des revenus que la banque estime trop faibles, le d\u00e9couvert pourra donc lui \u00eatre refus\u00e9. En France, o\u00f9 le d\u00e9couvert moyen observ\u00e9 est de 411 euros par mois, un vent de panique a suivi la m\u00e9diatisation de la mesure par La France insoumise.<\/p>\n","protected":false},"excerpt":{"rendered":"L\u2019adieu au d\u00e9couvert bancaire automatique ? Dans le creux de l\u2019hiver et en plein milieu de difficiles discussions&hellip;\n","protected":false},"author":2,"featured_media":521912,"comment_status":"","ping_status":"","sticky":false,"template":"","format":"standard","meta":{"footnotes":""},"categories":[6],"tags":[24240,35,33,34,1011,27,364],"class_list":{"0":"post-521911","1":"post","2":"type-post","3":"status-publish","4":"format-standard","5":"has-post-thumbnail","7":"category-economie","8":"tag-banque-de-france","9":"tag-business","10":"tag-economie","11":"tag-economy","12":"tag-fr","13":"tag-france","14":"tag-union-europeenne"},"share_on_mastodon":{"url":"https:\/\/pubeurope.com\/@fr\/115517640187130182","error":""},"_links":{"self":[{"href":"https:\/\/www.europesays.com\/fr\/wp-json\/wp\/v2\/posts\/521911","targetHints":{"allow":["GET"]}}],"collection":[{"href":"https:\/\/www.europesays.com\/fr\/wp-json\/wp\/v2\/posts"}],"about":[{"href":"https:\/\/www.europesays.com\/fr\/wp-json\/wp\/v2\/types\/post"}],"author":[{"embeddable":true,"href":"https:\/\/www.europesays.com\/fr\/wp-json\/wp\/v2\/users\/2"}],"replies":[{"embeddable":true,"href":"https:\/\/www.europesays.com\/fr\/wp-json\/wp\/v2\/comments?post=521911"}],"version-history":[{"count":0,"href":"https:\/\/www.europesays.com\/fr\/wp-json\/wp\/v2\/posts\/521911\/revisions"}],"wp:featuredmedia":[{"embeddable":true,"href":"https:\/\/www.europesays.com\/fr\/wp-json\/wp\/v2\/media\/521912"}],"wp:attachment":[{"href":"https:\/\/www.europesays.com\/fr\/wp-json\/wp\/v2\/media?parent=521911"}],"wp:term":[{"taxonomy":"category","embeddable":true,"href":"https:\/\/www.europesays.com\/fr\/wp-json\/wp\/v2\/categories?post=521911"},{"taxonomy":"post_tag","embeddable":true,"href":"https:\/\/www.europesays.com\/fr\/wp-json\/wp\/v2\/tags?post=521911"}],"curies":[{"name":"wp","href":"https:\/\/api.w.org\/{rel}","templated":true}]}}