{"id":521914,"date":"2025-11-09T03:35:15","date_gmt":"2025-11-09T03:35:15","guid":{"rendered":"https:\/\/www.europesays.com\/fr\/521914\/"},"modified":"2025-11-09T03:35:15","modified_gmt":"2025-11-09T03:35:15","slug":"la-france-va-connaitre-une-meteo-hallucinante-pour-un-mois-de-novembre-la-semaine-prochaine","status":"publish","type":"post","link":"https:\/\/www.europesays.com\/fr\/521914\/","title":{"rendered":"La France va conna\u00eetre une m\u00e9t\u00e9o \u00ab hallucinante \u00bb pour un mois de novembre la semaine prochaine"},"content":{"rendered":"<p class=\"mb-4 text-lg md:leading-8 break-words\">Pas de quoi se r\u00e9jouir. Des temp\u00e9ratures bien plus cl\u00e9mentes pour la saison vont appara\u00eetre en France la semaine prochaine. Avec un <a data-i13n=\"cpos:1;pos:1\" href=\"https:\/\/fr.news.yahoo.com\/m%C3%A9t%C3%A9o-apr%C3%A8s-neige-%C3%A9pisode-douceur-053014561.html\" data-ylk=\"slk:pic de douceur;cpos:1;pos:1;elm:context_link;itc:0;sec:content-canvas;outcm:mb_qualified_link;_E:mb_qualified_link;ct:story;\" class=\"link  yahoo-link\" target=\"_blank\" rel=\"noopener\">pic de douceur<\/a> jeudi 13 novembre et un thermom\u00e8tre qui <a data-i13n=\"cpos:2;pos:1\" href=\"https:\/\/fr.news.yahoo.com\/villes-o%C3%B9-m%C3%A9t%C3%A9o-france-pr%C3%A9voit-054512041.html\" data-ylk=\"slk:pourra parfois atteindre les 25 \u00b0C;cpos:2;pos:1;elm:context_link;itc:0;sec:content-canvas;outcm:mb_qualified_link;_E:mb_qualified_link;ct:story;\" class=\"link  yahoo-link\" target=\"_blank\" rel=\"noopener\">pourra parfois atteindre les 25 \u00b0C<\/a>. Une situation qui inqui\u00e8te et qui agace parmi les m\u00e9t\u00e9orologues car cette douceur remarquable est de plus en plus fr\u00e9quente \u00e0 cette p\u00e9riode de l\u2019ann\u00e9e.<\/p>\n<p class=\"mb-4 text-lg md:leading-8 break-words\">C\u2019est ce dont t\u00e9moigne <a data-i13n=\"cpos:3;pos:1\" href=\"https:\/\/fr.news.yahoo.com\/m%C3%A9t%C3%A9o-%C3%A0-paris-n-jamais-185018355.html\" data-ylk=\"slk:Fran\u00e7ois Jobard, pr\u00e9visionniste pour M\u00e9t\u00e9o France;cpos:3;pos:1;elm:context_link;itc:0;sec:content-canvas;outcm:mb_qualified_link;_E:mb_qualified_link;ct:story;\" class=\"link  yahoo-link\" target=\"_blank\" rel=\"noopener\">Fran\u00e7ois Jobard, pr\u00e9visionniste pour M\u00e9t\u00e9o France<\/a>. \u00ab Le fait m\u00e9t\u00e9orologique marquant de la semaine prochaine sera sans doute une puissante advection de sud d\u00e8s mercredi avec \u00e0 la clef de possibles records mensuels \u00bb, explique-t-il sur BlueSky. Et poursuit : \u00ab 20 \u00e0 25 \u00b0C voire plus possibles sur bon nombre de r\u00e9gions, parfois m\u00eame en montagne ! De fa\u00e7on assez hallucinante pour une mi-novembre \u00bb.<\/p>\n<p class=\"mb-4 text-lg md:leading-8 break-words\"><a data-i13n=\"cpos:4;pos:1\" href=\"https:\/\/fr.news.yahoo.com\/trouvez-qu-fait-moche-durant-173348565.html\" data-ylk=\"slk:Vous trouvez qu\u2019il a fait moche durant ce mois de septembre ? Ce n\u2019\u00e9tait pas qu\u2019une impression;cpos:4;pos:1;elm:context_link;itc:0;sec:content-canvas;outcm:mb_qualified_link;_E:mb_qualified_link;ct:story;\" class=\"link  yahoo-link\" target=\"_blank\" rel=\"noopener\"> Vous trouvez qu\u2019il a fait moche durant ce mois de septembre ? Ce n\u2019\u00e9tait pas qu\u2019une impression <\/a><\/p>\n<p class=\"mb-4 text-lg md:leading-8 break-words\">Sur X, c\u2019est le m\u00e9t\u00e9orologue Guillaume Sachet qui s\u2019en inqui\u00e8te aussi. \u00ab Cet \u00e9pisode de douceur remarquable n\u2019en finit pas, mais on s\u2019y habitue et tout le monde s\u2019en fout\u2026 Pourtant, il faut savoir que jeudi prochain, les temp\u00e9ratures pourraient atteindre des niveaux records. Et ce n\u2019est pas un petit sujet\u2026 \u00bb, alerte-t-il.<\/p>\n<p class=\"mb-4 text-lg md:leading-8 break-words\">Mais il d\u00e9voile ensuite le fond de sa pens\u00e9e : \u00ab Lorsque j\u2019affirme que \u201ctout le monde s\u2019en fout\u201d, je veux dire par l\u00e0 que les temp\u00e9ratures hivernales cl\u00e9mentes suscitent moins d\u2019attention que les vagues de chaleur estivales, malgr\u00e9 leur nature similaire \u00bb. Et m\u00eame si le ph\u00e9nom\u00e8ne \u00e0 l\u2019\u0153uvre la semaine prochaine \u00ab rel\u00e8ve des variations climatiques \u00bb, il note que \u00ab par le pass\u00e9, il ne se manifestait pas avec la m\u00eame fr\u00e9quence, intensit\u00e9 et dur\u00e9e \u00bb.<\/p>\n<p>Digne d\u2019un mois de mai ou septembre<\/p>\n<p class=\"mb-4 text-lg md:leading-8 break-words\">Comme l\u2019explique <a data-i13n=\"cpos:5;pos:1\" href=\"https:\/\/www.meteo-villes.com\/actualites\/une-douceur-encore-plus-exceptionnelle-a-venir\" rel=\"nofollow noopener\" target=\"_blank\" data-ylk=\"slk:M\u00e9t\u00e9o-villes;cpos:5;pos:1;elm:context_link;itc:0;sec:content-canvas\" class=\"link \">M\u00e9t\u00e9o-villes<\/a>, ce week-end situ\u00e9 dans les normales de saison va en effet rapidement laisser place \u00e0 un air tr\u00e8s doux qui va remonter en France, port\u00e9e par une vaste zone d\u00e9pressionnaire sur l\u2019Atlantique. \u00ab Et provoquer sans doute des records de temp\u00e9rature \u00bb, est-il pr\u00e9cis\u00e9. Il faut donc s\u2019attendre \u00e0 25\u00b0C dans un d\u00e9partement comme l\u2019Aquitaine.<\/p>\n<p class=\"mb-4 text-lg md:leading-8 break-words\"><a data-i13n=\"cpos:6;pos:1\" href=\"https:\/\/www.leparisien.fr\/meteo\/meteo-des-records-de-chaleur-attendus-en-milieu-de-semaine-plus-de-25-c-dans-le-sud-ouest-08-11-2025-ALVNW4LUYFCQHJBCXE6JCANLBY.php\" rel=\"nofollow noopener\" target=\"_blank\" data-ylk=\"slk:Le Parisien;cpos:6;pos:1;elm:context_link;itc:0;sec:content-canvas\" class=\"link \">Le Parisien<\/a> met \u00e9galement en lumi\u00e8re les cartes de M\u00e9t\u00e9o-France, qui pr\u00e9disent plus d\u2019une quinzaine de degr\u00e9s dans le nord du pays. Mais au-dessus de 20 \u00b0C dans le Sud-Ouest. \u00ab Avec le soleil, le ressenti d\u00e9passera les 30 \u00b0C \u00bb, pr\u00e9cise le journal concernant le secteur des Landes, o\u00f9 le pic de douceur attendu est attendu \u00e0 ce stade. La Cha\u00eene M\u00e9t\u00e9o estime de son c\u00f4t\u00e9 les temp\u00e9ratures maximales de jeudi \u00e0 25 \u00b0C \u00e0 Pau, 18 \u00b0C au Havre et 19 \u00b0C \u00e0 Paris.<\/p>\n<p class=\"mb-4 text-lg md:leading-8 break-words\">Cette hausse des temp\u00e9ratures devrait ainsi atteindre les standards d\u2019un mois de mai ou de septembre. M\u00e9t\u00e9o-villes d\u00e9clarant \u00ab possible que quelques records d\u00e9cadaires ou mensuels de douceur soient battus, notamment entre le sud-ouest et le centre de la France en journ\u00e9e de jeudi \u00bb.<\/p>\n<p class=\"mb-4 text-lg md:leading-8 break-words\">Et si le Sud-Ouest devrait perdre 5 \u00b0C d\u00e8s vendredi prochain, les temp\u00e9ratures devraient rester \u00e9lev\u00e9es ailleurs par rapport aux normales de saisons. Selon les pr\u00e9visions du site, et m\u00eame si celles-ci doivent encore \u00eatre affin\u00e9es, \u00ab un <a data-i13n=\"cpos:7;pos:1\" href=\"https:\/\/fr.news.yahoo.com\/m%C3%A9t%C3%A9o-records-douceur-battus-sud-193554515.html\" data-ylk=\"slk:nouveau coup de douceur marqu\u00e9 et potentiellement record;cpos:7;pos:1;elm:context_link;itc:0;sec:content-canvas;outcm:mb_qualified_link;_E:mb_qualified_link;ct:story;\" class=\"link  yahoo-link\" target=\"_blank\" rel=\"noopener\">nouveau coup de douceur marqu\u00e9 et potentiellement record<\/a> est bien \u00e0 attendre sur la France \u00bb la semaine prochaine.<\/p>\n<p class=\"mb-4 text-lg md:leading-8 break-words\"><a data-i13n=\"cpos:8;pos:1\" href=\"https:\/\/fr.news.yahoo.com\/temp%C3%AAte-benjamin-rafales-%C3%A0-150-084304561.html\" data-ylk=\"slk:Temp\u00eate Benjamin : des rafales \u00e0 plus de 150 km\/h enregistr\u00e9es sur le littoral;cpos:8;pos:1;elm:context_link;itc:0;sec:content-canvas;outcm:mb_qualified_link;_E:mb_qualified_link;ct:story;\" class=\"link  yahoo-link\" target=\"_blank\" rel=\"noopener\"> Temp\u00eate Benjamin : des rafales \u00e0 plus de 150 km\/h enregistr\u00e9es sur le littoral <\/a><\/p>\n<p class=\"mb-4 text-lg md:leading-8 break-words\"><a data-i13n=\"cpos:9;pos:1\" href=\"https:\/\/fr.news.yahoo.com\/voix-embl%C3%A9matiques-france-inter-franceinfo-110004914.html\" data-ylk=\"slk:Ces voix embl\u00e9matiques de France Inter et franceinfo quittent l\u2019antenne pour des raisons budg\u00e9taires;cpos:9;pos:1;elm:context_link;itc:0;sec:content-canvas;outcm:mb_qualified_link;_E:mb_qualified_link;ct:story;\" class=\"link  yahoo-link\" target=\"_blank\" rel=\"noopener\"> Ces voix embl\u00e9matiques de France Inter et franceinfo quittent l\u2019antenne pour des raisons budg\u00e9taires <\/a><\/p>\n","protected":false},"excerpt":{"rendered":"Pas de quoi se r\u00e9jouir. Des temp\u00e9ratures bien plus cl\u00e9mentes pour la saison vont appara\u00eetre en France la&hellip;\n","protected":false},"author":2,"featured_media":521915,"comment_status":"","ping_status":"","sticky":false,"template":"","format":"standard","meta":{"footnotes":""},"categories":[4],"tags":[11,1011,27,15475,2357,12,16487,25],"class_list":{"0":"post-521914","1":"post","2":"type-post","3":"status-publish","4":"format-standard","5":"has-post-thumbnail","7":"category-france","8":"tag-actualites","9":"tag-fr","10":"tag-france","11":"tag-la-chaine-meteo","12":"tag-meteo-france","13":"tag-news","14":"tag-records-de-temperature","15":"tag-republique-francaise"},"share_on_mastodon":{"url":"https:\/\/pubeurope.com\/@fr\/115517648244037606","error":""},"_links":{"self":[{"href":"https:\/\/www.europesays.com\/fr\/wp-json\/wp\/v2\/posts\/521914","targetHints":{"allow":["GET"]}}],"collection":[{"href":"https:\/\/www.europesays.com\/fr\/wp-json\/wp\/v2\/posts"}],"about":[{"href":"https:\/\/www.europesays.com\/fr\/wp-json\/wp\/v2\/types\/post"}],"author":[{"embeddable":true,"href":"https:\/\/www.europesays.com\/fr\/wp-json\/wp\/v2\/users\/2"}],"replies":[{"embeddable":true,"href":"https:\/\/www.europesays.com\/fr\/wp-json\/wp\/v2\/comments?post=521914"}],"version-history":[{"count":0,"href":"https:\/\/www.europesays.com\/fr\/wp-json\/wp\/v2\/posts\/521914\/revisions"}],"wp:featuredmedia":[{"embeddable":true,"href":"https:\/\/www.europesays.com\/fr\/wp-json\/wp\/v2\/media\/521915"}],"wp:attachment":[{"href":"https:\/\/www.europesays.com\/fr\/wp-json\/wp\/v2\/media?parent=521914"}],"wp:term":[{"taxonomy":"category","embeddable":true,"href":"https:\/\/www.europesays.com\/fr\/wp-json\/wp\/v2\/categories?post=521914"},{"taxonomy":"post_tag","embeddable":true,"href":"https:\/\/www.europesays.com\/fr\/wp-json\/wp\/v2\/tags?post=521914"}],"curies":[{"name":"wp","href":"https:\/\/api.w.org\/{rel}","templated":true}]}}