{"id":521916,"date":"2025-11-09T03:36:36","date_gmt":"2025-11-09T03:36:36","guid":{"rendered":"https:\/\/www.europesays.com\/fr\/521916\/"},"modified":"2025-11-09T03:36:36","modified_gmt":"2025-11-09T03:36:36","slug":"tennis-la-video-de-la-volee-grand-ecart-exceptionnelle-de-novak-djokovic-en-finale-a-athenes","status":"publish","type":"post","link":"https:\/\/www.europesays.com\/fr\/521916\/","title":{"rendered":"Tennis\u00a0: la vid\u00e9o de la vol\u00e9e-grand \u00e9cart exceptionnelle de Novak Djokovic en finale \u00e0 Ath\u00e8nes"},"content":{"rendered":"<p class=\"paragraph text_align_left lp-f-body-02\">Le temps ne semble pas avoir de prise sur lui. \u00c0 38 ans bien tass\u00e9s, le Serbe <a href=\"https:\/\/www.leparisien.fr\/sports\/tennis\/novak-djokovic\/\" target=\"_blank\" rel=\"noreferrer nofollow noopener\">Novak Djokovic<\/a> continue de r\u00e9galer les foules et de repousser les limites du temps. Ce samedi, lors de la finale de<a href=\"https:\/\/www.leparisien.fr\/sports\/tennis\/nous-sommes-la-pour-de-nombreuses-annees-de-heros-a-paria-en-serbie-pourquoi-djokovic-sest-installe-en-grece-03-11-2025-2MNSCPNFOVA3LMMM4G2QCUUBVQ.php\" target=\"_blank\" rel=\"noreferrer nofollow noopener\"> \u00ab son \u00bb tournoi \u00e0 Ath\u00e8nes<\/a> &#8211; le rendez-vous a pris la place dans le calendrier de l\u2019Open de Belgrade et est organis\u00e9 par sa famille, son fr\u00e8re Djordje en est le directeur -, le Joker a prouv\u00e9 une nouvelle fois qu\u2019il n\u2019\u00e9tait pas fait du m\u00eame m\u00e9tal que ses adversaires sur les courts de <a href=\"https:\/\/www.leparisien.fr\/sports\/tennis\/\" target=\"_blank\" rel=\"noreferrer nofollow noopener\">tennis<\/a>. Un comp\u00e9titeur et un showman unique !<\/p>\n<p class=\"paragraph text_align_left lp-f-body-02\">Apr\u00e8s avoir perdu la premi\u00e8re manche face \u00e0 l\u2019Italien Lorenzo Musetti, l\u2019homme aux 24 titres du Grand Chelem r\u00e9agit dans la suivante tel un joueur qui carbure au diesel. \u00c0 30-O sur son service, Djokovic monte au filet apr\u00e8s une attaque du coup droit. Mais Musetti lui renvoie un passing de coup droit crois\u00e9 dans un angle impossible qui retombe derri\u00e8re le filet.<\/p>\n<p class=\"paragraph text_align_left lp-f-body-02\">Alors que Djoko semble battu, il se d\u00e9ploie et s\u2019arrache pour aller chercher la balle qui l\u2019oblige \u00e0 un grand \u00e9cart digne d\u2019un danseur \u00e9toile. Il r\u00e9ussit \u00e0 reprendre la balle et r\u00e9alise une vol\u00e9e amortie crois\u00e9e tout en douceur. Un geste qu\u2019il salue d\u2019un grand sourire et d\u2019une pose &#8211; mythique &#8211; o\u00f9, toujours en position grand \u00e9cart, il place ses deux mains derri\u00e8re la t\u00eate&#8230; <\/p>\n<p class=\"paragraph text_align_left lp-f-body-02\">Le festival des cannes du Serbe n\u2019est pas fini puisque quelques points plus tard, il breake son adversaire sur un v\u00e9ritable marathon de fond de court qu\u2019il termine au filet d\u2019un plongeant spectaculaire et d\u2019une vol\u00e9e de revers.<\/p>\n<p class=\"paragraph text_align_left lp-f-body-02\">Un point sublime qui fait se lever le public et lui permet de remporter le deuxi\u00e8me set dans la foul\u00e9e.<\/p>\n<p class=\"paragraph text_align_left lp-f-body-02\">Le duel entre les deux joueurs est sublime, atteint des sommets d\u2019intensit\u00e9 et de suspense. Du grand art m\u00eame si ce n\u2019est qu\u2019un tournoi ATP 250 ! Au bout d\u2019un combat titanesque de pr\u00e8s de trois heures (2h59 exactement), le Djoker fini par l\u2019emporter en trois sets (4-6, 6-3, 7-5) face \u00e0 son jeune adversaire (23 ans). <\/p>\n<p class=\"paragraph text_align_left lp-f-body-02\">Un succ\u00e8s qui permet \u00e0 l\u2019ancien num\u00e9ro 1 mondial de remporter son 101e tournoi. Il n\u2019est plus qu\u2019\u00e0 deux longueurs des 103 titres de son ancien rival suisse Roger Federer et \u00e0 huit des 109 troph\u00e9es de l\u2019Am\u00e9ricain Jimmy Connors, recordman du genre. <\/p>\n","protected":false},"excerpt":{"rendered":"Le temps ne semble pas avoir de prise sur lui. \u00c0 38 ans bien tass\u00e9s, le Serbe Novak&hellip;\n","protected":false},"author":2,"featured_media":521917,"comment_status":"","ping_status":"","sticky":false,"template":"","format":"standard","meta":{"footnotes":""},"categories":[2],"tags":[11,1011,27,12,60,1467],"class_list":{"0":"post-521916","1":"post","2":"type-post","3":"status-publish","4":"format-standard","5":"has-post-thumbnail","7":"category-actualites","8":"tag-actualites","9":"tag-fr","10":"tag-france","11":"tag-news","12":"tag-sports","13":"tag-tennis"},"share_on_mastodon":{"url":"https:\/\/pubeurope.com\/@fr\/115517651960947886","error":""},"_links":{"self":[{"href":"https:\/\/www.europesays.com\/fr\/wp-json\/wp\/v2\/posts\/521916","targetHints":{"allow":["GET"]}}],"collection":[{"href":"https:\/\/www.europesays.com\/fr\/wp-json\/wp\/v2\/posts"}],"about":[{"href":"https:\/\/www.europesays.com\/fr\/wp-json\/wp\/v2\/types\/post"}],"author":[{"embeddable":true,"href":"https:\/\/www.europesays.com\/fr\/wp-json\/wp\/v2\/users\/2"}],"replies":[{"embeddable":true,"href":"https:\/\/www.europesays.com\/fr\/wp-json\/wp\/v2\/comments?post=521916"}],"version-history":[{"count":0,"href":"https:\/\/www.europesays.com\/fr\/wp-json\/wp\/v2\/posts\/521916\/revisions"}],"wp:featuredmedia":[{"embeddable":true,"href":"https:\/\/www.europesays.com\/fr\/wp-json\/wp\/v2\/media\/521917"}],"wp:attachment":[{"href":"https:\/\/www.europesays.com\/fr\/wp-json\/wp\/v2\/media?parent=521916"}],"wp:term":[{"taxonomy":"category","embeddable":true,"href":"https:\/\/www.europesays.com\/fr\/wp-json\/wp\/v2\/categories?post=521916"},{"taxonomy":"post_tag","embeddable":true,"href":"https:\/\/www.europesays.com\/fr\/wp-json\/wp\/v2\/tags?post=521916"}],"curies":[{"name":"wp","href":"https:\/\/api.w.org\/{rel}","templated":true}]}}