{"id":521918,"date":"2025-11-09T03:37:56","date_gmt":"2025-11-09T03:37:56","guid":{"rendered":"https:\/\/www.europesays.com\/fr\/521918\/"},"modified":"2025-11-09T03:37:56","modified_gmt":"2025-11-09T03:37:56","slug":"le-festival-les-oreilles-en-pointe-est-de-retour-pour-une-34eme-edition","status":"publish","type":"post","link":"https:\/\/www.europesays.com\/fr\/521918\/","title":{"rendered":"le festival Les Oreilles en Pointe est de retour pour une 34\u00e8me \u00e9dition"},"content":{"rendered":"<p><img decoding=\"async\" class=\"\" style=\"width:100%\" src=\"https:\/\/www.europesays.com\/fr\/wp-content\/uploads\/2025\/11\/091665382935791.jpg\" alt=\"ACTIV Showcase Roanne AD\u00c9 Charlie Winston\"\/><\/p>\n<p>ACTIV Showcase Roanne AD\u00c9 Charlie Winston<\/p>\n<p>Cr\u00e9dit : ACTIV Showcase Roanne AD\u00c9 Charlie Winston<\/p>\n<p>C\u2019est parti pour la 34\u00e8me \u00e9dition du festival de chansons \u00ab\u00a0Les Oreilles en Pointe\u00a0\u00bb qui est de retour jusqu\u2019au 16 novembre pour mettre en avant la musique en \u00ab\u00a0court-circuit\u00a0\u00bb. Parmi les t\u00eates d\u2019affiches, il y a notamment le chanteur et guitariste britannique Charlie Winston au Firmament \u00e0 Firminy (le mercredi 12 novembre) ou encore l&rsquo;artiste Dominique A. \u00e0 la Forge au Chambon-Feugerolles (le vendredi 7 novembre).\u00a0<\/p>\n<p>Ce jeudi soir, les festivit\u00e9s d\u00e9butent \u00e0 la salle Le Pax \u00e0 Saint-Etienne avec Yack, Cash Mis\u00e8re et Pytt. Retrouvez plus d&rsquo;informations sur <a href=\"https:\/\/www.oreillesenpointe.com\/\" rel=\"noopener nofollow\" target=\"_blank\">le site Internet du festival<\/a>.\u00a0<\/p>\n<p>\u00a0<\/p>\n<p>\u00a0<\/p>\n<p>\u00a0<\/p>\n","protected":false},"excerpt":{"rendered":"ACTIV Showcase Roanne AD\u00c9 Charlie Winston Cr\u00e9dit : ACTIV Showcase Roanne AD\u00c9 Charlie Winston C\u2019est parti pour la&hellip;\n","protected":false},"author":2,"featured_media":521919,"comment_status":"","ping_status":"","sticky":false,"template":"","format":"standard","meta":{"footnotes":""},"categories":[9653],"tags":[1111,11,2430,1777,674,849,1011,27,3367,873,12,64257,25,4001],"class_list":{"0":"post-521918","1":"post","2":"type-post","3":"status-publish","4":"format-standard","5":"has-post-thumbnail","7":"category-saint-etienne","8":"tag-actu","9":"tag-actualites","10":"tag-auvergne-rhone-alpes","11":"tag-eu","12":"tag-europe","13":"tag-festival","14":"tag-fr","15":"tag-france","16":"tag-loire","17":"tag-musique","18":"tag-news","19":"tag-ondaine","20":"tag-republique-francaise","21":"tag-saint-etienne"},"share_on_mastodon":{"url":"https:\/\/pubeurope.com\/@fr\/115517660421310498","error":""},"_links":{"self":[{"href":"https:\/\/www.europesays.com\/fr\/wp-json\/wp\/v2\/posts\/521918","targetHints":{"allow":["GET"]}}],"collection":[{"href":"https:\/\/www.europesays.com\/fr\/wp-json\/wp\/v2\/posts"}],"about":[{"href":"https:\/\/www.europesays.com\/fr\/wp-json\/wp\/v2\/types\/post"}],"author":[{"embeddable":true,"href":"https:\/\/www.europesays.com\/fr\/wp-json\/wp\/v2\/users\/2"}],"replies":[{"embeddable":true,"href":"https:\/\/www.europesays.com\/fr\/wp-json\/wp\/v2\/comments?post=521918"}],"version-history":[{"count":0,"href":"https:\/\/www.europesays.com\/fr\/wp-json\/wp\/v2\/posts\/521918\/revisions"}],"wp:featuredmedia":[{"embeddable":true,"href":"https:\/\/www.europesays.com\/fr\/wp-json\/wp\/v2\/media\/521919"}],"wp:attachment":[{"href":"https:\/\/www.europesays.com\/fr\/wp-json\/wp\/v2\/media?parent=521918"}],"wp:term":[{"taxonomy":"category","embeddable":true,"href":"https:\/\/www.europesays.com\/fr\/wp-json\/wp\/v2\/categories?post=521918"},{"taxonomy":"post_tag","embeddable":true,"href":"https:\/\/www.europesays.com\/fr\/wp-json\/wp\/v2\/tags?post=521918"}],"curies":[{"name":"wp","href":"https:\/\/api.w.org\/{rel}","templated":true}]}}