{"id":521921,"date":"2025-11-09T03:42:37","date_gmt":"2025-11-09T03:42:37","guid":{"rendered":"https:\/\/www.europesays.com\/fr\/521921\/"},"modified":"2025-11-09T03:42:37","modified_gmt":"2025-11-09T03:42:37","slug":"meuse-pour-un-coup-de-pub-une-locomotive-historique-fait-le-trajet-de-bar-le-duc-a-nancy","status":"publish","type":"post","link":"https:\/\/www.europesays.com\/fr\/521921\/","title":{"rendered":"Meuse. Pour un coup de pub, une locomotive historique fait le trajet de Bar-le-Duc \u00e0 Nancy"},"content":{"rendered":"<p>La Suzanne s\u2019est mise \u00e0 avancer doucement. Pouss\u00e9e par un locotracteur, elle est mont\u00e9e sur le porte-char. Petite contrari\u00e9t\u00e9 au tout dernier moment, le chasse-pierre l\u2019emp\u00eachait de bien se positionner sur le ch\u00e2ssis.<\/p>\n<p>La man\u0153uvre entreprise <a href=\"https:\/\/www.estrepublicain.fr\/culture-loisirs\/2025\/07\/14\/a-bar-le-duc-embarquement-a-bord-de-la-suzanne-pour-un-voyage-hors-du-commun-en-train\" target=\"_blank\" rel=\"nofollow noopener\">par les b\u00e9n\u00e9voles du CFHVS (Chemin de fer historique de la Voie sacr\u00e9e)<\/a> s\u2019\u00e9tait jusque-l\u00e0 parfaitement d\u00e9roul\u00e9e. En moins d\u2019une heure, ce vendredi matin, ils avaient r\u00e9ussi \u00e0 installer des rails pour prolonger la voie jusque sur la remorque du camion mis \u00e0 disposition par Fourchard, l\u2019entreprise barisienne de travaux ferroviaires.<\/p>\n<p>Mais l\u00e0, il restait quelques centim\u00e8tres \u00e0 accomplir. Il fallait d\u00e9boulonner l\u2019\u00e9l\u00e9ment probl\u00e9matique. Nouveau souci, avec deux boulons r\u00e9calcitrants qu\u2019il a \u00e9t\u00e9 n\u00e9cessaire de d\u00e9couper \u00e0 l\u2019aide d\u2019une disqueuse.<\/p>\n<p>  Guid\u00e9e par la police<\/p>\n<p>Mission accomplie, il \u00e9tait peu apr\u00e8s 11\u00a0h quand l\u2019historique loco barisienne a pu \u00eatre parfaitement arrim\u00e9e. Et le porte-char a pu d\u00e9marrer, l\u2019emportant.<\/p>\n<p>Apr\u00e8s un week-end pass\u00e9 au d\u00e9p\u00f4t de Fourchard, elle sera achemin\u00e9e \u00e0 Nancy t\u00f4t lundi matin. La police municipale attendra \u00ab\u00a0le convoi\u00a0\u00bb en entr\u00e9e de ville pour le guider jusqu\u2019\u00e0 la place Carnot, en plein centre-ville, o\u00f9 la Suzanne sera expos\u00e9e durant deux jours, les lundi\u00a010 et mardi 11\u00a0novembre.<\/p>\n<p><a href=\"https:\/\/www.estrepublicain.fr\/culture-loisirs\/2025\/04\/10\/la-suzanne-l-historique-locomotive-barisienne-va-se-montrer-a-nancy-l-automne-prochain\" target=\"_blank\" rel=\"nofollow noopener\">Elle va ainsi s\u2019offrir un bon coup de pub<\/a>. \u00ab\u00a0Notre objectif, c\u2019est de toucher les Nanc\u00e9iens, une client\u00e8le qui nous \u00e9chappe\u00a0\u00bb, explique Jean-Marie Demangeon, le pr\u00e9sident du CFHVS.<\/p>\n<p>Ce n\u2019\u00e9tait pourtant pas l\u2019op\u00e9ration imagin\u00e9e au d\u00e9part. \u00ab\u00a0On avait parl\u00e9 d\u2019une campagne d\u2019affichage 4&#215;3. Mais quand j\u2019ai su le co\u00fbt pour une seule semaine, j\u2019ai l\u00e2ch\u00e9 qu\u2019\u00e0 ce prix-l\u00e0, je pr\u00e9f\u00e9rerais \u00eatre sur la <a href=\"https:\/\/www.estrepublicain.fr\/p\/place-stanislas\" target=\"_blank\" rel=\"nofollow noopener\">place Stanislas<\/a>.\u00a0\u00bb<\/p>\n<p>  Une grosse logistique<\/p>\n<p>Jean-Marie Demangeon n\u2019imaginait pas que Beata Falger-Strachota, la directrice de l\u2019office de tourisme Sud Meuse, le prendrait mot. Par l\u2019entremise du consul de Pologne, qu\u2019elle conna\u00eet, la mairie de Nancy a dit OK pour accueillir la Suzanne.<\/p>\n<p><a href=\"https:\/\/www.estrepublicain.fr\/economie\/2022\/12\/29\/visiter-nancy-le-temps-d-un-week-end-les-10-lieux-a-voir\" target=\"_blank\" rel=\"nofollow noopener\">Pas place Stan comme \u00e7\u2019avait \u00e9t\u00e9 lanc\u00e9<\/a> , la place Carnot, c\u2019est d\u00e9j\u00e0 tr\u00e8s bien.<\/p>\n<p>\u00ab\u00a0J\u2019avais esp\u00e9r\u00e9 que \u00e7a pourrait se faire au printemps, Nancy souhaitait que \u00e7a soit pour le 11-Novembre\u00a0\u00bb, rapporte Jean-Marie Demangeon.<\/p>\n<p>Pour le CFHVS, il s\u2019agit d\u2019une op\u00e9ration tr\u00e8s lourde au plan logistique. Outre le d\u00e9placement de sa loco, l\u2019association a lou\u00e9 deux barnums pour exposer du mat\u00e9riel provenant de la Baraque Adrian, son espace mus\u00e9ographique. Elyne et Luna, ses deux guides conf\u00e9renci\u00e8res, y accueilleront le public durant les deux jours, notamment des \u00e9coliers le premier.<\/p>\n<p>Apr\u00e8s quoi, la Suzanne reviendra\u2026 comme elle \u00e9tait venue.<\/p>\n<p class=\"note\">Plus de photos sur www.estrepublicain.fr<\/p>\n<p class=\"insetTitle\">Attendue en baie de Somme pour la F\u00eate de la vapeur en 2026<\/p>\n<p>C\u2019est mercredi que le porte-char ram\u00e8nera la Suzanne \u00e0 Bar-le-Duc. Ensuite\u00a0? Celle-ci devrait circuler lors du train de No\u00ebl du CFHVS (Chemin de fer historique de la Voie sacr\u00e9e).<\/p>\n<p>Le d\u00e9marrage de la prochaine saison, initialement pr\u00e9vu d\u00e9but mai, sera d\u00e9cal\u00e9 d\u2019une semaine. La raison\u00a0? Apr\u00e8s Nancy, la Suzanne va de nouveau quitter Bar-le-Duc pour participer \u00e0 la F\u00eate de la vapeur en baie de Somme le dernier week-end d\u2019avril\u00a02026. \u00ab\u00a0\u00c7a fait trois ans que les organisateurs me la r\u00e9clament\u00a0\u00bb, souffle Jean-Marie Demangeon, pr\u00e9sident du CFHVS, qui s\u2019est laiss\u00e9 convaincre apr\u00e8s s\u2019\u00eatre montr\u00e9 r\u00e9ticent, craignant que la loco subisse quelques dommages dans un si long transport.<\/p>\n<p class=\"insetSignature\">F.-X.\u00a0G.<\/p>\n","protected":false},"excerpt":{"rendered":"La Suzanne s\u2019est mise \u00e0 avancer doucement. Pouss\u00e9e par un locotracteur, elle est mont\u00e9e sur le porte-char. Petite&hellip;\n","protected":false},"author":2,"featured_media":521922,"comment_status":"","ping_status":"","sticky":false,"template":"","format":"standard","meta":{"footnotes":""},"categories":[9635],"tags":[1111,11,3600,3601,1687,3602,1704,1705,1777,674,1011,27,775,1702,12,2661,25,104,2803,133,1631],"class_list":{"0":"post-521921","1":"post","2":"type-post","3":"status-publish","4":"format-standard","5":"has-post-thumbnail","7":"category-nancy","8":"tag-actu","9":"tag-actualites","10":"tag-bar-le-duc","11":"tag-bar-le-duc-ville-55a","12":"tag-culture-loisirs","13":"tag-edition-bar-le-duc","14":"tag-edition-nancy-et-agglomeration","15":"tag-edition-toul","16":"tag-eu","17":"tag-europe","18":"tag-fr","19":"tag-france","20":"tag-grand-est","21":"tag-nancy","22":"tag-news","23":"tag-patrimoine-culturel","24":"tag-republique-francaise","25":"tag-societe","26":"tag-transport","27":"tag-video","28":"tag-vie-associative"},"share_on_mastodon":{"url":"https:\/\/pubeurope.com\/@fr\/115517675499462248","error":""},"_links":{"self":[{"href":"https:\/\/www.europesays.com\/fr\/wp-json\/wp\/v2\/posts\/521921","targetHints":{"allow":["GET"]}}],"collection":[{"href":"https:\/\/www.europesays.com\/fr\/wp-json\/wp\/v2\/posts"}],"about":[{"href":"https:\/\/www.europesays.com\/fr\/wp-json\/wp\/v2\/types\/post"}],"author":[{"embeddable":true,"href":"https:\/\/www.europesays.com\/fr\/wp-json\/wp\/v2\/users\/2"}],"replies":[{"embeddable":true,"href":"https:\/\/www.europesays.com\/fr\/wp-json\/wp\/v2\/comments?post=521921"}],"version-history":[{"count":0,"href":"https:\/\/www.europesays.com\/fr\/wp-json\/wp\/v2\/posts\/521921\/revisions"}],"wp:featuredmedia":[{"embeddable":true,"href":"https:\/\/www.europesays.com\/fr\/wp-json\/wp\/v2\/media\/521922"}],"wp:attachment":[{"href":"https:\/\/www.europesays.com\/fr\/wp-json\/wp\/v2\/media?parent=521921"}],"wp:term":[{"taxonomy":"category","embeddable":true,"href":"https:\/\/www.europesays.com\/fr\/wp-json\/wp\/v2\/categories?post=521921"},{"taxonomy":"post_tag","embeddable":true,"href":"https:\/\/www.europesays.com\/fr\/wp-json\/wp\/v2\/tags?post=521921"}],"curies":[{"name":"wp","href":"https:\/\/api.w.org\/{rel}","templated":true}]}}