{"id":521923,"date":"2025-11-09T03:44:20","date_gmt":"2025-11-09T03:44:20","guid":{"rendered":"https:\/\/www.europesays.com\/fr\/521923\/"},"modified":"2025-11-09T03:44:20","modified_gmt":"2025-11-09T03:44:20","slug":"sans-pitie-contre-la-rochelle-toulon-rejoint-toulouse-en-tete-3","status":"publish","type":"post","link":"https:\/\/www.europesays.com\/fr\/521923\/","title":{"rendered":"sans piti\u00e9 contre La Rochelle, Toulon rejoint Toulouse en t\u00eate"},"content":{"rendered":"<p>Report\u00e9 en raison du d\u00e9luge qui s&rsquo;abattait sur le Var fin septembre, le match en retard de la 3e journ\u00e9e de Top 14 opposant Toulon \u00e0 La Rochelle a tourn\u00e9 en faveur du RCT (39-14) ce samedi \u00e0 Mayol.<\/p>\n<p>Avant de voir les retrouvailles entre le <a href=\"https:\/\/www.dna.fr\/sport\/2025\/11\/08\/ingeniosite-et-roublardise-face-a-l-afrique-du-sud-les-bleus-veulent-eviter-les-mauvaises-surprises\" target=\"_blank\" rel=\"nofollow noopener\">XV de France et l&rsquo;Afrique du Sud<\/a> au Stade de France (21h10), les Toulonnais n&rsquo;ont fait qu&rsquo;une bouch\u00e9e des Rochelais, notamment gr\u00e2ce \u00e0 un doubl\u00e9 de Melvyn Jaminet. Gr\u00e2ce au point de bonus offensif s\u00e9curis\u00e9 en d\u00e9but de seconde p\u00e9riode, se retrouvent \u00e0 la deuxi\u00e8me place, \u00e0 \u00e9galit\u00e9 de points avec le leader toulousain.<\/p>\n<p>Les hommes de <a href=\"https:\/\/www.dna.fr\/p\/pierre-mignoni\" target=\"_blank\" rel=\"nofollow noopener\">Pierre Mignoni<\/a> ont parfaitement lanc\u00e9 leur rencontre gr\u00e2ce \u00e0 leur arri\u00e8re Melvyn Jaminet, pourtant incertain avant ce match. Le joueur a finalement pu d\u00e9buter apr\u00e8s son <a href=\"https:\/\/www.dna.fr\/sport\/2025\/10\/26\/top-14-toulouse-fait-encore-exploser-le-compteur-contre-toulon-et-reprend-la-tete\" target=\"_blank\" rel=\"nofollow noopener\">entorse \u00e0 un coude subie \u00e0 Toulouse<\/a> et c&rsquo;est bien lui qui a marqu\u00e9 le premier essai (8e).<\/p>\n<p>Impr\u00e9cis au pied, Jaminet voit double<\/p>\n<p>Malgr\u00e9 une impr\u00e9cision inhabituelle de sa part face aux poteaux, l&rsquo;arri\u00e8re aux 20 s\u00e9lections en \u00e9quipe de France s&rsquo;est montr\u00e9 inspir\u00e9 dans le jeu, \u00e0 l&rsquo;image de l&rsquo;ailier Mathis Fert\u00e9, auteur d&rsquo;un deuxi\u00e8me essai (20e).\u00a0<\/p>\n<p>Ce contenu est bloqu\u00e9 car vous n&rsquo;avez pas accept\u00e9 les cookies et autres traceurs.<\/p>\n<p>En cliquant sur \u00ab J\u2019accepte \u00bb, les cookies et autres traceurs seront d\u00e9pos\u00e9s et vous pourrez visualiser les contenus  (<a href=\"\" class=\"consentModule_policy\" target=\"_blank\" title=\"Consulter la politique de protection des donn\u00e9es du fournisseur\">plus d&rsquo;informations<\/a>).<\/p>\n<p>En cliquant sur \u00ab J\u2019accepte tous les cookies \u00bb, vous autorisez des d\u00e9p\u00f4ts de cookies et autres traceurs pour le stockage de vos donn\u00e9es sur nos sites et applications \u00e0 des fins de personnalisation et de ciblage publicitaire.<\/p>\n<p class=\"consentModule_secondaryText\">Vous gardez la possibilit\u00e9 de retirer votre consentement \u00e0 tout moment en consultant notre <a href=\"https:\/\/www.dna.fr\/protection-des-donnees\" target=\"_blank\" title=\"Consulter notre politique de protection des donn\u00e9es\" rel=\"nofollow noopener\">politique de protection des donn\u00e9es<\/a>. <br \/>&#13;<br \/>\n            <a href=\"https:\/\/www.dna.fr\/sport\/2025\/11\/08\/javascript:Didomi.notice.show()\" class=\"consentModule_cmp\" rel=\"nofollow noopener\" target=\"_blank\">G\u00e9rer mes choix<\/a>&#13;\n        <\/p>\n<p>&#13;<br \/>\n                        J&rsquo;accepte&#13;<br \/>\n            J&rsquo;accepte tous les cookies&#13;\n        <\/p>\n<p>Si les joueurs de Pierre Mignoni ont connu une baisse de r\u00e9gime en fin de premi\u00e8re p\u00e9riode, David Ribbans a finalement r\u00e9veill\u00e9 les siens apr\u00e8s la sir\u00e8ne (40e+1), bien suivi par Melvyn Jaminet, encore lui, auteur d&rsquo;un doubl\u00e9 au\u00a0retour des vestiaires (46e).\u00a0<\/p>\n<p>Les Rochelais sont parvenus \u00e0 faire craquer les Varois dans le dernier quart d&rsquo;heure mais ils ont montr\u00e9 bien trop de d\u00e9faillances contre une formation toulonnaise toujours intraitable \u00e0 domicile et invaincue en Top 14 au stade Mayol depuis le 15 juin 2024.<\/p>\n<p>La Rochelle de nouveau \u00e0 l&rsquo;arr\u00eat<\/p>\n<p>Apr\u00e8s ce succ\u00e8s bonifi\u00e9, le quatri\u00e8me d&rsquo;affil\u00e9e \u00e0 domicile, Toulon peut partir en vacances avec un nouveau statut de dauphin de Toulouse avant de pr\u00e9parer son match face au Stade fran\u00e7ais le dimanche 23 novembre.\u00a0<\/p>\n<p>La Rochelle, qui conna\u00eet un coup d&rsquo;arr\u00eat apr\u00e8s trois victoires de rang, sort du Top 6 au profit de son adversaire du jour et devra repartir de l&rsquo;avant devant son public face \u00e0 Castres le samedi 22 novembre.\u00a0<\/p>\n","protected":false},"excerpt":{"rendered":"Report\u00e9 en raison du d\u00e9luge qui s&rsquo;abattait sur le Var fin septembre, le match en retard de la&hellip;\n","protected":false},"author":2,"featured_media":521187,"comment_status":"","ping_status":"","sticky":false,"template":"","format":"standard","meta":{"footnotes":""},"categories":[9619],"tags":[1111,11,1777,674,107,1011,27,12,882,25,479,517,1947,2310],"class_list":{"0":"post-521923","1":"post","2":"type-post","3":"status-publish","4":"format-standard","5":"has-post-thumbnail","7":"category-toulon","8":"tag-actu","9":"tag-actualites","10":"tag-eu","11":"tag-europe","12":"tag-fil-info","13":"tag-fr","14":"tag-france","15":"tag-news","16":"tag-provence-alpes-cote-dazur","17":"tag-republique-francaise","18":"tag-rugby","19":"tag-sport","20":"tag-sport-national","21":"tag-toulon"},"share_on_mastodon":{"url":"https:\/\/pubeurope.com\/@fr\/115517683336787349","error":""},"_links":{"self":[{"href":"https:\/\/www.europesays.com\/fr\/wp-json\/wp\/v2\/posts\/521923","targetHints":{"allow":["GET"]}}],"collection":[{"href":"https:\/\/www.europesays.com\/fr\/wp-json\/wp\/v2\/posts"}],"about":[{"href":"https:\/\/www.europesays.com\/fr\/wp-json\/wp\/v2\/types\/post"}],"author":[{"embeddable":true,"href":"https:\/\/www.europesays.com\/fr\/wp-json\/wp\/v2\/users\/2"}],"replies":[{"embeddable":true,"href":"https:\/\/www.europesays.com\/fr\/wp-json\/wp\/v2\/comments?post=521923"}],"version-history":[{"count":0,"href":"https:\/\/www.europesays.com\/fr\/wp-json\/wp\/v2\/posts\/521923\/revisions"}],"wp:featuredmedia":[{"embeddable":true,"href":"https:\/\/www.europesays.com\/fr\/wp-json\/wp\/v2\/media\/521187"}],"wp:attachment":[{"href":"https:\/\/www.europesays.com\/fr\/wp-json\/wp\/v2\/media?parent=521923"}],"wp:term":[{"taxonomy":"category","embeddable":true,"href":"https:\/\/www.europesays.com\/fr\/wp-json\/wp\/v2\/categories?post=521923"},{"taxonomy":"post_tag","embeddable":true,"href":"https:\/\/www.europesays.com\/fr\/wp-json\/wp\/v2\/tags?post=521923"}],"curies":[{"name":"wp","href":"https:\/\/api.w.org\/{rel}","templated":true}]}}